{"id":1023,"date":"2017-05-17T09:59:50","date_gmt":"2017-05-17T07:59:50","guid":{"rendered":"http:\/\/davidperezalonso.com\/blog\/?p=1023"},"modified":"2017-05-17T10:06:16","modified_gmt":"2017-05-17T08:06:16","slug":"acto-empoderamiento-digital-para-personas-mayores-ayuntamiento-de-madrid","status":"publish","type":"post","link":"https:\/\/davidperezalonso.com\/blog\/acto-empoderamiento-digital-para-personas-mayores-ayuntamiento-de-madrid\/","title":{"rendered":"Acto Empoderamiento digital para personas mayores &#8211; Ayuntamiento de Madrid"},"content":{"rendered":"<p>El martes 16 de mayo, coincidiendo con las celebraciones del <strong>D\u00eda de Internet<\/strong>, particip\u00e9 junto a varios de mis alumnos de 1\u00ba de DAMP: <strong>Sergio Redondo<\/strong> y <strong>Carlos Rodr\u00edguez<\/strong>, en un acto sobre el <strong>Empoderamiento digital de las personas mayores<\/strong> en el Centro Cultural de La Vaguada.<\/p>\n<p>&nbsp;<\/p>\n<p>Conocimos todas las acciones relacionadas con la formaci\u00f3n que se est\u00e1n llevando a cabo en las aulas digitales por parte del Ayuntamiento de Madrid: <a href=\"http:\/\/informaticamadridmayor.es\/\" target=\"_blank\" rel=\"noopener noreferrer\"><strong>Inform\u00e1tica Madrid Mayor<\/strong><\/a>, particip\u00e9 en la mesa redonda junto a <strong>Miguel P\u00e9rez<\/strong> (presidente de la <a href=\"http:\/\/aui.es\/\" target=\"_blank\" rel=\"noopener noreferrer\">Asociaci\u00f3n de Usuarios de Internet<\/a>) y <strong>\u00d3scar Hormigos<\/strong> (App Date), en el que quer\u00edamos animar a las personas mayores al uso de las tecnolog\u00edas, a conocer las Apps que le pueden ser \u00fatiles y a que perdieran el miedo. Habl\u00e9 tambi\u00e9n de c\u00f3mo en U-tad concienciamos y trabajamos con los alumnos para hacer contenidos y productos digitales accesibles. Aqu\u00ed un breve v\u00eddeo que me hicieron (\u00a1gracias!) cuando hablaba de los principios del dise\u00f1o universal y la accesibilidad.<\/p>\n<p>&nbsp;<\/p>\n<blockquote class=\"twitter-tweet\" data-lang=\"es\">\n<p dir=\"ltr\" lang=\"es\">\u00abCuando dise\u00f1as un producto digital est\u00e1s pensando en todas las personas\u00bb, comenta <a href=\"https:\/\/twitter.com\/DavidPerezProfe\">@DavidPerezProfe<\/a> en C.Cultural <a href=\"https:\/\/twitter.com\/hashtag\/VAguada?src=hash\">#VAguada<\/a> <a href=\"https:\/\/twitter.com\/hashtag\/D%C3%ADaDeInternet?src=hash\">#D\u00edaDeInternet<\/a> <a href=\"https:\/\/t.co\/qWxyTWgTjw\">pic.twitter.com\/qWxyTWgTjw<\/a><\/p>\n<p>\u2014 Trinity (@TrinityMadrid) <a href=\"https:\/\/twitter.com\/TrinityMadrid\/status\/864517805131091969\">16 de mayo de 2017<\/a><\/p><\/blockquote>\n<p><script async src=\"\/\/platform.twitter.com\/widgets.js\" charset=\"utf-8\"><\/script><\/p>\n<p>Una de las preocupaciones que nos mostraron fue la de la seguridad y los peligros de Internet, que no pudimos abordar y estar\u00eda fenomenal organizar alg\u00fan monogr\u00e1fico sobre ello.<\/p>\n<p>En la segunda parte del acto los alumnos hablaron de las Apps que han inclu\u00eddo en una <a href=\"http:\/\/informaticamadridmayor.es\/theme\/bcu\/documents\/guia-app-para-mayores.pdf\" target=\"_blank\" rel=\"noopener noreferrer\">gu\u00eda de Apps pensando en las personas mayores<\/a> que les pueden ser muy \u00fatiles.<\/p>\n<p>&nbsp;<\/p>\n<blockquote class=\"twitter-tweet\" data-lang=\"es\">\n<p dir=\"ltr\" lang=\"es\">Ahora est\u00e1n <a href=\"https:\/\/twitter.com\/carlosscharlyy\">@carlosscharlyy<\/a> y <a href=\"https:\/\/twitter.com\/SergiooRedo\">@SergiooRedo<\/a> <a href=\"https:\/\/twitter.com\/hashtag\/AlumnosU_tad?src=hash\">#AlumnosU_tad<\/a> hablando de sus <a href=\"https:\/\/twitter.com\/hashtag\/apps?src=hash\">#apps<\/a> y uso de tecnolog\u00edas <a href=\"https:\/\/t.co\/FYknKdh8Fp\">pic.twitter.com\/FYknKdh8Fp<\/a><\/p>\n<p>\u2014 David Perez Profe (@DavidPerezProfe) <a href=\"https:\/\/twitter.com\/DavidPerezProfe\/status\/864432605978128384\">16 de mayo de 2017<\/a><\/p><\/blockquote>\n<p><script async src=\"\/\/platform.twitter.com\/widgets.js\" charset=\"utf-8\"><\/script><br \/>\nEspero poder participar en eventos similares en el futuro porque francamente merecieron la pena. Gracias a \u00a0a <a href=\"http:\/\/arje.es\/\" target=\"_blank\" rel=\"noopener noreferrer\">Arje<\/a> por contar con U-tad y por supuesto a mi compi Natalia Rasc\u00f3n, que lo coordin\u00f3 todo estupendamente.<\/p>\n","protected":false},"excerpt":{"rendered":"<p>El martes 16 de mayo, coincidiendo con las celebraciones del D\u00eda de Internet, particip\u00e9 junto a varios de mis alumnos de 1\u00ba de DAMP: Sergio Redondo y Carlos Rodr\u00edguez, en un acto sobre el&#46;&#46;&#46;<\/p>\n","protected":false},"author":29,"featured_media":1025,"comment_status":"open","ping_status":"closed","sticky":false,"template":"","format":"standard","meta":{"footnotes":""},"categories":[325,253,303],"tags":[333,274,198,331,85],"class_list":["post-1023","post","type-post","status-publish","format-standard","has-post-thumbnail","hentry","category-otros","category-utad","category-visitas","tag-diadeinternet","tag-accesibilidad","tag-app","tag-ayuntamiento-de-madrid","tag-charla-expertos"],"yoast_head":"<!-- This site is optimized with the Yoast SEO plugin v27.0 - https:\/\/yoast.com\/product\/yoast-seo-wordpress\/ -->\n<title>Acto Empoderamiento digital para personas mayores - Ayuntamiento de Madrid &#8211; Blog Docente - David P\u00e9rez Alonso<\/title>\n<meta name=\"robots\" content=\"index, follow, max-snippet:-1, max-image-preview:large, max-video-preview:-1\" \/>\n<link rel=\"canonical\" href=\"https:\/\/davidperezalonso.com\/blog\/acto-empoderamiento-digital-para-personas-mayores-ayuntamiento-de-madrid\/\" \/>\n<meta property=\"og:locale\" content=\"es_ES\" \/>\n<meta property=\"og:type\" content=\"article\" \/>\n<meta property=\"og:title\" content=\"Acto Empoderamiento digital para personas mayores - Ayuntamiento de Madrid &#8211; Blog Docente - David P\u00e9rez Alonso\" \/>\n<meta property=\"og:description\" content=\"El martes 16 de mayo, coincidiendo con las celebraciones del D\u00eda de Internet, particip\u00e9 junto a varios de mis alumnos de 1\u00ba de DAMP: Sergio Redondo y Carlos Rodr\u00edguez, en un acto sobre el&#046;&#046;&#046;\" \/>\n<meta property=\"og:url\" content=\"https:\/\/davidperezalonso.com\/blog\/acto-empoderamiento-digital-para-personas-mayores-ayuntamiento-de-madrid\/\" \/>\n<meta property=\"og:site_name\" content=\"Blog Docente - David P\u00e9rez Alonso\" \/>\n<meta property=\"article:published_time\" content=\"2017-05-17T07:59:50+00:00\" \/>\n<meta property=\"article:modified_time\" content=\"2017-05-17T08:06:16+00:00\" \/>\n<meta property=\"og:image\" content=\"https:\/\/davidperezalonso.com\/blog\/wp-content\/uploads\/2017\/05\/C_8MCfrVoAA4Lvp.jpg\" \/>\n\t<meta property=\"og:image:width\" content=\"1600\" \/>\n\t<meta property=\"og:image:height\" content=\"960\" \/>\n\t<meta property=\"og:image:type\" content=\"image\/jpeg\" \/>\n<meta name=\"author\" content=\"David Perez Alonso\" \/>\n<meta name=\"twitter:card\" content=\"summary_large_image\" \/>\n<meta name=\"twitter:creator\" content=\"@DavidPerezProfe\" \/>\n<meta name=\"twitter:site\" content=\"@DavidPerezProfe\" \/>\n<meta name=\"twitter:label1\" content=\"Escrito por\" \/>\n\t<meta name=\"twitter:data1\" content=\"David Perez Alonso\" \/>\n\t<meta name=\"twitter:label2\" content=\"Tiempo de lectura\" \/>\n\t<meta name=\"twitter:data2\" content=\"2 minutos\" \/>\n<script type=\"application\/ld+json\" class=\"yoast-schema-graph\">{\"@context\":\"https:\/\/schema.org\",\"@graph\":[{\"@type\":\"Article\",\"@id\":\"https:\/\/davidperezalonso.com\/blog\/acto-empoderamiento-digital-para-personas-mayores-ayuntamiento-de-madrid\/#article\",\"isPartOf\":{\"@id\":\"https:\/\/davidperezalonso.com\/blog\/acto-empoderamiento-digital-para-personas-mayores-ayuntamiento-de-madrid\/\"},\"author\":{\"name\":\"David Perez Alonso\",\"@id\":\"https:\/\/davidperezalonso.com\/blog\/#\/schema\/person\/9871d464f81e9a10fb75db28db0a775e\"},\"headline\":\"Acto Empoderamiento digital para personas mayores &#8211; Ayuntamiento de Madrid\",\"datePublished\":\"2017-05-17T07:59:50+00:00\",\"dateModified\":\"2017-05-17T08:06:16+00:00\",\"mainEntityOfPage\":{\"@id\":\"https:\/\/davidperezalonso.com\/blog\/acto-empoderamiento-digital-para-personas-mayores-ayuntamiento-de-madrid\/\"},\"wordCount\":347,\"commentCount\":0,\"image\":{\"@id\":\"https:\/\/davidperezalonso.com\/blog\/acto-empoderamiento-digital-para-personas-mayores-ayuntamiento-de-madrid\/#primaryimage\"},\"thumbnailUrl\":\"https:\/\/davidperezalonso.com\/blog\/wp-content\/uploads\/2017\/05\/C_8MCfrVoAA4Lvp.jpg\",\"keywords\":[\"#D\u00edaDeInternet\",\"Accesibilidad\",\"App\",\"Ayuntamiento de Madrid\",\"charla expertos\"],\"articleSection\":[\"Otros\",\"UTad\",\"visitas\"],\"inLanguage\":\"es\",\"potentialAction\":[{\"@type\":\"CommentAction\",\"name\":\"Comment\",\"target\":[\"https:\/\/davidperezalonso.com\/blog\/acto-empoderamiento-digital-para-personas-mayores-ayuntamiento-de-madrid\/#respond\"]}]},{\"@type\":\"WebPage\",\"@id\":\"https:\/\/davidperezalonso.com\/blog\/acto-empoderamiento-digital-para-personas-mayores-ayuntamiento-de-madrid\/\",\"url\":\"https:\/\/davidperezalonso.com\/blog\/acto-empoderamiento-digital-para-personas-mayores-ayuntamiento-de-madrid\/\",\"name\":\"Acto Empoderamiento digital para personas mayores - Ayuntamiento de Madrid &#8211; Blog Docente - David P\u00e9rez Alonso\",\"isPartOf\":{\"@id\":\"https:\/\/davidperezalonso.com\/blog\/#website\"},\"primaryImageOfPage\":{\"@id\":\"https:\/\/davidperezalonso.com\/blog\/acto-empoderamiento-digital-para-personas-mayores-ayuntamiento-de-madrid\/#primaryimage\"},\"image\":{\"@id\":\"https:\/\/davidperezalonso.com\/blog\/acto-empoderamiento-digital-para-personas-mayores-ayuntamiento-de-madrid\/#primaryimage\"},\"thumbnailUrl\":\"https:\/\/davidperezalonso.com\/blog\/wp-content\/uploads\/2017\/05\/C_8MCfrVoAA4Lvp.jpg\",\"datePublished\":\"2017-05-17T07:59:50+00:00\",\"dateModified\":\"2017-05-17T08:06:16+00:00\",\"author\":{\"@id\":\"https:\/\/davidperezalonso.com\/blog\/#\/schema\/person\/9871d464f81e9a10fb75db28db0a775e\"},\"breadcrumb\":{\"@id\":\"https:\/\/davidperezalonso.com\/blog\/acto-empoderamiento-digital-para-personas-mayores-ayuntamiento-de-madrid\/#breadcrumb\"},\"inLanguage\":\"es\",\"potentialAction\":[{\"@type\":\"ReadAction\",\"target\":[\"https:\/\/davidperezalonso.com\/blog\/acto-empoderamiento-digital-para-personas-mayores-ayuntamiento-de-madrid\/\"]}]},{\"@type\":\"ImageObject\",\"inLanguage\":\"es\",\"@id\":\"https:\/\/davidperezalonso.com\/blog\/acto-empoderamiento-digital-para-personas-mayores-ayuntamiento-de-madrid\/#primaryimage\",\"url\":\"https:\/\/davidperezalonso.com\/blog\/wp-content\/uploads\/2017\/05\/C_8MCfrVoAA4Lvp.jpg\",\"contentUrl\":\"https:\/\/davidperezalonso.com\/blog\/wp-content\/uploads\/2017\/05\/C_8MCfrVoAA4Lvp.jpg\",\"width\":\"1600\",\"height\":\"960\"},{\"@type\":\"BreadcrumbList\",\"@id\":\"https:\/\/davidperezalonso.com\/blog\/acto-empoderamiento-digital-para-personas-mayores-ayuntamiento-de-madrid\/#breadcrumb\",\"itemListElement\":[{\"@type\":\"ListItem\",\"position\":1,\"name\":\"Portada\",\"item\":\"https:\/\/davidperezalonso.com\/blog\/\"},{\"@type\":\"ListItem\",\"position\":2,\"name\":\"Acto Empoderamiento digital para personas mayores &#8211; Ayuntamiento de Madrid\"}]},{\"@type\":\"WebSite\",\"@id\":\"https:\/\/davidperezalonso.com\/blog\/#website\",\"url\":\"https:\/\/davidperezalonso.com\/blog\/\",\"name\":\"Blog Docente - David P\u00e9rez Alonso\",\"description\":\"Blog sobre mis clases y docencia en Formaci\u00f3n Profesional, Bachillerato y ESO\",\"potentialAction\":[{\"@type\":\"SearchAction\",\"target\":{\"@type\":\"EntryPoint\",\"urlTemplate\":\"https:\/\/davidperezalonso.com\/blog\/?s={search_term_string}\"},\"query-input\":{\"@type\":\"PropertyValueSpecification\",\"valueRequired\":true,\"valueName\":\"search_term_string\"}}],\"inLanguage\":\"es\"},{\"@type\":\"Person\",\"@id\":\"https:\/\/davidperezalonso.com\/blog\/#\/schema\/person\/9871d464f81e9a10fb75db28db0a775e\",\"name\":\"David Perez Alonso\",\"image\":{\"@type\":\"ImageObject\",\"inLanguage\":\"es\",\"@id\":\"https:\/\/davidperezalonso.com\/blog\/#\/schema\/person\/image\/\",\"url\":\"https:\/\/secure.gravatar.com\/avatar\/44181eb9683be82a2c7885db85733fb4da2b1ebdeab76c61b4ba517c4bd6d93c?s=96&d=mm&r=g\",\"contentUrl\":\"https:\/\/secure.gravatar.com\/avatar\/44181eb9683be82a2c7885db85733fb4da2b1ebdeab76c61b4ba517c4bd6d93c?s=96&d=mm&r=g\",\"caption\":\"David Perez Alonso\"}}]}<\/script>\n<!-- \/ Yoast SEO plugin. -->","yoast_head_json":{"title":"Acto Empoderamiento digital para personas mayores - Ayuntamiento de Madrid &#8211; Blog Docente - David P\u00e9rez Alonso","robots":{"index":"index","follow":"follow","max-snippet":"max-snippet:-1","max-image-preview":"max-image-preview:large","max-video-preview":"max-video-preview:-1"},"canonical":"https:\/\/davidperezalonso.com\/blog\/acto-empoderamiento-digital-para-personas-mayores-ayuntamiento-de-madrid\/","og_locale":"es_ES","og_type":"article","og_title":"Acto Empoderamiento digital para personas mayores - Ayuntamiento de Madrid &#8211; Blog Docente - David P\u00e9rez Alonso","og_description":"El martes 16 de mayo, coincidiendo con las celebraciones del D\u00eda de Internet, particip\u00e9 junto a varios de mis alumnos de 1\u00ba de DAMP: Sergio Redondo y Carlos Rodr\u00edguez, en un acto sobre el&#46;&#46;&#46;","og_url":"https:\/\/davidperezalonso.com\/blog\/acto-empoderamiento-digital-para-personas-mayores-ayuntamiento-de-madrid\/","og_site_name":"Blog Docente - David P\u00e9rez Alonso","article_published_time":"2017-05-17T07:59:50+00:00","article_modified_time":"2017-05-17T08:06:16+00:00","og_image":[{"width":1600,"height":960,"url":"https:\/\/davidperezalonso.com\/blog\/wp-content\/uploads\/2017\/05\/C_8MCfrVoAA4Lvp.jpg","type":"image\/jpeg"}],"author":"David Perez Alonso","twitter_card":"summary_large_image","twitter_creator":"@DavidPerezProfe","twitter_site":"@DavidPerezProfe","twitter_misc":{"Escrito por":"David Perez Alonso","Tiempo de lectura":"2 minutos"},"schema":{"@context":"https:\/\/schema.org","@graph":[{"@type":"Article","@id":"https:\/\/davidperezalonso.com\/blog\/acto-empoderamiento-digital-para-personas-mayores-ayuntamiento-de-madrid\/#article","isPartOf":{"@id":"https:\/\/davidperezalonso.com\/blog\/acto-empoderamiento-digital-para-personas-mayores-ayuntamiento-de-madrid\/"},"author":{"name":"David Perez Alonso","@id":"https:\/\/davidperezalonso.com\/blog\/#\/schema\/person\/9871d464f81e9a10fb75db28db0a775e"},"headline":"Acto Empoderamiento digital para personas mayores &#8211; Ayuntamiento de Madrid","datePublished":"2017-05-17T07:59:50+00:00","dateModified":"2017-05-17T08:06:16+00:00","mainEntityOfPage":{"@id":"https:\/\/davidperezalonso.com\/blog\/acto-empoderamiento-digital-para-personas-mayores-ayuntamiento-de-madrid\/"},"wordCount":347,"commentCount":0,"image":{"@id":"https:\/\/davidperezalonso.com\/blog\/acto-empoderamiento-digital-para-personas-mayores-ayuntamiento-de-madrid\/#primaryimage"},"thumbnailUrl":"https:\/\/davidperezalonso.com\/blog\/wp-content\/uploads\/2017\/05\/C_8MCfrVoAA4Lvp.jpg","keywords":["#D\u00edaDeInternet","Accesibilidad","App","Ayuntamiento de Madrid","charla expertos"],"articleSection":["Otros","UTad","visitas"],"inLanguage":"es","potentialAction":[{"@type":"CommentAction","name":"Comment","target":["https:\/\/davidperezalonso.com\/blog\/acto-empoderamiento-digital-para-personas-mayores-ayuntamiento-de-madrid\/#respond"]}]},{"@type":"WebPage","@id":"https:\/\/davidperezalonso.com\/blog\/acto-empoderamiento-digital-para-personas-mayores-ayuntamiento-de-madrid\/","url":"https:\/\/davidperezalonso.com\/blog\/acto-empoderamiento-digital-para-personas-mayores-ayuntamiento-de-madrid\/","name":"Acto Empoderamiento digital para personas mayores - Ayuntamiento de Madrid &#8211; Blog Docente - David P\u00e9rez Alonso","isPartOf":{"@id":"https:\/\/davidperezalonso.com\/blog\/#website"},"primaryImageOfPage":{"@id":"https:\/\/davidperezalonso.com\/blog\/acto-empoderamiento-digital-para-personas-mayores-ayuntamiento-de-madrid\/#primaryimage"},"image":{"@id":"https:\/\/davidperezalonso.com\/blog\/acto-empoderamiento-digital-para-personas-mayores-ayuntamiento-de-madrid\/#primaryimage"},"thumbnailUrl":"https:\/\/davidperezalonso.com\/blog\/wp-content\/uploads\/2017\/05\/C_8MCfrVoAA4Lvp.jpg","datePublished":"2017-05-17T07:59:50+00:00","dateModified":"2017-05-17T08:06:16+00:00","author":{"@id":"https:\/\/davidperezalonso.com\/blog\/#\/schema\/person\/9871d464f81e9a10fb75db28db0a775e"},"breadcrumb":{"@id":"https:\/\/davidperezalonso.com\/blog\/acto-empoderamiento-digital-para-personas-mayores-ayuntamiento-de-madrid\/#breadcrumb"},"inLanguage":"es","potentialAction":[{"@type":"ReadAction","target":["https:\/\/davidperezalonso.com\/blog\/acto-empoderamiento-digital-para-personas-mayores-ayuntamiento-de-madrid\/"]}]},{"@type":"ImageObject","inLanguage":"es","@id":"https:\/\/davidperezalonso.com\/blog\/acto-empoderamiento-digital-para-personas-mayores-ayuntamiento-de-madrid\/#primaryimage","url":"https:\/\/davidperezalonso.com\/blog\/wp-content\/uploads\/2017\/05\/C_8MCfrVoAA4Lvp.jpg","contentUrl":"https:\/\/davidperezalonso.com\/blog\/wp-content\/uploads\/2017\/05\/C_8MCfrVoAA4Lvp.jpg","width":"1600","height":"960"},{"@type":"BreadcrumbList","@id":"https:\/\/davidperezalonso.com\/blog\/acto-empoderamiento-digital-para-personas-mayores-ayuntamiento-de-madrid\/#breadcrumb","itemListElement":[{"@type":"ListItem","position":1,"name":"Portada","item":"https:\/\/davidperezalonso.com\/blog\/"},{"@type":"ListItem","position":2,"name":"Acto Empoderamiento digital para personas mayores &#8211; Ayuntamiento de Madrid"}]},{"@type":"WebSite","@id":"https:\/\/davidperezalonso.com\/blog\/#website","url":"https:\/\/davidperezalonso.com\/blog\/","name":"Blog Docente - David P\u00e9rez Alonso","description":"Blog sobre mis clases y docencia en Formaci\u00f3n Profesional, Bachillerato y ESO","potentialAction":[{"@type":"SearchAction","target":{"@type":"EntryPoint","urlTemplate":"https:\/\/davidperezalonso.com\/blog\/?s={search_term_string}"},"query-input":{"@type":"PropertyValueSpecification","valueRequired":true,"valueName":"search_term_string"}}],"inLanguage":"es"},{"@type":"Person","@id":"https:\/\/davidperezalonso.com\/blog\/#\/schema\/person\/9871d464f81e9a10fb75db28db0a775e","name":"David Perez Alonso","image":{"@type":"ImageObject","inLanguage":"es","@id":"https:\/\/davidperezalonso.com\/blog\/#\/schema\/person\/image\/","url":"https:\/\/secure.gravatar.com\/avatar\/44181eb9683be82a2c7885db85733fb4da2b1ebdeab76c61b4ba517c4bd6d93c?s=96&d=mm&r=g","contentUrl":"https:\/\/secure.gravatar.com\/avatar\/44181eb9683be82a2c7885db85733fb4da2b1ebdeab76c61b4ba517c4bd6d93c?s=96&d=mm&r=g","caption":"David Perez Alonso"}}]}},"_links":{"self":[{"href":"https:\/\/davidperezalonso.com\/blog\/wp-json\/wp\/v2\/posts\/1023","targetHints":{"allow":["GET"]}}],"collection":[{"href":"https:\/\/davidperezalonso.com\/blog\/wp-json\/wp\/v2\/posts"}],"about":[{"href":"https:\/\/davidperezalonso.com\/blog\/wp-json\/wp\/v2\/types\/post"}],"author":[{"embeddable":true,"href":"https:\/\/davidperezalonso.com\/blog\/wp-json\/wp\/v2\/users\/29"}],"replies":[{"embeddable":true,"href":"https:\/\/davidperezalonso.com\/blog\/wp-json\/wp\/v2\/comments?post=1023"}],"version-history":[{"count":3,"href":"https:\/\/davidperezalonso.com\/blog\/wp-json\/wp\/v2\/posts\/1023\/revisions"}],"predecessor-version":[{"id":1027,"href":"https:\/\/davidperezalonso.com\/blog\/wp-json\/wp\/v2\/posts\/1023\/revisions\/1027"}],"wp:featuredmedia":[{"embeddable":true,"href":"https:\/\/davidperezalonso.com\/blog\/wp-json\/wp\/v2\/media\/1025"}],"wp:attachment":[{"href":"https:\/\/davidperezalonso.com\/blog\/wp-json\/wp\/v2\/media?parent=1023"}],"wp:term":[{"taxonomy":"category","embeddable":true,"href":"https:\/\/davidperezalonso.com\/blog\/wp-json\/wp\/v2\/categories?post=1023"},{"taxonomy":"post_tag","embeddable":true,"href":"https:\/\/davidperezalonso.com\/blog\/wp-json\/wp\/v2\/tags?post=1023"}],"curies":[{"name":"wp","href":"https:\/\/api.w.org\/{rel}","templated":true}]}}