{"id":1077,"date":"2017-07-07T12:21:10","date_gmt":"2017-07-07T10:21:10","guid":{"rendered":"http:\/\/davidperezalonso.com\/blog\/?p=1077"},"modified":"2017-07-07T12:21:10","modified_gmt":"2017-07-07T10:21:10","slug":"resumen-del-curso-16-17","status":"publish","type":"post","link":"https:\/\/davidperezalonso.com\/blog\/resumen-del-curso-16-17\/","title":{"rendered":"Resumen del curso 16-17"},"content":{"rendered":"<p>Aunque todav\u00eda nos queda una semana de ex\u00e1menes de convocatoria extraordinaria y completar actas de esa convocatoria para cierre del curso 16-17, no es mal momento para echar la vista atr\u00e1s al blog y a mi perfil de Twitter para rescatar algunos de los momentos de este primer curso en <strong>U-tad<\/strong> y as\u00ed dejar una entrada a modo de <strong>resumen del curso 16\/17<\/strong>.<\/p>\n<ul>\n<li>Puesta en marcha del <a href=\"http:\/\/davidperezalonso.com\/blog\/proyecto-propio-ts-desarrollo-aplicaciones-multiplataforma-damp-en-utad\/\" target=\"_blank\" rel=\"noopener\">proyecto propio <\/a><strong>TS Desarrollo de Aplicaciones Multiplataforma U-tad\u00a0<\/strong>(julio-septiembre 2016)<\/li>\n<li>Docencia en <strong>Desarrollo de Interfaces<\/strong> 2DAMP: Dise\u00f1o Web Responsive, UI, UX, Usabilidad, <a href=\"http:\/\/davidperezalonso.com\/blog\/un-poco-de-accesibilidad-en-desarrollo-de-interfaces\/\" target=\"_blank\" rel=\"noopener\">Accesibildiad<\/a>, etc. (T1)<\/li>\n<li>Asistencia a la <a href=\"http:\/\/davidperezalonso.com\/blog\/siemens-days\/\" target=\"_blank\" rel=\"noopener\">Siemens Days<\/a>\u00a0evento de formaci\u00f3n en IT (septiembre 2016)<\/li>\n<li><a href=\"http:\/\/davidperezalonso.com\/blog\/unete-a-los-meetups-del-area-de-ingenieria-de-u-tad\/\" target=\"_blank\" rel=\"noopener\">Dinamizaci\u00f3n <strong>Comunidad de Desarrolladores U-tad<\/strong><\/a>\u00a0(todo el curso)<\/li>\n<li>Coordinaci\u00f3n <a href=\"http:\/\/davidperezalonso.com\/blog\/u-tad-en-la-semanacienciamadrid\/\" target=\"_blank\" rel=\"noopener\">actividades <strong>Semana de la Ciencia 2016<\/strong> en U-tad\u00a0\u00a0<\/a>\u00a0(noviembre 2016)<\/li>\n<li><a href=\"http:\/\/davidperezalonso.com\/blog\/charlas-talleres-workshop-para-el-acercamiento-de-la-profesion-de-desarrollo-de-software-a-los-alumnos-u-tad\/\" target=\"_blank\" rel=\"noopener\">Organizaci\u00f3n de charlas, talleres, workshop para el acerecamiento de la profesi\u00f3n de desarrollo de software a los alumnos U-tad\u00a0<\/a>\u00a0(T2)<\/li>\n<li><a href=\"http:\/\/davidperezalonso.com\/blog\/madridskills-2016\/\" target=\"_blank\" rel=\"noopener\">Competici\u00f3n <strong>Madrid FPSkills 2016\u00a0\u00a0\u00a0<\/strong><\/a>\u00a0(diciembre 2016)<\/li>\n<li>Reactivaci\u00f3n del <strong><a href=\"https:\/\/www.u-tad.com\/u-tadlearning\/\" target=\"_blank\" rel=\"noopener\">Blog Docente Centro Profesional U-tad<\/a>\u00a0<\/strong><\/li>\n<li>Lanzamiento de <a href=\"https:\/\/www.u-tad.com\/u-tadlearning\/2017\/01\/24\/proyectos-de-aula-1o-damp-abp-aprendizajeservicio\/\" target=\"_blank\" rel=\"noopener\"><strong>proyectos de aula en 1DAMP<\/strong><\/a>: <a href=\"http:\/\/davidperezalonso.com\/blog\/aplicaciones-de-gestion-municipal-proyecto-aula-1o-damp\/\" target=\"_blank\" rel=\"noopener\">Aplicaciones de Gesti\u00f3n Municipal <\/a>y C\u00e1lculo de Huella Ecol\u00f3gica (T2 y T3)<\/li>\n<li><a href=\"http:\/\/davidperezalonso.com\/blog\/concurso-programame-fase-local-u-tad\/\" target=\"_blank\" rel=\"noopener\">Fase Local <strong>Programa-Me<\/strong> U-tad<\/a>\u00a0(enero 2017)<\/li>\n<li><a href=\"http:\/\/davidperezalonso.com\/blog\/t3chfest-2017\/\" target=\"_blank\" rel=\"noopener\">Asistencia al <strong>T3chFest<\/strong> <\/a>(febrero 2017)<\/li>\n<li>Clases de Refuerzo <strong>Programaci\u00f3n en Java<\/strong>\u00a0(T2)<\/li>\n<li><a href=\"https:\/\/twitter.com\/DavidPerezProfe\/status\/865843899033686016\" target=\"_blank\" rel=\"noopener\">Participaci\u00f3n en<strong> U-days<\/strong> y Jornada de Puertas abiertas<\/a> (T2-T3)<\/li>\n<li><a href=\"https:\/\/twitter.com\/DavidPerezProfe\/status\/865843899033686016\" target=\"_blank\" rel=\"noopener\">Impartici\u00f3n de talleres de programaci\u00f3n App Inventor, Scratch<\/a>, despertando vocaciones de programadores (T1-T2)<\/li>\n<li><a href=\"https:\/\/twitter.com\/DavidPerezProfe\/status\/865843899033686016\" target=\"_blank\" rel=\"noopener\">Asistencia a la <strong>Feria de Eduaci\u00f3n Aula<\/strong><\/a> (marzo 2017)<\/li>\n<li><a href=\"https:\/\/www.u-tad.com\/u-tadlearning\/2017\/03\/22\/el-equipo-de-alumnos-de-damp-ganadores-en-el-concurso-programame-2017-en-su-fase-regional\/\" target=\"_blank\" rel=\"noopener\">Concurso <strong>ProgramaMe 2017 Regional Madrid<\/strong> &#8211; \u00a1Ganadores! <\/a>(marzo 2017)<\/li>\n<li><a href=\"http:\/\/davidperezalonso.com\/blog\/taller-comparativa-de-metodologias-estancias-educativas-en-empresas\/\" target=\"_blank\" rel=\"noopener\">Taller comparativa de metodolog\u00edas en ingenier\u00eda<\/a> (abril 2017)<\/li>\n<li><a href=\"https:\/\/twitter.com\/DavidPerezProfe\/status\/865843899033686016\" target=\"_blank\" rel=\"noopener\">Sesi\u00f3n Formaci\u00f3n AWS #Awsoneday<\/a> (abril 2017)<\/li>\n<li><a href=\"https:\/\/www.u-tad.com\/u-tadlearning\/2017\/04\/27\/visita-a-tecnilogica-semana-marciana-2017\/\" target=\"_blank\" rel=\"noopener\">Visita a <strong>Tecnil\u00f3gica<\/strong>: Semana Marciana <\/a>(abril 2017)<\/li>\n<li>Docencia en <strong>Programaci\u00f3n<\/strong> 1DAMP (T3)<\/li>\n<li><a href=\"http:\/\/davidperezalonso.com\/blog\/concurso-digital-talent-local-torrijos\/\" target=\"_blank\" rel=\"noopener\">Concurso Digital Talent Local <\/a>&#8211; Sesiones de preparaci\u00f3n y <a href=\"http:\/\/davidperezalonso.com\/blog\/semana-juventud-torrijos-2017-taller-iniciacion-programacion-videojuegos-y-apps\/\" target=\"_blank\" rel=\"noopener\">talleres en Torrijos<\/a> (abril-mayo 2017)<\/li>\n<li><a href=\"https:\/\/twitter.com\/DavidPerezProfe\/status\/865843899033686016\" target=\"_blank\" rel=\"noopener\">Concurso de Programaci\u00f3n Algoritmos U-tad<\/a> (mayo 2017)<\/li>\n<li>Ponencia en <a href=\"http:\/\/davidperezalonso.com\/blog\/acto-empoderamiento-digital-para-personas-mayores-ayuntamiento-de-madrid\/\" target=\"_blank\" rel=\"noopener\">Acto de Empoderamiento digital para personas mayores del Ayuntamiento de Madrid <\/a>(mayo 2017)<\/li>\n<li><a href=\"https:\/\/www.u-tad.com\/u-tadlearning\/2017\/05\/23\/fase-nacional-final-concurso-programame-2017\/\" target=\"_blank\" rel=\"noopener\">Final Concurso <strong>ProgramaMe 2017<\/strong> &#8211; Fase Nacional <\/a>(mayo 2017)<\/li>\n<li><a href=\"https:\/\/www.u-tad.com\/u-tadlearning\/2017\/06\/27\/enhorabuena-promocion-2015-2017-ts-desarrollo-de-aplicaciones-multiplataforma\/\" target=\"_blank\" rel=\"noopener\">Graduaci\u00f3n 2DAMP<\/a> (junio 2017)<\/li>\n<\/ul>\n<p>Y bueno claro&#8230; otras cuantas cosas que no publico del d\u00eda a d\u00eda de un <strong>Coordinador Acad\u00e9mico<\/strong>, \u00bfqu\u00e9 de cosas eh? \u00a1\u00a1\u00a1Pues ya estamos dando forma a las del curso pr\u00f3ximo!!!!<\/p>\n<p>Gracias a los compis del Centro Profesional (Joaqu\u00edn y Gemma), a los profesores del Centro Profesional, todo el personal de U-tad, alumnos, etc, por hacerlo posible.<\/p>\n<p>&nbsp;<\/p>\n","protected":false},"excerpt":{"rendered":"<p>Aunque todav\u00eda nos queda una semana de ex\u00e1menes de convocatoria extraordinaria y completar actas de esa convocatoria para cierre del curso 16-17, no es mal momento para echar la vista atr\u00e1s al blog y&#46;&#46;&#46;<\/p>\n","protected":false},"author":29,"featured_media":1080,"comment_status":"open","ping_status":"closed","sticky":false,"template":"","format":"standard","meta":{"footnotes":""},"categories":[173,253],"tags":[72,341,339,340],"class_list":["post-1077","post","type-post","status-publish","format-standard","has-post-thumbnail","hentry","category-sobre-mi","category-utad","tag-fin-de-curso","tag-funciones","tag-resumen","tag-tareas"],"yoast_head":"<!-- This site is optimized with the Yoast SEO plugin v27.0 - https:\/\/yoast.com\/product\/yoast-seo-wordpress\/ -->\n<title>Resumen del curso 16-17 &#8211; Blog Docente - David P\u00e9rez Alonso<\/title>\n<meta name=\"robots\" content=\"index, follow, max-snippet:-1, max-image-preview:large, max-video-preview:-1\" \/>\n<link rel=\"canonical\" href=\"https:\/\/davidperezalonso.com\/blog\/resumen-del-curso-16-17\/\" \/>\n<meta property=\"og:locale\" content=\"es_ES\" \/>\n<meta property=\"og:type\" content=\"article\" \/>\n<meta property=\"og:title\" content=\"Resumen del curso 16-17 &#8211; Blog Docente - David P\u00e9rez Alonso\" \/>\n<meta property=\"og:description\" content=\"Aunque todav\u00eda nos queda una semana de ex\u00e1menes de convocatoria extraordinaria y completar actas de esa convocatoria para cierre del curso 16-17, no es mal momento para echar la vista atr\u00e1s al blog y&#046;&#046;&#046;\" \/>\n<meta property=\"og:url\" content=\"https:\/\/davidperezalonso.com\/blog\/resumen-del-curso-16-17\/\" \/>\n<meta property=\"og:site_name\" content=\"Blog Docente - David P\u00e9rez Alonso\" \/>\n<meta property=\"article:published_time\" content=\"2017-07-07T10:21:10+00:00\" \/>\n<meta property=\"og:image\" content=\"https:\/\/davidperezalonso.com\/blog\/wp-content\/uploads\/2017\/07\/CURSO-ONLINE.png\" \/>\n\t<meta property=\"og:image:width\" content=\"466\" \/>\n\t<meta property=\"og:image:height\" content=\"284\" \/>\n\t<meta property=\"og:image:type\" content=\"image\/png\" \/>\n<meta name=\"author\" content=\"David Perez Alonso\" \/>\n<meta name=\"twitter:card\" content=\"summary_large_image\" \/>\n<meta name=\"twitter:creator\" content=\"@DavidPerezProfe\" \/>\n<meta name=\"twitter:site\" content=\"@DavidPerezProfe\" \/>\n<meta name=\"twitter:label1\" content=\"Escrito por\" \/>\n\t<meta name=\"twitter:data1\" content=\"David Perez Alonso\" \/>\n\t<meta name=\"twitter:label2\" content=\"Tiempo de lectura\" \/>\n\t<meta name=\"twitter:data2\" content=\"2 minutos\" \/>\n<script type=\"application\/ld+json\" class=\"yoast-schema-graph\">{\"@context\":\"https:\/\/schema.org\",\"@graph\":[{\"@type\":\"Article\",\"@id\":\"https:\/\/davidperezalonso.com\/blog\/resumen-del-curso-16-17\/#article\",\"isPartOf\":{\"@id\":\"https:\/\/davidperezalonso.com\/blog\/resumen-del-curso-16-17\/\"},\"author\":{\"name\":\"David Perez Alonso\",\"@id\":\"https:\/\/davidperezalonso.com\/blog\/#\/schema\/person\/9871d464f81e9a10fb75db28db0a775e\"},\"headline\":\"Resumen del curso 16-17\",\"datePublished\":\"2017-07-07T10:21:10+00:00\",\"mainEntityOfPage\":{\"@id\":\"https:\/\/davidperezalonso.com\/blog\/resumen-del-curso-16-17\/\"},\"wordCount\":385,\"commentCount\":0,\"image\":{\"@id\":\"https:\/\/davidperezalonso.com\/blog\/resumen-del-curso-16-17\/#primaryimage\"},\"thumbnailUrl\":\"https:\/\/davidperezalonso.com\/blog\/wp-content\/uploads\/2017\/07\/CURSO-ONLINE.png\",\"keywords\":[\"fin de curso\",\"funciones\",\"resumen\",\"tareas\"],\"articleSection\":[\"Sobre mi\",\"UTad\"],\"inLanguage\":\"es\",\"potentialAction\":[{\"@type\":\"CommentAction\",\"name\":\"Comment\",\"target\":[\"https:\/\/davidperezalonso.com\/blog\/resumen-del-curso-16-17\/#respond\"]}]},{\"@type\":\"WebPage\",\"@id\":\"https:\/\/davidperezalonso.com\/blog\/resumen-del-curso-16-17\/\",\"url\":\"https:\/\/davidperezalonso.com\/blog\/resumen-del-curso-16-17\/\",\"name\":\"Resumen del curso 16-17 &#8211; Blog Docente - David P\u00e9rez Alonso\",\"isPartOf\":{\"@id\":\"https:\/\/davidperezalonso.com\/blog\/#website\"},\"primaryImageOfPage\":{\"@id\":\"https:\/\/davidperezalonso.com\/blog\/resumen-del-curso-16-17\/#primaryimage\"},\"image\":{\"@id\":\"https:\/\/davidperezalonso.com\/blog\/resumen-del-curso-16-17\/#primaryimage\"},\"thumbnailUrl\":\"https:\/\/davidperezalonso.com\/blog\/wp-content\/uploads\/2017\/07\/CURSO-ONLINE.png\",\"datePublished\":\"2017-07-07T10:21:10+00:00\",\"author\":{\"@id\":\"https:\/\/davidperezalonso.com\/blog\/#\/schema\/person\/9871d464f81e9a10fb75db28db0a775e\"},\"breadcrumb\":{\"@id\":\"https:\/\/davidperezalonso.com\/blog\/resumen-del-curso-16-17\/#breadcrumb\"},\"inLanguage\":\"es\",\"potentialAction\":[{\"@type\":\"ReadAction\",\"target\":[\"https:\/\/davidperezalonso.com\/blog\/resumen-del-curso-16-17\/\"]}]},{\"@type\":\"ImageObject\",\"inLanguage\":\"es\",\"@id\":\"https:\/\/davidperezalonso.com\/blog\/resumen-del-curso-16-17\/#primaryimage\",\"url\":\"https:\/\/davidperezalonso.com\/blog\/wp-content\/uploads\/2017\/07\/CURSO-ONLINE.png\",\"contentUrl\":\"https:\/\/davidperezalonso.com\/blog\/wp-content\/uploads\/2017\/07\/CURSO-ONLINE.png\",\"width\":466,\"height\":284},{\"@type\":\"BreadcrumbList\",\"@id\":\"https:\/\/davidperezalonso.com\/blog\/resumen-del-curso-16-17\/#breadcrumb\",\"itemListElement\":[{\"@type\":\"ListItem\",\"position\":1,\"name\":\"Portada\",\"item\":\"https:\/\/davidperezalonso.com\/blog\/\"},{\"@type\":\"ListItem\",\"position\":2,\"name\":\"Resumen del curso 16-17\"}]},{\"@type\":\"WebSite\",\"@id\":\"https:\/\/davidperezalonso.com\/blog\/#website\",\"url\":\"https:\/\/davidperezalonso.com\/blog\/\",\"name\":\"Blog Docente - David P\u00e9rez Alonso\",\"description\":\"Blog sobre mis clases y docencia en Formaci\u00f3n Profesional, Bachillerato y ESO\",\"potentialAction\":[{\"@type\":\"SearchAction\",\"target\":{\"@type\":\"EntryPoint\",\"urlTemplate\":\"https:\/\/davidperezalonso.com\/blog\/?s={search_term_string}\"},\"query-input\":{\"@type\":\"PropertyValueSpecification\",\"valueRequired\":true,\"valueName\":\"search_term_string\"}}],\"inLanguage\":\"es\"},{\"@type\":\"Person\",\"@id\":\"https:\/\/davidperezalonso.com\/blog\/#\/schema\/person\/9871d464f81e9a10fb75db28db0a775e\",\"name\":\"David Perez Alonso\",\"image\":{\"@type\":\"ImageObject\",\"inLanguage\":\"es\",\"@id\":\"https:\/\/davidperezalonso.com\/blog\/#\/schema\/person\/image\/\",\"url\":\"https:\/\/secure.gravatar.com\/avatar\/44181eb9683be82a2c7885db85733fb4da2b1ebdeab76c61b4ba517c4bd6d93c?s=96&d=mm&r=g\",\"contentUrl\":\"https:\/\/secure.gravatar.com\/avatar\/44181eb9683be82a2c7885db85733fb4da2b1ebdeab76c61b4ba517c4bd6d93c?s=96&d=mm&r=g\",\"caption\":\"David Perez Alonso\"}}]}<\/script>\n<!-- \/ Yoast SEO plugin. -->","yoast_head_json":{"title":"Resumen del curso 16-17 &#8211; Blog Docente - David P\u00e9rez Alonso","robots":{"index":"index","follow":"follow","max-snippet":"max-snippet:-1","max-image-preview":"max-image-preview:large","max-video-preview":"max-video-preview:-1"},"canonical":"https:\/\/davidperezalonso.com\/blog\/resumen-del-curso-16-17\/","og_locale":"es_ES","og_type":"article","og_title":"Resumen del curso 16-17 &#8211; Blog Docente - David P\u00e9rez Alonso","og_description":"Aunque todav\u00eda nos queda una semana de ex\u00e1menes de convocatoria extraordinaria y completar actas de esa convocatoria para cierre del curso 16-17, no es mal momento para echar la vista atr\u00e1s al blog y&#46;&#46;&#46;","og_url":"https:\/\/davidperezalonso.com\/blog\/resumen-del-curso-16-17\/","og_site_name":"Blog Docente - David P\u00e9rez Alonso","article_published_time":"2017-07-07T10:21:10+00:00","og_image":[{"width":466,"height":284,"url":"https:\/\/davidperezalonso.com\/blog\/wp-content\/uploads\/2017\/07\/CURSO-ONLINE.png","type":"image\/png"}],"author":"David Perez Alonso","twitter_card":"summary_large_image","twitter_creator":"@DavidPerezProfe","twitter_site":"@DavidPerezProfe","twitter_misc":{"Escrito por":"David Perez Alonso","Tiempo de lectura":"2 minutos"},"schema":{"@context":"https:\/\/schema.org","@graph":[{"@type":"Article","@id":"https:\/\/davidperezalonso.com\/blog\/resumen-del-curso-16-17\/#article","isPartOf":{"@id":"https:\/\/davidperezalonso.com\/blog\/resumen-del-curso-16-17\/"},"author":{"name":"David Perez Alonso","@id":"https:\/\/davidperezalonso.com\/blog\/#\/schema\/person\/9871d464f81e9a10fb75db28db0a775e"},"headline":"Resumen del curso 16-17","datePublished":"2017-07-07T10:21:10+00:00","mainEntityOfPage":{"@id":"https:\/\/davidperezalonso.com\/blog\/resumen-del-curso-16-17\/"},"wordCount":385,"commentCount":0,"image":{"@id":"https:\/\/davidperezalonso.com\/blog\/resumen-del-curso-16-17\/#primaryimage"},"thumbnailUrl":"https:\/\/davidperezalonso.com\/blog\/wp-content\/uploads\/2017\/07\/CURSO-ONLINE.png","keywords":["fin de curso","funciones","resumen","tareas"],"articleSection":["Sobre mi","UTad"],"inLanguage":"es","potentialAction":[{"@type":"CommentAction","name":"Comment","target":["https:\/\/davidperezalonso.com\/blog\/resumen-del-curso-16-17\/#respond"]}]},{"@type":"WebPage","@id":"https:\/\/davidperezalonso.com\/blog\/resumen-del-curso-16-17\/","url":"https:\/\/davidperezalonso.com\/blog\/resumen-del-curso-16-17\/","name":"Resumen del curso 16-17 &#8211; Blog Docente - David P\u00e9rez Alonso","isPartOf":{"@id":"https:\/\/davidperezalonso.com\/blog\/#website"},"primaryImageOfPage":{"@id":"https:\/\/davidperezalonso.com\/blog\/resumen-del-curso-16-17\/#primaryimage"},"image":{"@id":"https:\/\/davidperezalonso.com\/blog\/resumen-del-curso-16-17\/#primaryimage"},"thumbnailUrl":"https:\/\/davidperezalonso.com\/blog\/wp-content\/uploads\/2017\/07\/CURSO-ONLINE.png","datePublished":"2017-07-07T10:21:10+00:00","author":{"@id":"https:\/\/davidperezalonso.com\/blog\/#\/schema\/person\/9871d464f81e9a10fb75db28db0a775e"},"breadcrumb":{"@id":"https:\/\/davidperezalonso.com\/blog\/resumen-del-curso-16-17\/#breadcrumb"},"inLanguage":"es","potentialAction":[{"@type":"ReadAction","target":["https:\/\/davidperezalonso.com\/blog\/resumen-del-curso-16-17\/"]}]},{"@type":"ImageObject","inLanguage":"es","@id":"https:\/\/davidperezalonso.com\/blog\/resumen-del-curso-16-17\/#primaryimage","url":"https:\/\/davidperezalonso.com\/blog\/wp-content\/uploads\/2017\/07\/CURSO-ONLINE.png","contentUrl":"https:\/\/davidperezalonso.com\/blog\/wp-content\/uploads\/2017\/07\/CURSO-ONLINE.png","width":466,"height":284},{"@type":"BreadcrumbList","@id":"https:\/\/davidperezalonso.com\/blog\/resumen-del-curso-16-17\/#breadcrumb","itemListElement":[{"@type":"ListItem","position":1,"name":"Portada","item":"https:\/\/davidperezalonso.com\/blog\/"},{"@type":"ListItem","position":2,"name":"Resumen del curso 16-17"}]},{"@type":"WebSite","@id":"https:\/\/davidperezalonso.com\/blog\/#website","url":"https:\/\/davidperezalonso.com\/blog\/","name":"Blog Docente - David P\u00e9rez Alonso","description":"Blog sobre mis clases y docencia en Formaci\u00f3n Profesional, Bachillerato y ESO","potentialAction":[{"@type":"SearchAction","target":{"@type":"EntryPoint","urlTemplate":"https:\/\/davidperezalonso.com\/blog\/?s={search_term_string}"},"query-input":{"@type":"PropertyValueSpecification","valueRequired":true,"valueName":"search_term_string"}}],"inLanguage":"es"},{"@type":"Person","@id":"https:\/\/davidperezalonso.com\/blog\/#\/schema\/person\/9871d464f81e9a10fb75db28db0a775e","name":"David Perez Alonso","image":{"@type":"ImageObject","inLanguage":"es","@id":"https:\/\/davidperezalonso.com\/blog\/#\/schema\/person\/image\/","url":"https:\/\/secure.gravatar.com\/avatar\/44181eb9683be82a2c7885db85733fb4da2b1ebdeab76c61b4ba517c4bd6d93c?s=96&d=mm&r=g","contentUrl":"https:\/\/secure.gravatar.com\/avatar\/44181eb9683be82a2c7885db85733fb4da2b1ebdeab76c61b4ba517c4bd6d93c?s=96&d=mm&r=g","caption":"David Perez Alonso"}}]}},"_links":{"self":[{"href":"https:\/\/davidperezalonso.com\/blog\/wp-json\/wp\/v2\/posts\/1077","targetHints":{"allow":["GET"]}}],"collection":[{"href":"https:\/\/davidperezalonso.com\/blog\/wp-json\/wp\/v2\/posts"}],"about":[{"href":"https:\/\/davidperezalonso.com\/blog\/wp-json\/wp\/v2\/types\/post"}],"author":[{"embeddable":true,"href":"https:\/\/davidperezalonso.com\/blog\/wp-json\/wp\/v2\/users\/29"}],"replies":[{"embeddable":true,"href":"https:\/\/davidperezalonso.com\/blog\/wp-json\/wp\/v2\/comments?post=1077"}],"version-history":[{"count":3,"href":"https:\/\/davidperezalonso.com\/blog\/wp-json\/wp\/v2\/posts\/1077\/revisions"}],"predecessor-version":[{"id":1081,"href":"https:\/\/davidperezalonso.com\/blog\/wp-json\/wp\/v2\/posts\/1077\/revisions\/1081"}],"wp:featuredmedia":[{"embeddable":true,"href":"https:\/\/davidperezalonso.com\/blog\/wp-json\/wp\/v2\/media\/1080"}],"wp:attachment":[{"href":"https:\/\/davidperezalonso.com\/blog\/wp-json\/wp\/v2\/media?parent=1077"}],"wp:term":[{"taxonomy":"category","embeddable":true,"href":"https:\/\/davidperezalonso.com\/blog\/wp-json\/wp\/v2\/categories?post=1077"},{"taxonomy":"post_tag","embeddable":true,"href":"https:\/\/davidperezalonso.com\/blog\/wp-json\/wp\/v2\/tags?post=1077"}],"curies":[{"name":"wp","href":"https:\/\/api.w.org\/{rel}","templated":true}]}}