{"id":1148,"date":"2018-03-28T19:40:33","date_gmt":"2018-03-28T17:40:33","guid":{"rendered":"http:\/\/davidperezalonso.com\/blog\/?p=1148"},"modified":"2018-03-28T19:40:33","modified_gmt":"2018-03-28T17:40:33","slug":"regional-madrid-programa-me-2018","status":"publish","type":"post","link":"https:\/\/davidperezalonso.com\/blog\/regional-madrid-programa-me-2018\/","title":{"rendered":"Regional Madrid Programa-Me 2018"},"content":{"rendered":"<p>Justo antes de vacaciones, el pasado mi\u00e9rcoles 21 de marzo, asist\u00ed al <a href=\"https:\/\/cftic.centrosdeformacion.empleo.madrid.org\/\" target=\"_blank\" rel=\"noopener\"><strong>Centro de Formaci\u00f3n de Nuevas Tecnolog\u00edas de Getafe<\/strong><\/a>\u00a0a una nueva fase regional del concurso de programaci\u00f3n para Formaci\u00f3n Profesional: <strong><a href=\"http:\/\/www.programa-me.com\/2018\/reg\/\" target=\"_blank\" rel=\"noopener\">ProgramaMe<\/a>.\u00a0<\/strong>Si ech\u00e1is la vista atr\u00e1s en este blog o pinch\u00e1is sobre el tag ver\u00e9is que ya he asistido a unas pocas y he participado en otros centros, como profesor o coordinador, en hacer las fases locales de centros para escoger el tr\u00edo que lo represente en el concurso. Como bien dijeron los organizadores en la presentaci\u00f3n del regional, que era un placer ver a profesores que aunque est\u00e9n cambiando de centro siempre van contagiando la pasi\u00f3n por este concurso. Y as\u00ed es, por primera vez, anim\u00e9 a participar a alumnos de DAW del <strong>Colegio Valle del Miro\u00a0<\/strong>y aunque eran alumnos de primer curso, se defendieron y consiguieron resolver correctamente dos problemas, uno de los cuales fueron los primeros en entregarlo (eso da prestigio\u00a1amigos!) y finalmente quedaron en una magn\u00edfica d\u00e9cima posici\u00f3n. Felicidades a los tres: <em><strong>Sergio Mora, Sergio Santiago<\/strong><\/em> y <em><strong>Pablo Calero<\/strong><\/em>. Tambi\u00e9n a <strong><em>Jorge Garc\u00eda<\/em><\/strong>, nuestro hombre en el banquillo que se qued\u00f3 fuera del tr\u00edo. En la primera foto estamos en el \u00abphotocall\u00bb de bienvenida y en la otra con los globos correspondientes a los problemas acertados. Uno de los tres es m\u00edo&#8230; que yo tambi\u00e9n me anim\u00e9 a participar en el concurso de profes y me llev\u00e9 dos globitos.<\/p>\n<p><a href=\"http:\/\/davidperezalonso.com\/blog\/wp-content\/uploads\/2018\/03\/programame0.jpg\"><img loading=\"lazy\" decoding=\"async\" class=\"alignnone wp-image-1150 size-large\" src=\"http:\/\/davidperezalonso.com\/blog\/wp-content\/uploads\/2018\/03\/programame0-1024x768.jpg\" alt=\"\" width=\"1024\" height=\"768\" srcset=\"https:\/\/davidperezalonso.com\/blog\/wp-content\/uploads\/2018\/03\/programame0-1024x768.jpg 1024w, https:\/\/davidperezalonso.com\/blog\/wp-content\/uploads\/2018\/03\/programame0-300x225.jpg 300w, https:\/\/davidperezalonso.com\/blog\/wp-content\/uploads\/2018\/03\/programame0-768x576.jpg 768w, https:\/\/davidperezalonso.com\/blog\/wp-content\/uploads\/2018\/03\/programame0.jpg 1200w\" sizes=\"auto, (max-width: 1024px) 100vw, 1024px\" \/><\/a><\/p>\n<p><a href=\"http:\/\/davidperezalonso.com\/blog\/wp-content\/uploads\/2018\/03\/programame1.jpg\"><img loading=\"lazy\" decoding=\"async\" class=\"alignnone wp-image-1149 size-large\" src=\"http:\/\/davidperezalonso.com\/blog\/wp-content\/uploads\/2018\/03\/programame1-1024x768.jpg\" alt=\"\" width=\"1024\" height=\"768\" srcset=\"https:\/\/davidperezalonso.com\/blog\/wp-content\/uploads\/2018\/03\/programame1-1024x768.jpg 1024w, https:\/\/davidperezalonso.com\/blog\/wp-content\/uploads\/2018\/03\/programame1-300x225.jpg 300w, https:\/\/davidperezalonso.com\/blog\/wp-content\/uploads\/2018\/03\/programame1-768x576.jpg 768w, https:\/\/davidperezalonso.com\/blog\/wp-content\/uploads\/2018\/03\/programame1.jpg 1200w\" sizes=\"auto, (max-width: 1024px) 100vw, 1024px\" \/><\/a><\/p>\n<p>Como siempre, una impecable organizaci\u00f3n tanto de la log\u00edstica como del concurso. Ol\u00e9 al <strong>CFTIC Getafe<\/strong> y a los cabezas pensantes de <strong>ProgramaMe,<\/strong> que un a\u00f1o m\u00e1s nos hicieron tener la cabeza ocupada con sus problemas. \u00a1\u00a1\u00a1Mis felicitaciones!!! Y tambi\u00e9n a los ganadores del concurso, el tr\u00edo de alumnos del <strong>Centro Profesional U-tad<\/strong>, ex-alumnos del curso pasado que son muy buenos. Ahora a por el nacional!<\/p>\n<p><a href=\"http:\/\/davidperezalonso.com\/blog\/wp-content\/uploads\/2018\/03\/programame2.jpg\"><img loading=\"lazy\" decoding=\"async\" class=\"alignnone wp-image-1151 size-large\" src=\"http:\/\/davidperezalonso.com\/blog\/wp-content\/uploads\/2018\/03\/programame2-1024x768.jpg\" alt=\"\" width=\"1024\" height=\"768\" srcset=\"https:\/\/davidperezalonso.com\/blog\/wp-content\/uploads\/2018\/03\/programame2-1024x768.jpg 1024w, https:\/\/davidperezalonso.com\/blog\/wp-content\/uploads\/2018\/03\/programame2-300x225.jpg 300w, https:\/\/davidperezalonso.com\/blog\/wp-content\/uploads\/2018\/03\/programame2-768x576.jpg 768w, https:\/\/davidperezalonso.com\/blog\/wp-content\/uploads\/2018\/03\/programame2.jpg 1200w\" sizes=\"auto, (max-width: 1024px) 100vw, 1024px\" \/><\/a><\/p>\n<p>El tir\u00f3n del concurso se nota en los participantes, en los patrocinadores, en los profesores, etc, etc&#8230; creo que es un d\u00eda especial para todos los que ense\u00f1amos y los que aprenden programaci\u00f3n en la Comunidad de Madrid. Adem\u00e1s sirve para reencuentros, como los de esta foto. Compa\u00f1eros profes en diferentes centros que coincidimos hace ya alg\u00fan tiempo en el Centro Profesional de la UEM: <em><strong>Carlos Fern\u00e1ndez Tessier<\/strong> <\/em>(contigo empez\u00f3 todo!!!), <em><strong>Pedro Camacho<\/strong><\/em><strong> y <\/strong><em><strong>Ra\u00fal Rodriguez<\/strong><\/em>&#8230; el a\u00f1o pr\u00f3ximo mucho m\u00e1s.<\/p>\n<p><a href=\"http:\/\/davidperezalonso.com\/blog\/wp-content\/uploads\/2018\/03\/programame3.jpg\"><img loading=\"lazy\" decoding=\"async\" class=\"alignnone wp-image-1152 size-large\" src=\"http:\/\/davidperezalonso.com\/blog\/wp-content\/uploads\/2018\/03\/programame3-1024x768.jpg\" alt=\"\" width=\"1024\" height=\"768\" srcset=\"https:\/\/davidperezalonso.com\/blog\/wp-content\/uploads\/2018\/03\/programame3-1024x768.jpg 1024w, https:\/\/davidperezalonso.com\/blog\/wp-content\/uploads\/2018\/03\/programame3-300x225.jpg 300w, https:\/\/davidperezalonso.com\/blog\/wp-content\/uploads\/2018\/03\/programame3-768x576.jpg 768w, https:\/\/davidperezalonso.com\/blog\/wp-content\/uploads\/2018\/03\/programame3.jpg 1200w\" sizes=\"auto, (max-width: 1024px) 100vw, 1024px\" \/><\/a><\/p>\n","protected":false},"excerpt":{"rendered":"<p>Justo antes de vacaciones, el pasado mi\u00e9rcoles 21 de marzo, asist\u00ed al Centro de Formaci\u00f3n de Nuevas Tecnolog\u00edas de Getafe\u00a0a una nueva fase regional del concurso de programaci\u00f3n para Formaci\u00f3n Profesional: ProgramaMe.\u00a0Si ech\u00e1is la&#46;&#46;&#46;<\/p>\n","protected":false},"author":29,"featured_media":1150,"comment_status":"open","ping_status":"closed","sticky":false,"template":"","format":"standard","meta":{"footnotes":""},"categories":[316,342],"tags":[363,88,149],"class_list":["post-1148","post","type-post","status-publish","format-standard","has-post-thumbnail","hentry","category-programacion","category-valle-del-miro","tag-concursos","tag-programacion","tag-programame"],"yoast_head":"<!-- This site is optimized with the Yoast SEO plugin v27.0 - https:\/\/yoast.com\/product\/yoast-seo-wordpress\/ -->\n<title>Regional Madrid Programa-Me 2018 &#8211; Blog Docente - David P\u00e9rez Alonso<\/title>\n<meta name=\"robots\" content=\"index, follow, max-snippet:-1, max-image-preview:large, max-video-preview:-1\" \/>\n<link rel=\"canonical\" href=\"https:\/\/davidperezalonso.com\/blog\/regional-madrid-programa-me-2018\/\" \/>\n<meta property=\"og:locale\" content=\"es_ES\" \/>\n<meta property=\"og:type\" content=\"article\" \/>\n<meta property=\"og:title\" content=\"Regional Madrid Programa-Me 2018 &#8211; Blog Docente - David P\u00e9rez Alonso\" \/>\n<meta property=\"og:description\" content=\"Justo antes de vacaciones, el pasado mi\u00e9rcoles 21 de marzo, asist\u00ed al Centro de Formaci\u00f3n de Nuevas Tecnolog\u00edas de Getafe\u00a0a una nueva fase regional del concurso de programaci\u00f3n para Formaci\u00f3n Profesional: ProgramaMe.\u00a0Si ech\u00e1is la&#046;&#046;&#046;\" \/>\n<meta property=\"og:url\" content=\"https:\/\/davidperezalonso.com\/blog\/regional-madrid-programa-me-2018\/\" \/>\n<meta property=\"og:site_name\" content=\"Blog Docente - David P\u00e9rez Alonso\" \/>\n<meta property=\"article:published_time\" content=\"2018-03-28T17:40:33+00:00\" \/>\n<meta property=\"og:image\" content=\"https:\/\/davidperezalonso.com\/blog\/wp-content\/uploads\/2018\/03\/programame0.jpg\" \/>\n\t<meta property=\"og:image:width\" content=\"1200\" \/>\n\t<meta property=\"og:image:height\" content=\"900\" \/>\n\t<meta property=\"og:image:type\" content=\"image\/jpeg\" \/>\n<meta name=\"author\" content=\"David Perez Alonso\" \/>\n<meta name=\"twitter:card\" content=\"summary_large_image\" \/>\n<meta name=\"twitter:creator\" content=\"@DavidPerezProfe\" \/>\n<meta name=\"twitter:site\" content=\"@DavidPerezProfe\" \/>\n<meta name=\"twitter:label1\" content=\"Escrito por\" \/>\n\t<meta name=\"twitter:data1\" content=\"David Perez Alonso\" \/>\n\t<meta name=\"twitter:label2\" content=\"Tiempo de lectura\" \/>\n\t<meta name=\"twitter:data2\" content=\"2 minutos\" \/>\n<script type=\"application\/ld+json\" class=\"yoast-schema-graph\">{\"@context\":\"https:\/\/schema.org\",\"@graph\":[{\"@type\":\"Article\",\"@id\":\"https:\/\/davidperezalonso.com\/blog\/regional-madrid-programa-me-2018\/#article\",\"isPartOf\":{\"@id\":\"https:\/\/davidperezalonso.com\/blog\/regional-madrid-programa-me-2018\/\"},\"author\":{\"name\":\"David Perez Alonso\",\"@id\":\"https:\/\/davidperezalonso.com\/blog\/#\/schema\/person\/9871d464f81e9a10fb75db28db0a775e\"},\"headline\":\"Regional Madrid Programa-Me 2018\",\"datePublished\":\"2018-03-28T17:40:33+00:00\",\"mainEntityOfPage\":{\"@id\":\"https:\/\/davidperezalonso.com\/blog\/regional-madrid-programa-me-2018\/\"},\"wordCount\":425,\"commentCount\":0,\"image\":{\"@id\":\"https:\/\/davidperezalonso.com\/blog\/regional-madrid-programa-me-2018\/#primaryimage\"},\"thumbnailUrl\":\"https:\/\/davidperezalonso.com\/blog\/wp-content\/uploads\/2018\/03\/programame0.jpg\",\"keywords\":[\"concursos\",\"programaci\u00f3n\",\"ProgramaMe\"],\"articleSection\":[\"Programaci\u00f3n\",\"Valle del Miro\"],\"inLanguage\":\"es\",\"potentialAction\":[{\"@type\":\"CommentAction\",\"name\":\"Comment\",\"target\":[\"https:\/\/davidperezalonso.com\/blog\/regional-madrid-programa-me-2018\/#respond\"]}]},{\"@type\":\"WebPage\",\"@id\":\"https:\/\/davidperezalonso.com\/blog\/regional-madrid-programa-me-2018\/\",\"url\":\"https:\/\/davidperezalonso.com\/blog\/regional-madrid-programa-me-2018\/\",\"name\":\"Regional Madrid Programa-Me 2018 &#8211; Blog Docente - David P\u00e9rez Alonso\",\"isPartOf\":{\"@id\":\"https:\/\/davidperezalonso.com\/blog\/#website\"},\"primaryImageOfPage\":{\"@id\":\"https:\/\/davidperezalonso.com\/blog\/regional-madrid-programa-me-2018\/#primaryimage\"},\"image\":{\"@id\":\"https:\/\/davidperezalonso.com\/blog\/regional-madrid-programa-me-2018\/#primaryimage\"},\"thumbnailUrl\":\"https:\/\/davidperezalonso.com\/blog\/wp-content\/uploads\/2018\/03\/programame0.jpg\",\"datePublished\":\"2018-03-28T17:40:33+00:00\",\"author\":{\"@id\":\"https:\/\/davidperezalonso.com\/blog\/#\/schema\/person\/9871d464f81e9a10fb75db28db0a775e\"},\"breadcrumb\":{\"@id\":\"https:\/\/davidperezalonso.com\/blog\/regional-madrid-programa-me-2018\/#breadcrumb\"},\"inLanguage\":\"es\",\"potentialAction\":[{\"@type\":\"ReadAction\",\"target\":[\"https:\/\/davidperezalonso.com\/blog\/regional-madrid-programa-me-2018\/\"]}]},{\"@type\":\"ImageObject\",\"inLanguage\":\"es\",\"@id\":\"https:\/\/davidperezalonso.com\/blog\/regional-madrid-programa-me-2018\/#primaryimage\",\"url\":\"https:\/\/davidperezalonso.com\/blog\/wp-content\/uploads\/2018\/03\/programame0.jpg\",\"contentUrl\":\"https:\/\/davidperezalonso.com\/blog\/wp-content\/uploads\/2018\/03\/programame0.jpg\",\"width\":\"1200\",\"height\":\"900\"},{\"@type\":\"BreadcrumbList\",\"@id\":\"https:\/\/davidperezalonso.com\/blog\/regional-madrid-programa-me-2018\/#breadcrumb\",\"itemListElement\":[{\"@type\":\"ListItem\",\"position\":1,\"name\":\"Portada\",\"item\":\"https:\/\/davidperezalonso.com\/blog\/\"},{\"@type\":\"ListItem\",\"position\":2,\"name\":\"Regional Madrid Programa-Me 2018\"}]},{\"@type\":\"WebSite\",\"@id\":\"https:\/\/davidperezalonso.com\/blog\/#website\",\"url\":\"https:\/\/davidperezalonso.com\/blog\/\",\"name\":\"Blog Docente - David P\u00e9rez Alonso\",\"description\":\"Blog sobre mis clases y docencia en Formaci\u00f3n Profesional, Bachillerato y ESO\",\"potentialAction\":[{\"@type\":\"SearchAction\",\"target\":{\"@type\":\"EntryPoint\",\"urlTemplate\":\"https:\/\/davidperezalonso.com\/blog\/?s={search_term_string}\"},\"query-input\":{\"@type\":\"PropertyValueSpecification\",\"valueRequired\":true,\"valueName\":\"search_term_string\"}}],\"inLanguage\":\"es\"},{\"@type\":\"Person\",\"@id\":\"https:\/\/davidperezalonso.com\/blog\/#\/schema\/person\/9871d464f81e9a10fb75db28db0a775e\",\"name\":\"David Perez Alonso\",\"image\":{\"@type\":\"ImageObject\",\"inLanguage\":\"es\",\"@id\":\"https:\/\/davidperezalonso.com\/blog\/#\/schema\/person\/image\/\",\"url\":\"https:\/\/secure.gravatar.com\/avatar\/44181eb9683be82a2c7885db85733fb4da2b1ebdeab76c61b4ba517c4bd6d93c?s=96&d=mm&r=g\",\"contentUrl\":\"https:\/\/secure.gravatar.com\/avatar\/44181eb9683be82a2c7885db85733fb4da2b1ebdeab76c61b4ba517c4bd6d93c?s=96&d=mm&r=g\",\"caption\":\"David Perez Alonso\"}}]}<\/script>\n<!-- \/ Yoast SEO plugin. -->","yoast_head_json":{"title":"Regional Madrid Programa-Me 2018 &#8211; Blog Docente - David P\u00e9rez Alonso","robots":{"index":"index","follow":"follow","max-snippet":"max-snippet:-1","max-image-preview":"max-image-preview:large","max-video-preview":"max-video-preview:-1"},"canonical":"https:\/\/davidperezalonso.com\/blog\/regional-madrid-programa-me-2018\/","og_locale":"es_ES","og_type":"article","og_title":"Regional Madrid Programa-Me 2018 &#8211; Blog Docente - David P\u00e9rez Alonso","og_description":"Justo antes de vacaciones, el pasado mi\u00e9rcoles 21 de marzo, asist\u00ed al Centro de Formaci\u00f3n de Nuevas Tecnolog\u00edas de Getafe\u00a0a una nueva fase regional del concurso de programaci\u00f3n para Formaci\u00f3n Profesional: ProgramaMe.\u00a0Si ech\u00e1is la&#46;&#46;&#46;","og_url":"https:\/\/davidperezalonso.com\/blog\/regional-madrid-programa-me-2018\/","og_site_name":"Blog Docente - David P\u00e9rez Alonso","article_published_time":"2018-03-28T17:40:33+00:00","og_image":[{"width":1200,"height":900,"url":"https:\/\/davidperezalonso.com\/blog\/wp-content\/uploads\/2018\/03\/programame0.jpg","type":"image\/jpeg"}],"author":"David Perez Alonso","twitter_card":"summary_large_image","twitter_creator":"@DavidPerezProfe","twitter_site":"@DavidPerezProfe","twitter_misc":{"Escrito por":"David Perez Alonso","Tiempo de lectura":"2 minutos"},"schema":{"@context":"https:\/\/schema.org","@graph":[{"@type":"Article","@id":"https:\/\/davidperezalonso.com\/blog\/regional-madrid-programa-me-2018\/#article","isPartOf":{"@id":"https:\/\/davidperezalonso.com\/blog\/regional-madrid-programa-me-2018\/"},"author":{"name":"David Perez Alonso","@id":"https:\/\/davidperezalonso.com\/blog\/#\/schema\/person\/9871d464f81e9a10fb75db28db0a775e"},"headline":"Regional Madrid Programa-Me 2018","datePublished":"2018-03-28T17:40:33+00:00","mainEntityOfPage":{"@id":"https:\/\/davidperezalonso.com\/blog\/regional-madrid-programa-me-2018\/"},"wordCount":425,"commentCount":0,"image":{"@id":"https:\/\/davidperezalonso.com\/blog\/regional-madrid-programa-me-2018\/#primaryimage"},"thumbnailUrl":"https:\/\/davidperezalonso.com\/blog\/wp-content\/uploads\/2018\/03\/programame0.jpg","keywords":["concursos","programaci\u00f3n","ProgramaMe"],"articleSection":["Programaci\u00f3n","Valle del Miro"],"inLanguage":"es","potentialAction":[{"@type":"CommentAction","name":"Comment","target":["https:\/\/davidperezalonso.com\/blog\/regional-madrid-programa-me-2018\/#respond"]}]},{"@type":"WebPage","@id":"https:\/\/davidperezalonso.com\/blog\/regional-madrid-programa-me-2018\/","url":"https:\/\/davidperezalonso.com\/blog\/regional-madrid-programa-me-2018\/","name":"Regional Madrid Programa-Me 2018 &#8211; Blog Docente - David P\u00e9rez Alonso","isPartOf":{"@id":"https:\/\/davidperezalonso.com\/blog\/#website"},"primaryImageOfPage":{"@id":"https:\/\/davidperezalonso.com\/blog\/regional-madrid-programa-me-2018\/#primaryimage"},"image":{"@id":"https:\/\/davidperezalonso.com\/blog\/regional-madrid-programa-me-2018\/#primaryimage"},"thumbnailUrl":"https:\/\/davidperezalonso.com\/blog\/wp-content\/uploads\/2018\/03\/programame0.jpg","datePublished":"2018-03-28T17:40:33+00:00","author":{"@id":"https:\/\/davidperezalonso.com\/blog\/#\/schema\/person\/9871d464f81e9a10fb75db28db0a775e"},"breadcrumb":{"@id":"https:\/\/davidperezalonso.com\/blog\/regional-madrid-programa-me-2018\/#breadcrumb"},"inLanguage":"es","potentialAction":[{"@type":"ReadAction","target":["https:\/\/davidperezalonso.com\/blog\/regional-madrid-programa-me-2018\/"]}]},{"@type":"ImageObject","inLanguage":"es","@id":"https:\/\/davidperezalonso.com\/blog\/regional-madrid-programa-me-2018\/#primaryimage","url":"https:\/\/davidperezalonso.com\/blog\/wp-content\/uploads\/2018\/03\/programame0.jpg","contentUrl":"https:\/\/davidperezalonso.com\/blog\/wp-content\/uploads\/2018\/03\/programame0.jpg","width":"1200","height":"900"},{"@type":"BreadcrumbList","@id":"https:\/\/davidperezalonso.com\/blog\/regional-madrid-programa-me-2018\/#breadcrumb","itemListElement":[{"@type":"ListItem","position":1,"name":"Portada","item":"https:\/\/davidperezalonso.com\/blog\/"},{"@type":"ListItem","position":2,"name":"Regional Madrid Programa-Me 2018"}]},{"@type":"WebSite","@id":"https:\/\/davidperezalonso.com\/blog\/#website","url":"https:\/\/davidperezalonso.com\/blog\/","name":"Blog Docente - David P\u00e9rez Alonso","description":"Blog sobre mis clases y docencia en Formaci\u00f3n Profesional, Bachillerato y ESO","potentialAction":[{"@type":"SearchAction","target":{"@type":"EntryPoint","urlTemplate":"https:\/\/davidperezalonso.com\/blog\/?s={search_term_string}"},"query-input":{"@type":"PropertyValueSpecification","valueRequired":true,"valueName":"search_term_string"}}],"inLanguage":"es"},{"@type":"Person","@id":"https:\/\/davidperezalonso.com\/blog\/#\/schema\/person\/9871d464f81e9a10fb75db28db0a775e","name":"David Perez Alonso","image":{"@type":"ImageObject","inLanguage":"es","@id":"https:\/\/davidperezalonso.com\/blog\/#\/schema\/person\/image\/","url":"https:\/\/secure.gravatar.com\/avatar\/44181eb9683be82a2c7885db85733fb4da2b1ebdeab76c61b4ba517c4bd6d93c?s=96&d=mm&r=g","contentUrl":"https:\/\/secure.gravatar.com\/avatar\/44181eb9683be82a2c7885db85733fb4da2b1ebdeab76c61b4ba517c4bd6d93c?s=96&d=mm&r=g","caption":"David Perez Alonso"}}]}},"_links":{"self":[{"href":"https:\/\/davidperezalonso.com\/blog\/wp-json\/wp\/v2\/posts\/1148","targetHints":{"allow":["GET"]}}],"collection":[{"href":"https:\/\/davidperezalonso.com\/blog\/wp-json\/wp\/v2\/posts"}],"about":[{"href":"https:\/\/davidperezalonso.com\/blog\/wp-json\/wp\/v2\/types\/post"}],"author":[{"embeddable":true,"href":"https:\/\/davidperezalonso.com\/blog\/wp-json\/wp\/v2\/users\/29"}],"replies":[{"embeddable":true,"href":"https:\/\/davidperezalonso.com\/blog\/wp-json\/wp\/v2\/comments?post=1148"}],"version-history":[{"count":1,"href":"https:\/\/davidperezalonso.com\/blog\/wp-json\/wp\/v2\/posts\/1148\/revisions"}],"predecessor-version":[{"id":1153,"href":"https:\/\/davidperezalonso.com\/blog\/wp-json\/wp\/v2\/posts\/1148\/revisions\/1153"}],"wp:featuredmedia":[{"embeddable":true,"href":"https:\/\/davidperezalonso.com\/blog\/wp-json\/wp\/v2\/media\/1150"}],"wp:attachment":[{"href":"https:\/\/davidperezalonso.com\/blog\/wp-json\/wp\/v2\/media?parent=1148"}],"wp:term":[{"taxonomy":"category","embeddable":true,"href":"https:\/\/davidperezalonso.com\/blog\/wp-json\/wp\/v2\/categories?post=1148"},{"taxonomy":"post_tag","embeddable":true,"href":"https:\/\/davidperezalonso.com\/blog\/wp-json\/wp\/v2\/tags?post=1148"}],"curies":[{"name":"wp","href":"https:\/\/api.w.org\/{rel}","templated":true}]}}