{"id":1337,"date":"2019-09-08T21:21:10","date_gmt":"2019-09-08T19:21:10","guid":{"rendered":"http:\/\/davidperezalonso.com\/blog\/?p=1337"},"modified":"2019-09-08T21:21:12","modified_gmt":"2019-09-08T19:21:12","slug":"arrancamos-curso-una-nueva-idea-para-empezar-tic-en-1o-bachillerato","status":"publish","type":"post","link":"https:\/\/davidperezalonso.com\/blog\/arrancamos-curso-una-nueva-idea-para-empezar-tic-en-1o-bachillerato\/","title":{"rendered":"Arrancamos curso: Una nueva idea para empezar TIC en 1\u00ba Bachillerato"},"content":{"rendered":"\n<p>Esta ma\u00f1ana visitaba a mis padres tras mi caminata matutina dominical<br>y he visto la chul\u00edsima portada de El Pa\u00eds Semanal (s\u00ed\u00b4, mi padre contin\u00faa suscrito a El Pa\u00eds y su primer ejercicio diario consiste en hacer el crucigrama y el sudoku, luego ya, lee lo que le interesa) con el fabuloso t\u00edtulo de <a href=\"https:\/\/elpais.com\/elpais\/2019\/08\/30\/eps\/1567160455_999269.html\">\u00ab5G: hiperconectados y ultravulnerables\u00bb<\/a>  Tras leerlo&#8230; mi mecanismo de profe que ha estado un poco en letargo este verano (y no es lo habitual) hizo un poco de movimiento y he decidido que va a ser el punto de partida para mis clases de TIC en 1\u00ba BACHILLERATO&#8230;  el pr\u00f3ximo mi\u00e9rcoles, cuando me presente ante mis alumnxs (no imparto en la ESO y s\u00f3lo me conocer\u00e1n de verme por el pasillo), les lanzar\u00e9 este art\u00edculo sobre las tecnolog\u00edas que vienen&#8230; que lo lean y tomen nota de todas las cosas que no conozcan. Y s\u00ed, las identificaremos en un primer momento y les dir\u00e9 que en esta asignatura vamos a conocer algunas de las estructuras y andamiajes que dar\u00e1n forma al mundo que viene y que sustentan el actual. Y por qu\u00e9 el gui\u00f3n de contenidos ser\u00e1 el que es, especialmente en la primera parte del curso: Digitalizaci\u00f3n, hardware, sistemas operativos, redes, seguridad inform\u00e1tica, IoT, etc, etc. Por que todas esas cosas est\u00e1n en el art\u00edculo. Y bueno, realmente estoy obsesionado con que los alumnxs deben conocer el por qu\u00e9 estudian o les hacemos que conozcan ciertas cosas. En una presentaci\u00f3n hablarles (o cacarearles) \u00ablos objetivos generales del bachillerato\u00bb que esta asignatura ayudar\u00e1 a alcanzar est\u00e1 bien&#8230; pero se queda en una diapositiva. Puede que si alguno se engancha a saber qu\u00e9 son las 5G,  lo mismo les apetece estudiar Teleco o se pone a mirar eso de la guerra comercial China, EEUU para Econom\u00eda o Historia&#8230; es en este plano donde tenemos que formar a estos chicxs, no a temarios y curriculums&#8230; que tambi\u00e9n, pero como TIC no va a EVAU, pues as\u00ed la enfoco o me gustar\u00eda enfocarlo. Os ir\u00e9 contando por aqu\u00ed  <br>El curso pasado, especialmente en 1\u00ba de BACHILLERATO, funcionaron muy bien los varios docus que les puse para hacerles pensar o tomar conciencia en algunos aspectos: ecolog\u00eda, funcionamiento de sistemas inform\u00e1ticos, el futuro, las nuevas tecnolog\u00edas, etc, etc. Y menos algunas otras m\u00e1s \u00abformales\u00bb, as\u00ed que&#8230; conf\u00edo en ir metiendo muchas actividades de este tipo&#8230; nada nuevo.  <\/p>\n\n\n\n<figure class=\"wp-block-image\"><img loading=\"lazy\" decoding=\"async\" width=\"699\" height=\"888\" src=\"http:\/\/davidperezalonso.com\/blog\/wp-content\/uploads\/2019\/09\/5G.png\" alt=\"\" class=\"wp-image-1338\" srcset=\"https:\/\/davidperezalonso.com\/blog\/wp-content\/uploads\/2019\/09\/5G.png 699w, https:\/\/davidperezalonso.com\/blog\/wp-content\/uploads\/2019\/09\/5G-236x300.png 236w\" sizes=\"auto, (max-width: 699px) 100vw, 699px\" \/><\/figure>\n\n\n\n<p><\/p>\n","protected":false},"excerpt":{"rendered":"<p>Esta ma\u00f1ana visitaba a mis padres tras mi caminata matutina dominicaly he visto la chul\u00edsima portada de El Pa\u00eds Semanal (s\u00ed\u00b4, mi padre contin\u00faa suscrito a El Pa\u00eds y su primer ejercicio diario consiste&#46;&#46;&#46;<\/p>\n","protected":false},"author":29,"featured_media":1338,"comment_status":"open","ping_status":"closed","sticky":false,"template":"","format":"standard","meta":{"footnotes":""},"categories":[348],"tags":[422,127,52,424,423,236],"class_list":["post-1337","post","type-post","status-publish","format-standard","has-post-thumbnail","hentry","category-1bach","tag-5g","tag-desarrollo-de-software","tag-hardware","tag-motivacion","tag-redes","tag-ssoo"],"yoast_head":"<!-- This site is optimized with the Yoast SEO plugin v27.0 - https:\/\/yoast.com\/product\/yoast-seo-wordpress\/ -->\n<title>Arrancamos curso: Una nueva idea para empezar TIC en 1\u00ba Bachillerato &#8211; Blog Docente - David P\u00e9rez Alonso<\/title>\n<meta name=\"robots\" content=\"index, follow, max-snippet:-1, max-image-preview:large, max-video-preview:-1\" \/>\n<link rel=\"canonical\" href=\"https:\/\/davidperezalonso.com\/blog\/arrancamos-curso-una-nueva-idea-para-empezar-tic-en-1o-bachillerato\/\" \/>\n<meta property=\"og:locale\" content=\"es_ES\" \/>\n<meta property=\"og:type\" content=\"article\" \/>\n<meta property=\"og:title\" content=\"Arrancamos curso: Una nueva idea para empezar TIC en 1\u00ba Bachillerato &#8211; Blog Docente - David P\u00e9rez Alonso\" \/>\n<meta property=\"og:description\" content=\"Esta ma\u00f1ana visitaba a mis padres tras mi caminata matutina dominicaly he visto la chul\u00edsima portada de El Pa\u00eds Semanal (s\u00ed\u00b4, mi padre contin\u00faa suscrito a El Pa\u00eds y su primer ejercicio diario consiste&#046;&#046;&#046;\" \/>\n<meta property=\"og:url\" content=\"https:\/\/davidperezalonso.com\/blog\/arrancamos-curso-una-nueva-idea-para-empezar-tic-en-1o-bachillerato\/\" \/>\n<meta property=\"og:site_name\" content=\"Blog Docente - David P\u00e9rez Alonso\" \/>\n<meta property=\"article:published_time\" content=\"2019-09-08T19:21:10+00:00\" \/>\n<meta property=\"article:modified_time\" content=\"2019-09-08T19:21:12+00:00\" \/>\n<meta property=\"og:image\" content=\"https:\/\/davidperezalonso.com\/blog\/wp-content\/uploads\/2019\/09\/5G.png\" \/>\n\t<meta property=\"og:image:width\" content=\"699\" \/>\n\t<meta property=\"og:image:height\" content=\"888\" \/>\n\t<meta property=\"og:image:type\" content=\"image\/png\" \/>\n<meta name=\"author\" content=\"David Perez Alonso\" \/>\n<meta name=\"twitter:card\" content=\"summary_large_image\" \/>\n<meta name=\"twitter:creator\" content=\"@DavidPerezProfe\" \/>\n<meta name=\"twitter:site\" content=\"@DavidPerezProfe\" \/>\n<meta name=\"twitter:label1\" content=\"Escrito por\" \/>\n\t<meta name=\"twitter:data1\" content=\"David Perez Alonso\" \/>\n\t<meta name=\"twitter:label2\" content=\"Tiempo de lectura\" \/>\n\t<meta name=\"twitter:data2\" content=\"2 minutos\" \/>\n<script type=\"application\/ld+json\" class=\"yoast-schema-graph\">{\"@context\":\"https:\/\/schema.org\",\"@graph\":[{\"@type\":\"Article\",\"@id\":\"https:\/\/davidperezalonso.com\/blog\/arrancamos-curso-una-nueva-idea-para-empezar-tic-en-1o-bachillerato\/#article\",\"isPartOf\":{\"@id\":\"https:\/\/davidperezalonso.com\/blog\/arrancamos-curso-una-nueva-idea-para-empezar-tic-en-1o-bachillerato\/\"},\"author\":{\"name\":\"David Perez Alonso\",\"@id\":\"https:\/\/davidperezalonso.com\/blog\/#\/schema\/person\/9871d464f81e9a10fb75db28db0a775e\"},\"headline\":\"Arrancamos curso: Una nueva idea para empezar TIC en 1\u00ba Bachillerato\",\"datePublished\":\"2019-09-08T19:21:10+00:00\",\"dateModified\":\"2019-09-08T19:21:12+00:00\",\"mainEntityOfPage\":{\"@id\":\"https:\/\/davidperezalonso.com\/blog\/arrancamos-curso-una-nueva-idea-para-empezar-tic-en-1o-bachillerato\/\"},\"wordCount\":430,\"commentCount\":0,\"image\":{\"@id\":\"https:\/\/davidperezalonso.com\/blog\/arrancamos-curso-una-nueva-idea-para-empezar-tic-en-1o-bachillerato\/#primaryimage\"},\"thumbnailUrl\":\"https:\/\/davidperezalonso.com\/blog\/wp-content\/uploads\/2019\/09\/5G.png\",\"keywords\":[\"5G\",\"desarrollo de software\",\"hardware\",\"motivacion\",\"redes\",\"SSOO\"],\"articleSection\":[\"1BACH\"],\"inLanguage\":\"es\",\"potentialAction\":[{\"@type\":\"CommentAction\",\"name\":\"Comment\",\"target\":[\"https:\/\/davidperezalonso.com\/blog\/arrancamos-curso-una-nueva-idea-para-empezar-tic-en-1o-bachillerato\/#respond\"]}]},{\"@type\":\"WebPage\",\"@id\":\"https:\/\/davidperezalonso.com\/blog\/arrancamos-curso-una-nueva-idea-para-empezar-tic-en-1o-bachillerato\/\",\"url\":\"https:\/\/davidperezalonso.com\/blog\/arrancamos-curso-una-nueva-idea-para-empezar-tic-en-1o-bachillerato\/\",\"name\":\"Arrancamos curso: Una nueva idea para empezar TIC en 1\u00ba Bachillerato &#8211; Blog Docente - David P\u00e9rez Alonso\",\"isPartOf\":{\"@id\":\"https:\/\/davidperezalonso.com\/blog\/#website\"},\"primaryImageOfPage\":{\"@id\":\"https:\/\/davidperezalonso.com\/blog\/arrancamos-curso-una-nueva-idea-para-empezar-tic-en-1o-bachillerato\/#primaryimage\"},\"image\":{\"@id\":\"https:\/\/davidperezalonso.com\/blog\/arrancamos-curso-una-nueva-idea-para-empezar-tic-en-1o-bachillerato\/#primaryimage\"},\"thumbnailUrl\":\"https:\/\/davidperezalonso.com\/blog\/wp-content\/uploads\/2019\/09\/5G.png\",\"datePublished\":\"2019-09-08T19:21:10+00:00\",\"dateModified\":\"2019-09-08T19:21:12+00:00\",\"author\":{\"@id\":\"https:\/\/davidperezalonso.com\/blog\/#\/schema\/person\/9871d464f81e9a10fb75db28db0a775e\"},\"breadcrumb\":{\"@id\":\"https:\/\/davidperezalonso.com\/blog\/arrancamos-curso-una-nueva-idea-para-empezar-tic-en-1o-bachillerato\/#breadcrumb\"},\"inLanguage\":\"es\",\"potentialAction\":[{\"@type\":\"ReadAction\",\"target\":[\"https:\/\/davidperezalonso.com\/blog\/arrancamos-curso-una-nueva-idea-para-empezar-tic-en-1o-bachillerato\/\"]}]},{\"@type\":\"ImageObject\",\"inLanguage\":\"es\",\"@id\":\"https:\/\/davidperezalonso.com\/blog\/arrancamos-curso-una-nueva-idea-para-empezar-tic-en-1o-bachillerato\/#primaryimage\",\"url\":\"https:\/\/davidperezalonso.com\/blog\/wp-content\/uploads\/2019\/09\/5G.png\",\"contentUrl\":\"https:\/\/davidperezalonso.com\/blog\/wp-content\/uploads\/2019\/09\/5G.png\",\"width\":699,\"height\":888},{\"@type\":\"BreadcrumbList\",\"@id\":\"https:\/\/davidperezalonso.com\/blog\/arrancamos-curso-una-nueva-idea-para-empezar-tic-en-1o-bachillerato\/#breadcrumb\",\"itemListElement\":[{\"@type\":\"ListItem\",\"position\":1,\"name\":\"Portada\",\"item\":\"https:\/\/davidperezalonso.com\/blog\/\"},{\"@type\":\"ListItem\",\"position\":2,\"name\":\"Arrancamos curso: Una nueva idea para empezar TIC en 1\u00ba Bachillerato\"}]},{\"@type\":\"WebSite\",\"@id\":\"https:\/\/davidperezalonso.com\/blog\/#website\",\"url\":\"https:\/\/davidperezalonso.com\/blog\/\",\"name\":\"Blog Docente - David P\u00e9rez Alonso\",\"description\":\"Blog sobre mis clases y docencia en Formaci\u00f3n Profesional, Bachillerato y ESO\",\"potentialAction\":[{\"@type\":\"SearchAction\",\"target\":{\"@type\":\"EntryPoint\",\"urlTemplate\":\"https:\/\/davidperezalonso.com\/blog\/?s={search_term_string}\"},\"query-input\":{\"@type\":\"PropertyValueSpecification\",\"valueRequired\":true,\"valueName\":\"search_term_string\"}}],\"inLanguage\":\"es\"},{\"@type\":\"Person\",\"@id\":\"https:\/\/davidperezalonso.com\/blog\/#\/schema\/person\/9871d464f81e9a10fb75db28db0a775e\",\"name\":\"David Perez Alonso\",\"image\":{\"@type\":\"ImageObject\",\"inLanguage\":\"es\",\"@id\":\"https:\/\/davidperezalonso.com\/blog\/#\/schema\/person\/image\/\",\"url\":\"https:\/\/secure.gravatar.com\/avatar\/44181eb9683be82a2c7885db85733fb4da2b1ebdeab76c61b4ba517c4bd6d93c?s=96&d=mm&r=g\",\"contentUrl\":\"https:\/\/secure.gravatar.com\/avatar\/44181eb9683be82a2c7885db85733fb4da2b1ebdeab76c61b4ba517c4bd6d93c?s=96&d=mm&r=g\",\"caption\":\"David Perez Alonso\"}}]}<\/script>\n<!-- \/ Yoast SEO plugin. -->","yoast_head_json":{"title":"Arrancamos curso: Una nueva idea para empezar TIC en 1\u00ba Bachillerato &#8211; Blog Docente - David P\u00e9rez Alonso","robots":{"index":"index","follow":"follow","max-snippet":"max-snippet:-1","max-image-preview":"max-image-preview:large","max-video-preview":"max-video-preview:-1"},"canonical":"https:\/\/davidperezalonso.com\/blog\/arrancamos-curso-una-nueva-idea-para-empezar-tic-en-1o-bachillerato\/","og_locale":"es_ES","og_type":"article","og_title":"Arrancamos curso: Una nueva idea para empezar TIC en 1\u00ba Bachillerato &#8211; Blog Docente - David P\u00e9rez Alonso","og_description":"Esta ma\u00f1ana visitaba a mis padres tras mi caminata matutina dominicaly he visto la chul\u00edsima portada de El Pa\u00eds Semanal (s\u00ed\u00b4, mi padre contin\u00faa suscrito a El Pa\u00eds y su primer ejercicio diario consiste&#46;&#46;&#46;","og_url":"https:\/\/davidperezalonso.com\/blog\/arrancamos-curso-una-nueva-idea-para-empezar-tic-en-1o-bachillerato\/","og_site_name":"Blog Docente - David P\u00e9rez Alonso","article_published_time":"2019-09-08T19:21:10+00:00","article_modified_time":"2019-09-08T19:21:12+00:00","og_image":[{"width":699,"height":888,"url":"https:\/\/davidperezalonso.com\/blog\/wp-content\/uploads\/2019\/09\/5G.png","type":"image\/png"}],"author":"David Perez Alonso","twitter_card":"summary_large_image","twitter_creator":"@DavidPerezProfe","twitter_site":"@DavidPerezProfe","twitter_misc":{"Escrito por":"David Perez Alonso","Tiempo de lectura":"2 minutos"},"schema":{"@context":"https:\/\/schema.org","@graph":[{"@type":"Article","@id":"https:\/\/davidperezalonso.com\/blog\/arrancamos-curso-una-nueva-idea-para-empezar-tic-en-1o-bachillerato\/#article","isPartOf":{"@id":"https:\/\/davidperezalonso.com\/blog\/arrancamos-curso-una-nueva-idea-para-empezar-tic-en-1o-bachillerato\/"},"author":{"name":"David Perez Alonso","@id":"https:\/\/davidperezalonso.com\/blog\/#\/schema\/person\/9871d464f81e9a10fb75db28db0a775e"},"headline":"Arrancamos curso: Una nueva idea para empezar TIC en 1\u00ba Bachillerato","datePublished":"2019-09-08T19:21:10+00:00","dateModified":"2019-09-08T19:21:12+00:00","mainEntityOfPage":{"@id":"https:\/\/davidperezalonso.com\/blog\/arrancamos-curso-una-nueva-idea-para-empezar-tic-en-1o-bachillerato\/"},"wordCount":430,"commentCount":0,"image":{"@id":"https:\/\/davidperezalonso.com\/blog\/arrancamos-curso-una-nueva-idea-para-empezar-tic-en-1o-bachillerato\/#primaryimage"},"thumbnailUrl":"https:\/\/davidperezalonso.com\/blog\/wp-content\/uploads\/2019\/09\/5G.png","keywords":["5G","desarrollo de software","hardware","motivacion","redes","SSOO"],"articleSection":["1BACH"],"inLanguage":"es","potentialAction":[{"@type":"CommentAction","name":"Comment","target":["https:\/\/davidperezalonso.com\/blog\/arrancamos-curso-una-nueva-idea-para-empezar-tic-en-1o-bachillerato\/#respond"]}]},{"@type":"WebPage","@id":"https:\/\/davidperezalonso.com\/blog\/arrancamos-curso-una-nueva-idea-para-empezar-tic-en-1o-bachillerato\/","url":"https:\/\/davidperezalonso.com\/blog\/arrancamos-curso-una-nueva-idea-para-empezar-tic-en-1o-bachillerato\/","name":"Arrancamos curso: Una nueva idea para empezar TIC en 1\u00ba Bachillerato &#8211; Blog Docente - David P\u00e9rez Alonso","isPartOf":{"@id":"https:\/\/davidperezalonso.com\/blog\/#website"},"primaryImageOfPage":{"@id":"https:\/\/davidperezalonso.com\/blog\/arrancamos-curso-una-nueva-idea-para-empezar-tic-en-1o-bachillerato\/#primaryimage"},"image":{"@id":"https:\/\/davidperezalonso.com\/blog\/arrancamos-curso-una-nueva-idea-para-empezar-tic-en-1o-bachillerato\/#primaryimage"},"thumbnailUrl":"https:\/\/davidperezalonso.com\/blog\/wp-content\/uploads\/2019\/09\/5G.png","datePublished":"2019-09-08T19:21:10+00:00","dateModified":"2019-09-08T19:21:12+00:00","author":{"@id":"https:\/\/davidperezalonso.com\/blog\/#\/schema\/person\/9871d464f81e9a10fb75db28db0a775e"},"breadcrumb":{"@id":"https:\/\/davidperezalonso.com\/blog\/arrancamos-curso-una-nueva-idea-para-empezar-tic-en-1o-bachillerato\/#breadcrumb"},"inLanguage":"es","potentialAction":[{"@type":"ReadAction","target":["https:\/\/davidperezalonso.com\/blog\/arrancamos-curso-una-nueva-idea-para-empezar-tic-en-1o-bachillerato\/"]}]},{"@type":"ImageObject","inLanguage":"es","@id":"https:\/\/davidperezalonso.com\/blog\/arrancamos-curso-una-nueva-idea-para-empezar-tic-en-1o-bachillerato\/#primaryimage","url":"https:\/\/davidperezalonso.com\/blog\/wp-content\/uploads\/2019\/09\/5G.png","contentUrl":"https:\/\/davidperezalonso.com\/blog\/wp-content\/uploads\/2019\/09\/5G.png","width":699,"height":888},{"@type":"BreadcrumbList","@id":"https:\/\/davidperezalonso.com\/blog\/arrancamos-curso-una-nueva-idea-para-empezar-tic-en-1o-bachillerato\/#breadcrumb","itemListElement":[{"@type":"ListItem","position":1,"name":"Portada","item":"https:\/\/davidperezalonso.com\/blog\/"},{"@type":"ListItem","position":2,"name":"Arrancamos curso: Una nueva idea para empezar TIC en 1\u00ba Bachillerato"}]},{"@type":"WebSite","@id":"https:\/\/davidperezalonso.com\/blog\/#website","url":"https:\/\/davidperezalonso.com\/blog\/","name":"Blog Docente - David P\u00e9rez Alonso","description":"Blog sobre mis clases y docencia en Formaci\u00f3n Profesional, Bachillerato y ESO","potentialAction":[{"@type":"SearchAction","target":{"@type":"EntryPoint","urlTemplate":"https:\/\/davidperezalonso.com\/blog\/?s={search_term_string}"},"query-input":{"@type":"PropertyValueSpecification","valueRequired":true,"valueName":"search_term_string"}}],"inLanguage":"es"},{"@type":"Person","@id":"https:\/\/davidperezalonso.com\/blog\/#\/schema\/person\/9871d464f81e9a10fb75db28db0a775e","name":"David Perez Alonso","image":{"@type":"ImageObject","inLanguage":"es","@id":"https:\/\/davidperezalonso.com\/blog\/#\/schema\/person\/image\/","url":"https:\/\/secure.gravatar.com\/avatar\/44181eb9683be82a2c7885db85733fb4da2b1ebdeab76c61b4ba517c4bd6d93c?s=96&d=mm&r=g","contentUrl":"https:\/\/secure.gravatar.com\/avatar\/44181eb9683be82a2c7885db85733fb4da2b1ebdeab76c61b4ba517c4bd6d93c?s=96&d=mm&r=g","caption":"David Perez Alonso"}}]}},"_links":{"self":[{"href":"https:\/\/davidperezalonso.com\/blog\/wp-json\/wp\/v2\/posts\/1337","targetHints":{"allow":["GET"]}}],"collection":[{"href":"https:\/\/davidperezalonso.com\/blog\/wp-json\/wp\/v2\/posts"}],"about":[{"href":"https:\/\/davidperezalonso.com\/blog\/wp-json\/wp\/v2\/types\/post"}],"author":[{"embeddable":true,"href":"https:\/\/davidperezalonso.com\/blog\/wp-json\/wp\/v2\/users\/29"}],"replies":[{"embeddable":true,"href":"https:\/\/davidperezalonso.com\/blog\/wp-json\/wp\/v2\/comments?post=1337"}],"version-history":[{"count":1,"href":"https:\/\/davidperezalonso.com\/blog\/wp-json\/wp\/v2\/posts\/1337\/revisions"}],"predecessor-version":[{"id":1339,"href":"https:\/\/davidperezalonso.com\/blog\/wp-json\/wp\/v2\/posts\/1337\/revisions\/1339"}],"wp:featuredmedia":[{"embeddable":true,"href":"https:\/\/davidperezalonso.com\/blog\/wp-json\/wp\/v2\/media\/1338"}],"wp:attachment":[{"href":"https:\/\/davidperezalonso.com\/blog\/wp-json\/wp\/v2\/media?parent=1337"}],"wp:term":[{"taxonomy":"category","embeddable":true,"href":"https:\/\/davidperezalonso.com\/blog\/wp-json\/wp\/v2\/categories?post=1337"},{"taxonomy":"post_tag","embeddable":true,"href":"https:\/\/davidperezalonso.com\/blog\/wp-json\/wp\/v2\/tags?post=1337"}],"curies":[{"name":"wp","href":"https:\/\/api.w.org\/{rel}","templated":true}]}}