{"id":185,"date":"2012-09-23T20:42:26","date_gmt":"2012-09-23T18:42:26","guid":{"rendered":"http:\/\/davidperezalonso.com\/blog\/?p=185"},"modified":"2012-09-23T20:42:26","modified_gmt":"2012-09-23T18:42:26","slug":"talleres-en-la-moodle-moot-2012","status":"publish","type":"post","link":"https:\/\/davidperezalonso.com\/blog\/talleres-en-la-moodle-moot-2012\/","title":{"rendered":"Talleres en la Moodle Moot 2012"},"content":{"rendered":"<p>Como ya os coment\u00e9 en la entrada anterior, estos d\u00edas 19, 20 y 21 de septiembre se est\u00e1 celebrando la <a href=\"http:\/\/2012.moodlemoot.net\/\" target=\"_blank\"><strong>Moodle Moot 2012<\/strong><\/a> aqu\u00ed en la UEM.<\/p>\n<p>Muchos de los profesores y alumnos de la Escuela Polit\u00e9cnica estamos colaborando en la labor de asistente a todas las sesiones: talleres, grupos de expertos, ponencias, etc que est\u00e1 habiendo estos d\u00edas relacionadas con el mundillo de Moodle.<\/p>\n<p>Yo he estado de asistente en tres actos:<\/p>\n<p>Ayer mi\u00e9rcoles estuve en la ponencia \u00ab<em><strong>Moodle en la nube: Un caso pr\u00e1ctico<\/strong><\/em>\u00bb realizada a la par por Vanesa Iglesias de\u00a0<strong>Arsys<\/strong> y David Paniagua de <a href=\"http:\/\/www.ocu.es\/portal\/page\/portal\/inicio\" target=\"_blank\"><strong>OCU<\/strong><\/a> en la que nos comentaron la soluci\u00f3n cloud\u00a0 de los primeros para soportar Moodle (y otras plataformas) que es <a href=\"http:\/\/www.cloudbuilder.es\/\" target=\"_blank\">Cloud Builder<\/a> y la migraci\u00f3n de Moodle 1.9 a 2.2 a una soluci\u00f3n mixta del<strong> Campus Virtual UEM<\/strong> utilizando virtualizaci\u00f3n de Arsys. La tanda de preguntas con muchos asistentes interesados con c\u00f3mo realizar migraciones similares, c\u00f3mo funciona la virtualizaci\u00f3n, etc, tuvo bien de chicha!!<\/p>\n<p>Hoy jueves he estado en dos talleres pr\u00e1cticos bien interesantes y animados.El primero \u00ab<strong>Gesti\u00f3n de documentos on-line en Moodle con repositorios y portafolios<\/strong>\u00bb impartido por Juan Manuel Vaca y Sol Garc\u00eda. En el que han mostrado c\u00f3mo vincular Moodle con aplicaciones como Google Docs, Picas o Dropbox. En esta sesi\u00f3n he estado m\u00e1s pendientes de los problemillas de red que hab\u00eda que de la propia charla, pero estaba hasta los topes y ha habido un animado debate.<\/p>\n<p>El segundo \u00ab<strong>Question-line. Plataforma para la creaci\u00f3n de ejercicios interactivos \u00ab<\/strong> impartido por Amaia Anabitarte, ha servido para conocer m\u00e1s herramientas para realizar ejercicios y cuestionarios para utilizar en Moodle. Aqu\u00ed est\u00e1: <a href=\"http:\/\/questionline.es\/\" target=\"_blank\">http:\/\/questionline.es\/<\/a> Genial! M\u00e1s utilidades!!!<\/p>\n<p>Encantado de echar una mano y aprender m\u00e1s sobre esta potent\u00edsima herramienta docente que es Moodle!<\/p>\n","protected":false},"excerpt":{"rendered":"<p>Como ya os coment\u00e9 en la entrada anterior, estos d\u00edas 19, 20 y 21 de septiembre se est\u00e1 celebrando la Moodle Moot 2012 aqu\u00ed en la UEM. Muchos de los profesores y alumnos de&#46;&#46;&#46;<\/p>\n","protected":false},"author":1,"featured_media":0,"comment_status":"open","ping_status":"closed","sticky":false,"template":"","format":"standard","meta":{"footnotes":""},"categories":[10],"tags":[77],"class_list":["post-185","post","type-post","status-publish","format-standard","hentry","category-uem","tag-moodlemoot-2012"],"yoast_head":"<!-- This site is optimized with the Yoast SEO plugin v27.0 - https:\/\/yoast.com\/product\/yoast-seo-wordpress\/ -->\n<title>Talleres en la Moodle Moot 2012 &#8211; Blog Docente - David P\u00e9rez Alonso<\/title>\n<meta name=\"robots\" content=\"index, follow, max-snippet:-1, max-image-preview:large, max-video-preview:-1\" \/>\n<link rel=\"canonical\" href=\"https:\/\/davidperezalonso.com\/blog\/talleres-en-la-moodle-moot-2012\/\" \/>\n<meta property=\"og:locale\" content=\"es_ES\" \/>\n<meta property=\"og:type\" content=\"article\" \/>\n<meta property=\"og:title\" content=\"Talleres en la Moodle Moot 2012 &#8211; Blog Docente - David P\u00e9rez Alonso\" \/>\n<meta property=\"og:description\" content=\"Como ya os coment\u00e9 en la entrada anterior, estos d\u00edas 19, 20 y 21 de septiembre se est\u00e1 celebrando la Moodle Moot 2012 aqu\u00ed en la UEM. Muchos de los profesores y alumnos de&#046;&#046;&#046;\" \/>\n<meta property=\"og:url\" content=\"https:\/\/davidperezalonso.com\/blog\/talleres-en-la-moodle-moot-2012\/\" \/>\n<meta property=\"og:site_name\" content=\"Blog Docente - David P\u00e9rez Alonso\" \/>\n<meta property=\"article:published_time\" content=\"2012-09-23T18:42:26+00:00\" \/>\n<meta name=\"author\" content=\"admin\" \/>\n<meta name=\"twitter:card\" content=\"summary_large_image\" \/>\n<meta name=\"twitter:creator\" content=\"@DavidPerezProfe\" \/>\n<meta name=\"twitter:site\" content=\"@DavidPerezProfe\" \/>\n<meta name=\"twitter:label1\" content=\"Escrito por\" \/>\n\t<meta name=\"twitter:data1\" content=\"admin\" \/>\n\t<meta name=\"twitter:label2\" content=\"Tiempo de lectura\" \/>\n\t<meta name=\"twitter:data2\" content=\"2 minutos\" \/>\n<script type=\"application\/ld+json\" class=\"yoast-schema-graph\">{\"@context\":\"https:\/\/schema.org\",\"@graph\":[{\"@type\":\"Article\",\"@id\":\"https:\/\/davidperezalonso.com\/blog\/talleres-en-la-moodle-moot-2012\/#article\",\"isPartOf\":{\"@id\":\"https:\/\/davidperezalonso.com\/blog\/talleres-en-la-moodle-moot-2012\/\"},\"author\":{\"name\":\"admin\",\"@id\":\"https:\/\/davidperezalonso.com\/blog\/#\/schema\/person\/1db0dd27700572c6ed41e705a69f7fc3\"},\"headline\":\"Talleres en la Moodle Moot 2012\",\"datePublished\":\"2012-09-23T18:42:26+00:00\",\"mainEntityOfPage\":{\"@id\":\"https:\/\/davidperezalonso.com\/blog\/talleres-en-la-moodle-moot-2012\/\"},\"wordCount\":317,\"commentCount\":0,\"keywords\":[\"moodlemoot 2012\"],\"articleSection\":[\"UEM\"],\"inLanguage\":\"es\",\"potentialAction\":[{\"@type\":\"CommentAction\",\"name\":\"Comment\",\"target\":[\"https:\/\/davidperezalonso.com\/blog\/talleres-en-la-moodle-moot-2012\/#respond\"]}]},{\"@type\":\"WebPage\",\"@id\":\"https:\/\/davidperezalonso.com\/blog\/talleres-en-la-moodle-moot-2012\/\",\"url\":\"https:\/\/davidperezalonso.com\/blog\/talleres-en-la-moodle-moot-2012\/\",\"name\":\"Talleres en la Moodle Moot 2012 &#8211; Blog Docente - David P\u00e9rez Alonso\",\"isPartOf\":{\"@id\":\"https:\/\/davidperezalonso.com\/blog\/#website\"},\"datePublished\":\"2012-09-23T18:42:26+00:00\",\"author\":{\"@id\":\"https:\/\/davidperezalonso.com\/blog\/#\/schema\/person\/1db0dd27700572c6ed41e705a69f7fc3\"},\"breadcrumb\":{\"@id\":\"https:\/\/davidperezalonso.com\/blog\/talleres-en-la-moodle-moot-2012\/#breadcrumb\"},\"inLanguage\":\"es\",\"potentialAction\":[{\"@type\":\"ReadAction\",\"target\":[\"https:\/\/davidperezalonso.com\/blog\/talleres-en-la-moodle-moot-2012\/\"]}]},{\"@type\":\"BreadcrumbList\",\"@id\":\"https:\/\/davidperezalonso.com\/blog\/talleres-en-la-moodle-moot-2012\/#breadcrumb\",\"itemListElement\":[{\"@type\":\"ListItem\",\"position\":1,\"name\":\"Portada\",\"item\":\"https:\/\/davidperezalonso.com\/blog\/\"},{\"@type\":\"ListItem\",\"position\":2,\"name\":\"Talleres en la Moodle Moot 2012\"}]},{\"@type\":\"WebSite\",\"@id\":\"https:\/\/davidperezalonso.com\/blog\/#website\",\"url\":\"https:\/\/davidperezalonso.com\/blog\/\",\"name\":\"Blog Docente - David P\u00e9rez Alonso\",\"description\":\"Blog sobre mis clases y docencia en Formaci\u00f3n Profesional, Bachillerato y ESO\",\"potentialAction\":[{\"@type\":\"SearchAction\",\"target\":{\"@type\":\"EntryPoint\",\"urlTemplate\":\"https:\/\/davidperezalonso.com\/blog\/?s={search_term_string}\"},\"query-input\":{\"@type\":\"PropertyValueSpecification\",\"valueRequired\":true,\"valueName\":\"search_term_string\"}}],\"inLanguage\":\"es\"},{\"@type\":\"Person\",\"@id\":\"https:\/\/davidperezalonso.com\/blog\/#\/schema\/person\/1db0dd27700572c6ed41e705a69f7fc3\",\"name\":\"admin\",\"image\":{\"@type\":\"ImageObject\",\"inLanguage\":\"es\",\"@id\":\"https:\/\/davidperezalonso.com\/blog\/#\/schema\/person\/image\/\",\"url\":\"https:\/\/secure.gravatar.com\/avatar\/6da540181b6cb9cf154bdd6b50f2e5989f30a6be1d7ad004e44593af540b72dd?s=96&d=mm&r=g\",\"contentUrl\":\"https:\/\/secure.gravatar.com\/avatar\/6da540181b6cb9cf154bdd6b50f2e5989f30a6be1d7ad004e44593af540b72dd?s=96&d=mm&r=g\",\"caption\":\"admin\"},\"description\":\"Ingeniero T\u00e9cnico de Telecomunicaci\u00f3n (Especialidad en Sonido e Imagen) por la Universidad Polit\u00e9cnica de Madrid (1997). Experiencia laboral de siete a\u00f1os en el departamento de I+D de la multinacional LIPMAN (Hw\/Sw) pero cambi\u00f3 de nombre y ahora sabr\u00e9is de ella por VERIFONE. Despu\u00e9s trabaj\u00e9 unos 4 a\u00f1os en un centro de Formaci\u00f3n realizando cursos de formaci\u00f3n On-line y mixta en \u00e1reas relacionadas con la inform\u00e1tica, programaci\u00f3n web, I+D, etc. Desde el a\u00f1o 2010 pertenezco al Departamento de Inform\u00e1tica de la UEM como profesor de Ciclos Formativos de Grado Superior en STI y ASIR (\\\"teleco\\\" e inform\u00e1tica), as\u00ed que si est\u00e1is viendo este perfil, o bien sois compa\u00f1erxs o alumnxs.\"}]}<\/script>\n<!-- \/ Yoast SEO plugin. -->","yoast_head_json":{"title":"Talleres en la Moodle Moot 2012 &#8211; Blog Docente - David P\u00e9rez Alonso","robots":{"index":"index","follow":"follow","max-snippet":"max-snippet:-1","max-image-preview":"max-image-preview:large","max-video-preview":"max-video-preview:-1"},"canonical":"https:\/\/davidperezalonso.com\/blog\/talleres-en-la-moodle-moot-2012\/","og_locale":"es_ES","og_type":"article","og_title":"Talleres en la Moodle Moot 2012 &#8211; Blog Docente - David P\u00e9rez Alonso","og_description":"Como ya os coment\u00e9 en la entrada anterior, estos d\u00edas 19, 20 y 21 de septiembre se est\u00e1 celebrando la Moodle Moot 2012 aqu\u00ed en la UEM. Muchos de los profesores y alumnos de&#46;&#46;&#46;","og_url":"https:\/\/davidperezalonso.com\/blog\/talleres-en-la-moodle-moot-2012\/","og_site_name":"Blog Docente - David P\u00e9rez Alonso","article_published_time":"2012-09-23T18:42:26+00:00","author":"admin","twitter_card":"summary_large_image","twitter_creator":"@DavidPerezProfe","twitter_site":"@DavidPerezProfe","twitter_misc":{"Escrito por":"admin","Tiempo de lectura":"2 minutos"},"schema":{"@context":"https:\/\/schema.org","@graph":[{"@type":"Article","@id":"https:\/\/davidperezalonso.com\/blog\/talleres-en-la-moodle-moot-2012\/#article","isPartOf":{"@id":"https:\/\/davidperezalonso.com\/blog\/talleres-en-la-moodle-moot-2012\/"},"author":{"name":"admin","@id":"https:\/\/davidperezalonso.com\/blog\/#\/schema\/person\/1db0dd27700572c6ed41e705a69f7fc3"},"headline":"Talleres en la Moodle Moot 2012","datePublished":"2012-09-23T18:42:26+00:00","mainEntityOfPage":{"@id":"https:\/\/davidperezalonso.com\/blog\/talleres-en-la-moodle-moot-2012\/"},"wordCount":317,"commentCount":0,"keywords":["moodlemoot 2012"],"articleSection":["UEM"],"inLanguage":"es","potentialAction":[{"@type":"CommentAction","name":"Comment","target":["https:\/\/davidperezalonso.com\/blog\/talleres-en-la-moodle-moot-2012\/#respond"]}]},{"@type":"WebPage","@id":"https:\/\/davidperezalonso.com\/blog\/talleres-en-la-moodle-moot-2012\/","url":"https:\/\/davidperezalonso.com\/blog\/talleres-en-la-moodle-moot-2012\/","name":"Talleres en la Moodle Moot 2012 &#8211; Blog Docente - David P\u00e9rez Alonso","isPartOf":{"@id":"https:\/\/davidperezalonso.com\/blog\/#website"},"datePublished":"2012-09-23T18:42:26+00:00","author":{"@id":"https:\/\/davidperezalonso.com\/blog\/#\/schema\/person\/1db0dd27700572c6ed41e705a69f7fc3"},"breadcrumb":{"@id":"https:\/\/davidperezalonso.com\/blog\/talleres-en-la-moodle-moot-2012\/#breadcrumb"},"inLanguage":"es","potentialAction":[{"@type":"ReadAction","target":["https:\/\/davidperezalonso.com\/blog\/talleres-en-la-moodle-moot-2012\/"]}]},{"@type":"BreadcrumbList","@id":"https:\/\/davidperezalonso.com\/blog\/talleres-en-la-moodle-moot-2012\/#breadcrumb","itemListElement":[{"@type":"ListItem","position":1,"name":"Portada","item":"https:\/\/davidperezalonso.com\/blog\/"},{"@type":"ListItem","position":2,"name":"Talleres en la Moodle Moot 2012"}]},{"@type":"WebSite","@id":"https:\/\/davidperezalonso.com\/blog\/#website","url":"https:\/\/davidperezalonso.com\/blog\/","name":"Blog Docente - David P\u00e9rez Alonso","description":"Blog sobre mis clases y docencia en Formaci\u00f3n Profesional, Bachillerato y ESO","potentialAction":[{"@type":"SearchAction","target":{"@type":"EntryPoint","urlTemplate":"https:\/\/davidperezalonso.com\/blog\/?s={search_term_string}"},"query-input":{"@type":"PropertyValueSpecification","valueRequired":true,"valueName":"search_term_string"}}],"inLanguage":"es"},{"@type":"Person","@id":"https:\/\/davidperezalonso.com\/blog\/#\/schema\/person\/1db0dd27700572c6ed41e705a69f7fc3","name":"admin","image":{"@type":"ImageObject","inLanguage":"es","@id":"https:\/\/davidperezalonso.com\/blog\/#\/schema\/person\/image\/","url":"https:\/\/secure.gravatar.com\/avatar\/6da540181b6cb9cf154bdd6b50f2e5989f30a6be1d7ad004e44593af540b72dd?s=96&d=mm&r=g","contentUrl":"https:\/\/secure.gravatar.com\/avatar\/6da540181b6cb9cf154bdd6b50f2e5989f30a6be1d7ad004e44593af540b72dd?s=96&d=mm&r=g","caption":"admin"},"description":"Ingeniero T\u00e9cnico de Telecomunicaci\u00f3n (Especialidad en Sonido e Imagen) por la Universidad Polit\u00e9cnica de Madrid (1997). Experiencia laboral de siete a\u00f1os en el departamento de I+D de la multinacional LIPMAN (Hw\/Sw) pero cambi\u00f3 de nombre y ahora sabr\u00e9is de ella por VERIFONE. Despu\u00e9s trabaj\u00e9 unos 4 a\u00f1os en un centro de Formaci\u00f3n realizando cursos de formaci\u00f3n On-line y mixta en \u00e1reas relacionadas con la inform\u00e1tica, programaci\u00f3n web, I+D, etc. Desde el a\u00f1o 2010 pertenezco al Departamento de Inform\u00e1tica de la UEM como profesor de Ciclos Formativos de Grado Superior en STI y ASIR (\"teleco\" e inform\u00e1tica), as\u00ed que si est\u00e1is viendo este perfil, o bien sois compa\u00f1erxs o alumnxs."}]}},"_links":{"self":[{"href":"https:\/\/davidperezalonso.com\/blog\/wp-json\/wp\/v2\/posts\/185","targetHints":{"allow":["GET"]}}],"collection":[{"href":"https:\/\/davidperezalonso.com\/blog\/wp-json\/wp\/v2\/posts"}],"about":[{"href":"https:\/\/davidperezalonso.com\/blog\/wp-json\/wp\/v2\/types\/post"}],"author":[{"embeddable":true,"href":"https:\/\/davidperezalonso.com\/blog\/wp-json\/wp\/v2\/users\/1"}],"replies":[{"embeddable":true,"href":"https:\/\/davidperezalonso.com\/blog\/wp-json\/wp\/v2\/comments?post=185"}],"version-history":[{"count":3,"href":"https:\/\/davidperezalonso.com\/blog\/wp-json\/wp\/v2\/posts\/185\/revisions"}],"predecessor-version":[{"id":189,"href":"https:\/\/davidperezalonso.com\/blog\/wp-json\/wp\/v2\/posts\/185\/revisions\/189"}],"wp:attachment":[{"href":"https:\/\/davidperezalonso.com\/blog\/wp-json\/wp\/v2\/media?parent=185"}],"wp:term":[{"taxonomy":"category","embeddable":true,"href":"https:\/\/davidperezalonso.com\/blog\/wp-json\/wp\/v2\/categories?post=185"},{"taxonomy":"post_tag","embeddable":true,"href":"https:\/\/davidperezalonso.com\/blog\/wp-json\/wp\/v2\/tags?post=185"}],"curies":[{"name":"wp","href":"https:\/\/api.w.org\/{rel}","templated":true}]}}