{"id":234,"date":"2012-12-13T14:31:29","date_gmt":"2012-12-13T13:31:29","guid":{"rendered":"http:\/\/davidperezalonso.com\/blog\/?p=234"},"modified":"2012-12-13T14:31:29","modified_gmt":"2012-12-13T13:31:29","slug":"sobre-el-cfgs-de-dam-desarrollo-de-aplicaciones-multiplataforma","status":"publish","type":"post","link":"https:\/\/davidperezalonso.com\/blog\/sobre-el-cfgs-de-dam-desarrollo-de-aplicaciones-multiplataforma\/","title":{"rendered":"Sobre el CFGS de DAM (Desarrollo de Aplicaciones Multiplataforma)"},"content":{"rendered":"<p>El pasado mi\u00e9rcoles 5 de diciembre apareci\u00f3 en <strong>El Economista<\/strong> un art\u00edculo <a href=\"http:\/\/ecoaula.eleconomista.es\/interstitial\/volver\/acierto\/universidades\/noticias\/4449166\/12\/12\/Aplicaciones-moviles-la-principal-apuesta-de-los-jovenes-empresarios.html\" target=\"_blank\">Aplicaciones m\u00f3viles, la principal apuesta de los j\u00f3venes empresarios<\/a> en el que se habla del desarrollo de <strong>aplicaciones para dispositivos m\u00f3viles<\/strong> y tambi\u00e9n del <a href=\"http:\/\/www.uem.es\/ciclos-formativos\/tecnico-superior-en-desarrollo-de-aplicaciones-multiplataforma\" target=\"_blank\"><strong>CFGS de DAM<\/strong><\/a> que impartimos en la UEM. De hecho, realizaron un cuestionario a mi compi <strong>David \u00c1lvarez Boyero<\/strong> para elaborar el art\u00edculo&#8230;<\/p>\n<p><a href=\"http:\/\/davidperezalonso.com\/blog\/wp-content\/uploads\/2012\/12\/REX-PC-Web3.gif\"><img loading=\"lazy\" decoding=\"async\" class=\" wp-image-235 alignleft\" title=\"REX-PC-Web3\" src=\"http:\/\/davidperezalonso.com\/blog\/wp-content\/uploads\/2012\/12\/REX-PC-Web3.gif\" alt=\"\" width=\"160\" height=\"292\" srcset=\"https:\/\/davidperezalonso.com\/blog\/wp-content\/uploads\/2012\/12\/REX-PC-Web3.gif 267w, https:\/\/davidperezalonso.com\/blog\/wp-content\/uploads\/2012\/12\/REX-PC-Web3-164x300.gif 164w\" sizes=\"auto, (max-width: 160px) 100vw, 160px\" \/><\/a>Os dejo por aqu\u00ed el cuestionario completo que David cuenta cosas bien interesantes, adem\u00e1s, ya que se lo curr\u00f3 con ganas (como todas las cosas que hace), lo difundimos por aqu\u00ed:<\/p>\n<p style=\"text-align: left;\"><strong><em>Ecoaula.- \u00bfQu\u00e9 es necesario para crear una app? \u00bfEs necesario tener estudios espec\u00edficos?<\/em><\/strong><br \/>\n<em>Hoy d\u00eda, cualquier persona puede crear una peque\u00f1a aplicaci\u00f3n sin conocimientos espec\u00edficos de<\/em><br \/>\n<em>programaci\u00f3n, hay multitud de herramientas que ayudan a hacerla de forma visual y r\u00e1pidamente.<\/em><br \/>\n<em>Dicho esto, hay que preguntarse: \u00bfla aplicaci\u00f3n es buena?, \u00bfaprovecha eficientemente los recursos<\/em><br \/>\n<em>del ordenador en el que se va a utilizar?, \u00bfsatisface los requisitos previos que el usuario de esa<\/em> <em>aplicaci\u00f3n ha especificado para su dise\u00f1o?, \u00bfes f\u00e1cil de utilizar por el usuario al que va destinada?;<\/em> <em>en definitiva, \u00bfes una herramienta \u201camigable\u201d, eficiente, que ahorra tiempo y esfuerzo a los usuarios<\/em> <em>u organizaciones que la utilicen?<\/em> <em>Para crear, o mejor dicho para dise\u00f1ar y crear aplicaciones de este tipo, sin duda se necesitan<\/em> <em>profesionales bien preparados y formados, que tengan estudios espec\u00edficos.<\/em><br \/>\n<em>De la misma manera que para hacer una operaci\u00f3n delicada se busca a un Cirujano Especialista,<\/em><em>para crear una buena aplicaci\u00f3n se debe buscar a un Inform\u00e1tico espec\u00edficamente formado en<\/em> <em>Desarrollo de Aplicaciones.<\/em><br \/>\n<strong><em>Ecoaula.- \u00bfQu\u00e9 tipo de aplicaciones hay que crear para tener \u00e9xito?<\/em><\/strong><br \/>\n<em>Si la pregunta es: \u201c\u00bfQu\u00e9 necesita una aplicaci\u00f3n para triunfar en el mercado?\u201d, la respuesta es: \u201cSi<\/em> <em>es de calidad, triunfar\u00e1\u201d.<\/em> <em>Para que una aplicaci\u00f3n sea de calidad, debe cumplir, al menos, estos seis requisitos: <\/em><em>Que sea Funcional, es decir que satisfaga las necesidades del usuario que la usa, que cumpla el<\/em> <em>prop\u00f3sito para el que fue creada.<\/em><br \/>\n<em>Que sea Fiable, que ofrezca garant\u00edas de que la tarea para la que se dise\u00f1\u00f3, se realice<\/em><br \/>\n<em>correctamente durante el m\u00e1ximo de tiempo posible, que perdure en el tiempo cumpliendo su<\/em> <em>funci\u00f3n.<\/em><br \/>\n<em>Que sea \u201cUsable\u201d, su uso debe ser f\u00e1cil de aprender, f\u00e1cil de entender y muy intuitivo, no debe<\/em> <em>producir rechazo al usuario, sino atracci\u00f3n.<\/em><br \/>\n<em>Que sea Eficiente, debe usar los recursos del ordenador necesarios y suficientes en cada momento,<\/em> <em>pero no m\u00e1s (memoria, cpu, almacenamiento en disco, etc.)<\/em><br \/>\n<em>Que sea \u201cPortable\u201d, es decir que se pueda trasladar el uso de la aplicaci\u00f3n y sus datos a cualquier<\/em> <em>ordenador, de cualquier marca, con cualquier sistema operativo. Actualmente esta propiedad es<\/em> <em>imprescindible, debido a la diversidad de dispositivos de diferentes marcas que se usan en el d\u00eda a<\/em> <em>d\u00eda por una misma persona, por un mismo usuario: tel\u00e9fono m\u00f3vil, tablet, port\u00e1til, ordenador de<\/em> <em>sobremesa, etc.<\/em><br \/>\n<em>Que sea F\u00e1cil de Mantener, que se pueda adaptar f\u00e1cil y r\u00e1pidamente a nuevos requerimientos, a<\/em> <em>nuevas necesidades de los usuarios; adem\u00e1s, que se repare de la misma manera, en caso de que<\/em> <em>se descubra un fallo que no fue detectado en la fase de pruebas de la aplicaci\u00f3n.<\/em><br \/>\n<em>Cualquier aplicaci\u00f3n que cumpla con estas seis propiedades, tiene el camino hacia el \u00e9xito<\/em> <em>asegurado. Si adem\u00e1s su coste es bajo, el \u00e9xito estar\u00e1 garantizado.<\/em><br \/>\n<strong><em>Ecoaula.- \u00bfCree que hay suficiente oferta de titulaciones que ense\u00f1en a desarrollar apps?<\/em><\/strong><br \/>\n<em>La cuesti\u00f3n no es si las titulaciones son suficientes o no. La cuesti\u00f3n es que las titulaciones que<\/em> <em>existan est\u00e9n bien planificadas, bien dise\u00f1adas, que los planes de estudio se elaboren a conciencia<\/em> <em>y que los recursos humanos y tecnol\u00f3gicos que se dediquen, sean los adecuados. <\/em><em>Una titulaci\u00f3n que prepare a profesionales para el Desarrollo de Aplicaciones, debe incluir en sus<\/em> <em>planes de estudio unos contenidos que se ajusten a los fijados por ley, incorporando como valor<\/em> <em>a\u00f1adido el uso y conocimiento de las tecnolog\u00edas, herramientas de programaci\u00f3n, lenguajes de<\/em> <em>programaci\u00f3n, etc. que se demandan en el mercado de trabajo. <\/em><em>Los centros de ense\u00f1anza y los docentes, debemos actualizarnos constantemente y debemos estar<\/em> <em>en contacto continuo con las empresas, con el tejido productivo, para saber en todo momento qu\u00e9<\/em> <em>profesionales demandan; de esta manera podremos darles a nuestros titulados una visi\u00f3n m\u00e1s real<\/em> <em>de lo que les espera al finalizar sus estudios y tendr\u00e1n tambi\u00e9n una mejor preparaci\u00f3n que les<br \/>\nofrecer\u00e1 m\u00e1s posibilidades para encontrar un empleo, m\u00e1s a\u00fan en la situaci\u00f3n actual.<br \/>\nEn la Universidad Europea cuidamos mucho estos aspectos y no somos simples transmisores de conocimientos e informaci\u00f3n, acompa\u00f1amos al alumno en su aprendizaje, le guiamos, para que su etapa laboral sea una mera continuaci\u00f3n de su etapa de aprendizaje.<br \/>\n<\/em><\/p>\n<p style=\"text-align: left;\">\n","protected":false},"excerpt":{"rendered":"<p>El pasado mi\u00e9rcoles 5 de diciembre apareci\u00f3 en El Economista un art\u00edculo Aplicaciones m\u00f3viles, la principal apuesta de los j\u00f3venes empresarios en el que se habla del desarrollo de aplicaciones para dispositivos m\u00f3viles y&#46;&#46;&#46;<\/p>\n","protected":false},"author":1,"featured_media":235,"comment_status":"open","ping_status":"closed","sticky":false,"template":"","format":"standard","meta":{"footnotes":""},"categories":[65],"tags":[86,87,88],"class_list":["post-234","post","type-post","status-publish","format-standard","has-post-thumbnail","hentry","category-dam","tag-compis","tag-dispositivos-moviles","tag-programacion"],"yoast_head":"<!-- This site is optimized with the Yoast SEO plugin v27.0 - https:\/\/yoast.com\/product\/yoast-seo-wordpress\/ -->\n<title>Sobre el CFGS de DAM (Desarrollo de Aplicaciones Multiplataforma) &#8211; Blog Docente - David P\u00e9rez Alonso<\/title>\n<meta name=\"robots\" content=\"index, follow, max-snippet:-1, max-image-preview:large, max-video-preview:-1\" \/>\n<link rel=\"canonical\" href=\"https:\/\/davidperezalonso.com\/blog\/sobre-el-cfgs-de-dam-desarrollo-de-aplicaciones-multiplataforma\/\" \/>\n<meta property=\"og:locale\" content=\"es_ES\" \/>\n<meta property=\"og:type\" content=\"article\" \/>\n<meta property=\"og:title\" content=\"Sobre el CFGS de DAM (Desarrollo de Aplicaciones Multiplataforma) &#8211; Blog Docente - David P\u00e9rez Alonso\" \/>\n<meta property=\"og:description\" content=\"El pasado mi\u00e9rcoles 5 de diciembre apareci\u00f3 en El Economista un art\u00edculo Aplicaciones m\u00f3viles, la principal apuesta de los j\u00f3venes empresarios en el que se habla del desarrollo de aplicaciones para dispositivos m\u00f3viles y&#046;&#046;&#046;\" \/>\n<meta property=\"og:url\" content=\"https:\/\/davidperezalonso.com\/blog\/sobre-el-cfgs-de-dam-desarrollo-de-aplicaciones-multiplataforma\/\" \/>\n<meta property=\"og:site_name\" content=\"Blog Docente - David P\u00e9rez Alonso\" \/>\n<meta property=\"article:published_time\" content=\"2012-12-13T13:31:29+00:00\" \/>\n<meta property=\"og:image\" content=\"https:\/\/davidperezalonso.com\/blog\/wp-content\/uploads\/2012\/12\/REX-PC-Web3.gif\" \/>\n\t<meta property=\"og:image:width\" content=\"267\" \/>\n\t<meta property=\"og:image:height\" content=\"486\" \/>\n\t<meta property=\"og:image:type\" content=\"image\/gif\" \/>\n<meta name=\"author\" content=\"admin\" \/>\n<meta name=\"twitter:card\" content=\"summary_large_image\" \/>\n<meta name=\"twitter:creator\" content=\"@DavidPerezProfe\" \/>\n<meta name=\"twitter:site\" content=\"@DavidPerezProfe\" \/>\n<meta name=\"twitter:label1\" content=\"Escrito por\" \/>\n\t<meta name=\"twitter:data1\" content=\"admin\" \/>\n\t<meta name=\"twitter:label2\" content=\"Tiempo de lectura\" \/>\n\t<meta name=\"twitter:data2\" content=\"4 minutos\" \/>\n<script type=\"application\/ld+json\" class=\"yoast-schema-graph\">{\"@context\":\"https:\/\/schema.org\",\"@graph\":[{\"@type\":\"Article\",\"@id\":\"https:\/\/davidperezalonso.com\/blog\/sobre-el-cfgs-de-dam-desarrollo-de-aplicaciones-multiplataforma\/#article\",\"isPartOf\":{\"@id\":\"https:\/\/davidperezalonso.com\/blog\/sobre-el-cfgs-de-dam-desarrollo-de-aplicaciones-multiplataforma\/\"},\"author\":{\"name\":\"admin\",\"@id\":\"https:\/\/davidperezalonso.com\/blog\/#\/schema\/person\/1db0dd27700572c6ed41e705a69f7fc3\"},\"headline\":\"Sobre el CFGS de DAM (Desarrollo de Aplicaciones Multiplataforma)\",\"datePublished\":\"2012-12-13T13:31:29+00:00\",\"mainEntityOfPage\":{\"@id\":\"https:\/\/davidperezalonso.com\/blog\/sobre-el-cfgs-de-dam-desarrollo-de-aplicaciones-multiplataforma\/\"},\"wordCount\":853,\"commentCount\":0,\"image\":{\"@id\":\"https:\/\/davidperezalonso.com\/blog\/sobre-el-cfgs-de-dam-desarrollo-de-aplicaciones-multiplataforma\/#primaryimage\"},\"thumbnailUrl\":\"https:\/\/davidperezalonso.com\/blog\/wp-content\/uploads\/2012\/12\/REX-PC-Web3.gif\",\"keywords\":[\"compis\",\"dispositivos m\u00f3viles\",\"programaci\u00f3n\"],\"articleSection\":[\"DAM\"],\"inLanguage\":\"es\",\"potentialAction\":[{\"@type\":\"CommentAction\",\"name\":\"Comment\",\"target\":[\"https:\/\/davidperezalonso.com\/blog\/sobre-el-cfgs-de-dam-desarrollo-de-aplicaciones-multiplataforma\/#respond\"]}]},{\"@type\":\"WebPage\",\"@id\":\"https:\/\/davidperezalonso.com\/blog\/sobre-el-cfgs-de-dam-desarrollo-de-aplicaciones-multiplataforma\/\",\"url\":\"https:\/\/davidperezalonso.com\/blog\/sobre-el-cfgs-de-dam-desarrollo-de-aplicaciones-multiplataforma\/\",\"name\":\"Sobre el CFGS de DAM (Desarrollo de Aplicaciones Multiplataforma) &#8211; Blog Docente - David P\u00e9rez Alonso\",\"isPartOf\":{\"@id\":\"https:\/\/davidperezalonso.com\/blog\/#website\"},\"primaryImageOfPage\":{\"@id\":\"https:\/\/davidperezalonso.com\/blog\/sobre-el-cfgs-de-dam-desarrollo-de-aplicaciones-multiplataforma\/#primaryimage\"},\"image\":{\"@id\":\"https:\/\/davidperezalonso.com\/blog\/sobre-el-cfgs-de-dam-desarrollo-de-aplicaciones-multiplataforma\/#primaryimage\"},\"thumbnailUrl\":\"https:\/\/davidperezalonso.com\/blog\/wp-content\/uploads\/2012\/12\/REX-PC-Web3.gif\",\"datePublished\":\"2012-12-13T13:31:29+00:00\",\"author\":{\"@id\":\"https:\/\/davidperezalonso.com\/blog\/#\/schema\/person\/1db0dd27700572c6ed41e705a69f7fc3\"},\"breadcrumb\":{\"@id\":\"https:\/\/davidperezalonso.com\/blog\/sobre-el-cfgs-de-dam-desarrollo-de-aplicaciones-multiplataforma\/#breadcrumb\"},\"inLanguage\":\"es\",\"potentialAction\":[{\"@type\":\"ReadAction\",\"target\":[\"https:\/\/davidperezalonso.com\/blog\/sobre-el-cfgs-de-dam-desarrollo-de-aplicaciones-multiplataforma\/\"]}]},{\"@type\":\"ImageObject\",\"inLanguage\":\"es\",\"@id\":\"https:\/\/davidperezalonso.com\/blog\/sobre-el-cfgs-de-dam-desarrollo-de-aplicaciones-multiplataforma\/#primaryimage\",\"url\":\"https:\/\/davidperezalonso.com\/blog\/wp-content\/uploads\/2012\/12\/REX-PC-Web3.gif\",\"contentUrl\":\"https:\/\/davidperezalonso.com\/blog\/wp-content\/uploads\/2012\/12\/REX-PC-Web3.gif\",\"width\":\"267\",\"height\":\"486\"},{\"@type\":\"BreadcrumbList\",\"@id\":\"https:\/\/davidperezalonso.com\/blog\/sobre-el-cfgs-de-dam-desarrollo-de-aplicaciones-multiplataforma\/#breadcrumb\",\"itemListElement\":[{\"@type\":\"ListItem\",\"position\":1,\"name\":\"Portada\",\"item\":\"https:\/\/davidperezalonso.com\/blog\/\"},{\"@type\":\"ListItem\",\"position\":2,\"name\":\"Sobre el CFGS de DAM (Desarrollo de Aplicaciones Multiplataforma)\"}]},{\"@type\":\"WebSite\",\"@id\":\"https:\/\/davidperezalonso.com\/blog\/#website\",\"url\":\"https:\/\/davidperezalonso.com\/blog\/\",\"name\":\"Blog Docente - David P\u00e9rez Alonso\",\"description\":\"Blog sobre mis clases y docencia en Formaci\u00f3n Profesional, Bachillerato y ESO\",\"potentialAction\":[{\"@type\":\"SearchAction\",\"target\":{\"@type\":\"EntryPoint\",\"urlTemplate\":\"https:\/\/davidperezalonso.com\/blog\/?s={search_term_string}\"},\"query-input\":{\"@type\":\"PropertyValueSpecification\",\"valueRequired\":true,\"valueName\":\"search_term_string\"}}],\"inLanguage\":\"es\"},{\"@type\":\"Person\",\"@id\":\"https:\/\/davidperezalonso.com\/blog\/#\/schema\/person\/1db0dd27700572c6ed41e705a69f7fc3\",\"name\":\"admin\",\"image\":{\"@type\":\"ImageObject\",\"inLanguage\":\"es\",\"@id\":\"https:\/\/davidperezalonso.com\/blog\/#\/schema\/person\/image\/\",\"url\":\"https:\/\/secure.gravatar.com\/avatar\/6da540181b6cb9cf154bdd6b50f2e5989f30a6be1d7ad004e44593af540b72dd?s=96&d=mm&r=g\",\"contentUrl\":\"https:\/\/secure.gravatar.com\/avatar\/6da540181b6cb9cf154bdd6b50f2e5989f30a6be1d7ad004e44593af540b72dd?s=96&d=mm&r=g\",\"caption\":\"admin\"},\"description\":\"Ingeniero T\u00e9cnico de Telecomunicaci\u00f3n (Especialidad en Sonido e Imagen) por la Universidad Polit\u00e9cnica de Madrid (1997). Experiencia laboral de siete a\u00f1os en el departamento de I+D de la multinacional LIPMAN (Hw\/Sw) pero cambi\u00f3 de nombre y ahora sabr\u00e9is de ella por VERIFONE. Despu\u00e9s trabaj\u00e9 unos 4 a\u00f1os en un centro de Formaci\u00f3n realizando cursos de formaci\u00f3n On-line y mixta en \u00e1reas relacionadas con la inform\u00e1tica, programaci\u00f3n web, I+D, etc. Desde el a\u00f1o 2010 pertenezco al Departamento de Inform\u00e1tica de la UEM como profesor de Ciclos Formativos de Grado Superior en STI y ASIR (\\\"teleco\\\" e inform\u00e1tica), as\u00ed que si est\u00e1is viendo este perfil, o bien sois compa\u00f1erxs o alumnxs.\"}]}<\/script>\n<!-- \/ Yoast SEO plugin. -->","yoast_head_json":{"title":"Sobre el CFGS de DAM (Desarrollo de Aplicaciones Multiplataforma) &#8211; Blog Docente - David P\u00e9rez Alonso","robots":{"index":"index","follow":"follow","max-snippet":"max-snippet:-1","max-image-preview":"max-image-preview:large","max-video-preview":"max-video-preview:-1"},"canonical":"https:\/\/davidperezalonso.com\/blog\/sobre-el-cfgs-de-dam-desarrollo-de-aplicaciones-multiplataforma\/","og_locale":"es_ES","og_type":"article","og_title":"Sobre el CFGS de DAM (Desarrollo de Aplicaciones Multiplataforma) &#8211; Blog Docente - David P\u00e9rez Alonso","og_description":"El pasado mi\u00e9rcoles 5 de diciembre apareci\u00f3 en El Economista un art\u00edculo Aplicaciones m\u00f3viles, la principal apuesta de los j\u00f3venes empresarios en el que se habla del desarrollo de aplicaciones para dispositivos m\u00f3viles y&#46;&#46;&#46;","og_url":"https:\/\/davidperezalonso.com\/blog\/sobre-el-cfgs-de-dam-desarrollo-de-aplicaciones-multiplataforma\/","og_site_name":"Blog Docente - David P\u00e9rez Alonso","article_published_time":"2012-12-13T13:31:29+00:00","og_image":[{"width":267,"height":486,"url":"https:\/\/davidperezalonso.com\/blog\/wp-content\/uploads\/2012\/12\/REX-PC-Web3.gif","type":"image\/gif"}],"author":"admin","twitter_card":"summary_large_image","twitter_creator":"@DavidPerezProfe","twitter_site":"@DavidPerezProfe","twitter_misc":{"Escrito por":"admin","Tiempo de lectura":"4 minutos"},"schema":{"@context":"https:\/\/schema.org","@graph":[{"@type":"Article","@id":"https:\/\/davidperezalonso.com\/blog\/sobre-el-cfgs-de-dam-desarrollo-de-aplicaciones-multiplataforma\/#article","isPartOf":{"@id":"https:\/\/davidperezalonso.com\/blog\/sobre-el-cfgs-de-dam-desarrollo-de-aplicaciones-multiplataforma\/"},"author":{"name":"admin","@id":"https:\/\/davidperezalonso.com\/blog\/#\/schema\/person\/1db0dd27700572c6ed41e705a69f7fc3"},"headline":"Sobre el CFGS de DAM (Desarrollo de Aplicaciones Multiplataforma)","datePublished":"2012-12-13T13:31:29+00:00","mainEntityOfPage":{"@id":"https:\/\/davidperezalonso.com\/blog\/sobre-el-cfgs-de-dam-desarrollo-de-aplicaciones-multiplataforma\/"},"wordCount":853,"commentCount":0,"image":{"@id":"https:\/\/davidperezalonso.com\/blog\/sobre-el-cfgs-de-dam-desarrollo-de-aplicaciones-multiplataforma\/#primaryimage"},"thumbnailUrl":"https:\/\/davidperezalonso.com\/blog\/wp-content\/uploads\/2012\/12\/REX-PC-Web3.gif","keywords":["compis","dispositivos m\u00f3viles","programaci\u00f3n"],"articleSection":["DAM"],"inLanguage":"es","potentialAction":[{"@type":"CommentAction","name":"Comment","target":["https:\/\/davidperezalonso.com\/blog\/sobre-el-cfgs-de-dam-desarrollo-de-aplicaciones-multiplataforma\/#respond"]}]},{"@type":"WebPage","@id":"https:\/\/davidperezalonso.com\/blog\/sobre-el-cfgs-de-dam-desarrollo-de-aplicaciones-multiplataforma\/","url":"https:\/\/davidperezalonso.com\/blog\/sobre-el-cfgs-de-dam-desarrollo-de-aplicaciones-multiplataforma\/","name":"Sobre el CFGS de DAM (Desarrollo de Aplicaciones Multiplataforma) &#8211; Blog Docente - David P\u00e9rez Alonso","isPartOf":{"@id":"https:\/\/davidperezalonso.com\/blog\/#website"},"primaryImageOfPage":{"@id":"https:\/\/davidperezalonso.com\/blog\/sobre-el-cfgs-de-dam-desarrollo-de-aplicaciones-multiplataforma\/#primaryimage"},"image":{"@id":"https:\/\/davidperezalonso.com\/blog\/sobre-el-cfgs-de-dam-desarrollo-de-aplicaciones-multiplataforma\/#primaryimage"},"thumbnailUrl":"https:\/\/davidperezalonso.com\/blog\/wp-content\/uploads\/2012\/12\/REX-PC-Web3.gif","datePublished":"2012-12-13T13:31:29+00:00","author":{"@id":"https:\/\/davidperezalonso.com\/blog\/#\/schema\/person\/1db0dd27700572c6ed41e705a69f7fc3"},"breadcrumb":{"@id":"https:\/\/davidperezalonso.com\/blog\/sobre-el-cfgs-de-dam-desarrollo-de-aplicaciones-multiplataforma\/#breadcrumb"},"inLanguage":"es","potentialAction":[{"@type":"ReadAction","target":["https:\/\/davidperezalonso.com\/blog\/sobre-el-cfgs-de-dam-desarrollo-de-aplicaciones-multiplataforma\/"]}]},{"@type":"ImageObject","inLanguage":"es","@id":"https:\/\/davidperezalonso.com\/blog\/sobre-el-cfgs-de-dam-desarrollo-de-aplicaciones-multiplataforma\/#primaryimage","url":"https:\/\/davidperezalonso.com\/blog\/wp-content\/uploads\/2012\/12\/REX-PC-Web3.gif","contentUrl":"https:\/\/davidperezalonso.com\/blog\/wp-content\/uploads\/2012\/12\/REX-PC-Web3.gif","width":"267","height":"486"},{"@type":"BreadcrumbList","@id":"https:\/\/davidperezalonso.com\/blog\/sobre-el-cfgs-de-dam-desarrollo-de-aplicaciones-multiplataforma\/#breadcrumb","itemListElement":[{"@type":"ListItem","position":1,"name":"Portada","item":"https:\/\/davidperezalonso.com\/blog\/"},{"@type":"ListItem","position":2,"name":"Sobre el CFGS de DAM (Desarrollo de Aplicaciones Multiplataforma)"}]},{"@type":"WebSite","@id":"https:\/\/davidperezalonso.com\/blog\/#website","url":"https:\/\/davidperezalonso.com\/blog\/","name":"Blog Docente - David P\u00e9rez Alonso","description":"Blog sobre mis clases y docencia en Formaci\u00f3n Profesional, Bachillerato y ESO","potentialAction":[{"@type":"SearchAction","target":{"@type":"EntryPoint","urlTemplate":"https:\/\/davidperezalonso.com\/blog\/?s={search_term_string}"},"query-input":{"@type":"PropertyValueSpecification","valueRequired":true,"valueName":"search_term_string"}}],"inLanguage":"es"},{"@type":"Person","@id":"https:\/\/davidperezalonso.com\/blog\/#\/schema\/person\/1db0dd27700572c6ed41e705a69f7fc3","name":"admin","image":{"@type":"ImageObject","inLanguage":"es","@id":"https:\/\/davidperezalonso.com\/blog\/#\/schema\/person\/image\/","url":"https:\/\/secure.gravatar.com\/avatar\/6da540181b6cb9cf154bdd6b50f2e5989f30a6be1d7ad004e44593af540b72dd?s=96&d=mm&r=g","contentUrl":"https:\/\/secure.gravatar.com\/avatar\/6da540181b6cb9cf154bdd6b50f2e5989f30a6be1d7ad004e44593af540b72dd?s=96&d=mm&r=g","caption":"admin"},"description":"Ingeniero T\u00e9cnico de Telecomunicaci\u00f3n (Especialidad en Sonido e Imagen) por la Universidad Polit\u00e9cnica de Madrid (1997). Experiencia laboral de siete a\u00f1os en el departamento de I+D de la multinacional LIPMAN (Hw\/Sw) pero cambi\u00f3 de nombre y ahora sabr\u00e9is de ella por VERIFONE. Despu\u00e9s trabaj\u00e9 unos 4 a\u00f1os en un centro de Formaci\u00f3n realizando cursos de formaci\u00f3n On-line y mixta en \u00e1reas relacionadas con la inform\u00e1tica, programaci\u00f3n web, I+D, etc. Desde el a\u00f1o 2010 pertenezco al Departamento de Inform\u00e1tica de la UEM como profesor de Ciclos Formativos de Grado Superior en STI y ASIR (\"teleco\" e inform\u00e1tica), as\u00ed que si est\u00e1is viendo este perfil, o bien sois compa\u00f1erxs o alumnxs."}]}},"_links":{"self":[{"href":"https:\/\/davidperezalonso.com\/blog\/wp-json\/wp\/v2\/posts\/234","targetHints":{"allow":["GET"]}}],"collection":[{"href":"https:\/\/davidperezalonso.com\/blog\/wp-json\/wp\/v2\/posts"}],"about":[{"href":"https:\/\/davidperezalonso.com\/blog\/wp-json\/wp\/v2\/types\/post"}],"author":[{"embeddable":true,"href":"https:\/\/davidperezalonso.com\/blog\/wp-json\/wp\/v2\/users\/1"}],"replies":[{"embeddable":true,"href":"https:\/\/davidperezalonso.com\/blog\/wp-json\/wp\/v2\/comments?post=234"}],"version-history":[{"count":3,"href":"https:\/\/davidperezalonso.com\/blog\/wp-json\/wp\/v2\/posts\/234\/revisions"}],"predecessor-version":[{"id":238,"href":"https:\/\/davidperezalonso.com\/blog\/wp-json\/wp\/v2\/posts\/234\/revisions\/238"}],"wp:featuredmedia":[{"embeddable":true,"href":"https:\/\/davidperezalonso.com\/blog\/wp-json\/wp\/v2\/media\/235"}],"wp:attachment":[{"href":"https:\/\/davidperezalonso.com\/blog\/wp-json\/wp\/v2\/media?parent=234"}],"wp:term":[{"taxonomy":"category","embeddable":true,"href":"https:\/\/davidperezalonso.com\/blog\/wp-json\/wp\/v2\/categories?post=234"},{"taxonomy":"post_tag","embeddable":true,"href":"https:\/\/davidperezalonso.com\/blog\/wp-json\/wp\/v2\/tags?post=234"}],"curies":[{"name":"wp","href":"https:\/\/api.w.org\/{rel}","templated":true}]}}