{"id":277,"date":"2013-01-23T10:33:48","date_gmt":"2013-01-23T09:33:48","guid":{"rendered":"http:\/\/davidperezalonso.com\/blog\/?p=277"},"modified":"2013-01-23T11:05:08","modified_gmt":"2013-01-23T10:05:08","slug":"ubuntu-en-moviles","status":"publish","type":"post","link":"https:\/\/davidperezalonso.com\/blog\/ubuntu-en-moviles\/","title":{"rendered":"\u00bfUbuntu en m\u00f3viles?"},"content":{"rendered":"<p>Os dejo por aqu\u00ed dos noticias que acabo de conocer sobre la pr\u00f3xima salida de <strong>Ubuntu<\/strong> (SO Linux) para dispositivos m\u00f3viles:<\/p>\n<h1><a href=\"http:\/\/www.elsalvador.com\/mwedh\/nota\/nota_completa.asp?idCat=47976&amp;idArt=7624677\" target=\"_blank\">Ubuntu, el nuevo rival de Android<\/a><\/h1>\n<h1><a href=\"http:\/\/www.antena3.com\/noticias\/tecnologia\/moviles-ubuntu-comercializaran-principios-2014_2013010400103.html\" target=\"_blank\">Los m\u00f3viles con Ubuntu se comercializar\u00e1n a principios de 2014<\/a><\/h1>\n<p>Y aqu\u00ed un v\u00eddeo de Ubuntu:<br \/>\n<iframe loading=\"lazy\" width=\"560\" height=\"315\" src=\"http:\/\/www.youtube.com\/embed\/cpWHJDLsqTU\" frameborder=\"0\" allowfullscreen><\/iframe><\/p>\n<p>&nbsp;<\/p>\n<p>As\u00ed vamos calentando motores, que en breve empezaremos con SS.OO Linux en las clases de <strong>Sistemas Inform\u00e1ticos<\/strong>\u00a0 de\u00a0 1\u00ba DAM<\/p>\n<p>&nbsp;<\/p>\n","protected":false},"excerpt":{"rendered":"<p>Os dejo por aqu\u00ed dos noticias que acabo de conocer sobre la pr\u00f3xima salida de Ubuntu (SO Linux) para dispositivos m\u00f3viles: Ubuntu, el nuevo rival de Android Los m\u00f3viles con Ubuntu se comercializar\u00e1n a&#46;&#46;&#46;<\/p>\n","protected":false},"author":1,"featured_media":0,"comment_status":"open","ping_status":"closed","sticky":false,"template":"","format":"standard","meta":{"footnotes":""},"categories":[65,89],"tags":[17,35,43,23],"class_list":["post-277","post","type-post","status-publish","format-standard","hentry","category-dam","category-sistemas-informaticos","tag-1o","tag-segundo-trimestre","tag-ss-oo","tag-ubuntu"],"yoast_head":"<!-- This site is optimized with the Yoast SEO plugin v27.0 - https:\/\/yoast.com\/product\/yoast-seo-wordpress\/ -->\n<title>\u00bfUbuntu en m\u00f3viles? &#8211; Blog Docente - David P\u00e9rez Alonso<\/title>\n<meta name=\"robots\" content=\"index, follow, max-snippet:-1, max-image-preview:large, max-video-preview:-1\" \/>\n<link rel=\"canonical\" href=\"https:\/\/davidperezalonso.com\/blog\/ubuntu-en-moviles\/\" \/>\n<meta property=\"og:locale\" content=\"es_ES\" \/>\n<meta property=\"og:type\" content=\"article\" \/>\n<meta property=\"og:title\" content=\"\u00bfUbuntu en m\u00f3viles? &#8211; Blog Docente - David P\u00e9rez Alonso\" \/>\n<meta property=\"og:description\" content=\"Os dejo por aqu\u00ed dos noticias que acabo de conocer sobre la pr\u00f3xima salida de Ubuntu (SO Linux) para dispositivos m\u00f3viles: Ubuntu, el nuevo rival de Android Los m\u00f3viles con Ubuntu se comercializar\u00e1n a&#046;&#046;&#046;\" \/>\n<meta property=\"og:url\" content=\"https:\/\/davidperezalonso.com\/blog\/ubuntu-en-moviles\/\" \/>\n<meta property=\"og:site_name\" content=\"Blog Docente - David P\u00e9rez Alonso\" \/>\n<meta property=\"article:published_time\" content=\"2013-01-23T09:33:48+00:00\" \/>\n<meta property=\"article:modified_time\" content=\"2013-01-23T10:05:08+00:00\" \/>\n<meta name=\"author\" content=\"admin\" \/>\n<meta name=\"twitter:card\" content=\"summary_large_image\" \/>\n<meta name=\"twitter:creator\" content=\"@DavidPerezProfe\" \/>\n<meta name=\"twitter:site\" content=\"@DavidPerezProfe\" \/>\n<meta name=\"twitter:label1\" content=\"Escrito por\" \/>\n\t<meta name=\"twitter:data1\" content=\"admin\" \/>\n<script type=\"application\/ld+json\" class=\"yoast-schema-graph\">{\"@context\":\"https:\/\/schema.org\",\"@graph\":[{\"@type\":\"Article\",\"@id\":\"https:\/\/davidperezalonso.com\/blog\/ubuntu-en-moviles\/#article\",\"isPartOf\":{\"@id\":\"https:\/\/davidperezalonso.com\/blog\/ubuntu-en-moviles\/\"},\"author\":{\"name\":\"admin\",\"@id\":\"https:\/\/davidperezalonso.com\/blog\/#\/schema\/person\/1db0dd27700572c6ed41e705a69f7fc3\"},\"headline\":\"\u00bfUbuntu en m\u00f3viles?\",\"datePublished\":\"2013-01-23T09:33:48+00:00\",\"dateModified\":\"2013-01-23T10:05:08+00:00\",\"mainEntityOfPage\":{\"@id\":\"https:\/\/davidperezalonso.com\/blog\/ubuntu-en-moviles\/\"},\"wordCount\":74,\"commentCount\":0,\"keywords\":[\"1\u00ba\",\"segundo trimestre\",\"SS.OO\",\"Ubuntu\"],\"articleSection\":[\"DAM\",\"Sistemas Inform\u00e1ticos\"],\"inLanguage\":\"es\",\"potentialAction\":[{\"@type\":\"CommentAction\",\"name\":\"Comment\",\"target\":[\"https:\/\/davidperezalonso.com\/blog\/ubuntu-en-moviles\/#respond\"]}]},{\"@type\":\"WebPage\",\"@id\":\"https:\/\/davidperezalonso.com\/blog\/ubuntu-en-moviles\/\",\"url\":\"https:\/\/davidperezalonso.com\/blog\/ubuntu-en-moviles\/\",\"name\":\"\u00bfUbuntu en m\u00f3viles? &#8211; Blog Docente - David P\u00e9rez Alonso\",\"isPartOf\":{\"@id\":\"https:\/\/davidperezalonso.com\/blog\/#website\"},\"datePublished\":\"2013-01-23T09:33:48+00:00\",\"dateModified\":\"2013-01-23T10:05:08+00:00\",\"author\":{\"@id\":\"https:\/\/davidperezalonso.com\/blog\/#\/schema\/person\/1db0dd27700572c6ed41e705a69f7fc3\"},\"breadcrumb\":{\"@id\":\"https:\/\/davidperezalonso.com\/blog\/ubuntu-en-moviles\/#breadcrumb\"},\"inLanguage\":\"es\",\"potentialAction\":[{\"@type\":\"ReadAction\",\"target\":[\"https:\/\/davidperezalonso.com\/blog\/ubuntu-en-moviles\/\"]}]},{\"@type\":\"BreadcrumbList\",\"@id\":\"https:\/\/davidperezalonso.com\/blog\/ubuntu-en-moviles\/#breadcrumb\",\"itemListElement\":[{\"@type\":\"ListItem\",\"position\":1,\"name\":\"Portada\",\"item\":\"https:\/\/davidperezalonso.com\/blog\/\"},{\"@type\":\"ListItem\",\"position\":2,\"name\":\"\u00bfUbuntu en m\u00f3viles?\"}]},{\"@type\":\"WebSite\",\"@id\":\"https:\/\/davidperezalonso.com\/blog\/#website\",\"url\":\"https:\/\/davidperezalonso.com\/blog\/\",\"name\":\"Blog Docente - David P\u00e9rez Alonso\",\"description\":\"Blog sobre mis clases y docencia en Formaci\u00f3n Profesional, Bachillerato y ESO\",\"potentialAction\":[{\"@type\":\"SearchAction\",\"target\":{\"@type\":\"EntryPoint\",\"urlTemplate\":\"https:\/\/davidperezalonso.com\/blog\/?s={search_term_string}\"},\"query-input\":{\"@type\":\"PropertyValueSpecification\",\"valueRequired\":true,\"valueName\":\"search_term_string\"}}],\"inLanguage\":\"es\"},{\"@type\":\"Person\",\"@id\":\"https:\/\/davidperezalonso.com\/blog\/#\/schema\/person\/1db0dd27700572c6ed41e705a69f7fc3\",\"name\":\"admin\",\"image\":{\"@type\":\"ImageObject\",\"inLanguage\":\"es\",\"@id\":\"https:\/\/davidperezalonso.com\/blog\/#\/schema\/person\/image\/\",\"url\":\"https:\/\/secure.gravatar.com\/avatar\/6da540181b6cb9cf154bdd6b50f2e5989f30a6be1d7ad004e44593af540b72dd?s=96&d=mm&r=g\",\"contentUrl\":\"https:\/\/secure.gravatar.com\/avatar\/6da540181b6cb9cf154bdd6b50f2e5989f30a6be1d7ad004e44593af540b72dd?s=96&d=mm&r=g\",\"caption\":\"admin\"},\"description\":\"Ingeniero T\u00e9cnico de Telecomunicaci\u00f3n (Especialidad en Sonido e Imagen) por la Universidad Polit\u00e9cnica de Madrid (1997). Experiencia laboral de siete a\u00f1os en el departamento de I+D de la multinacional LIPMAN (Hw\/Sw) pero cambi\u00f3 de nombre y ahora sabr\u00e9is de ella por VERIFONE. Despu\u00e9s trabaj\u00e9 unos 4 a\u00f1os en un centro de Formaci\u00f3n realizando cursos de formaci\u00f3n On-line y mixta en \u00e1reas relacionadas con la inform\u00e1tica, programaci\u00f3n web, I+D, etc. Desde el a\u00f1o 2010 pertenezco al Departamento de Inform\u00e1tica de la UEM como profesor de Ciclos Formativos de Grado Superior en STI y ASIR (\\\"teleco\\\" e inform\u00e1tica), as\u00ed que si est\u00e1is viendo este perfil, o bien sois compa\u00f1erxs o alumnxs.\"}]}<\/script>\n<!-- \/ Yoast SEO plugin. -->","yoast_head_json":{"title":"\u00bfUbuntu en m\u00f3viles? &#8211; Blog Docente - David P\u00e9rez Alonso","robots":{"index":"index","follow":"follow","max-snippet":"max-snippet:-1","max-image-preview":"max-image-preview:large","max-video-preview":"max-video-preview:-1"},"canonical":"https:\/\/davidperezalonso.com\/blog\/ubuntu-en-moviles\/","og_locale":"es_ES","og_type":"article","og_title":"\u00bfUbuntu en m\u00f3viles? &#8211; Blog Docente - David P\u00e9rez Alonso","og_description":"Os dejo por aqu\u00ed dos noticias que acabo de conocer sobre la pr\u00f3xima salida de Ubuntu (SO Linux) para dispositivos m\u00f3viles: Ubuntu, el nuevo rival de Android Los m\u00f3viles con Ubuntu se comercializar\u00e1n a&#46;&#46;&#46;","og_url":"https:\/\/davidperezalonso.com\/blog\/ubuntu-en-moviles\/","og_site_name":"Blog Docente - David P\u00e9rez Alonso","article_published_time":"2013-01-23T09:33:48+00:00","article_modified_time":"2013-01-23T10:05:08+00:00","author":"admin","twitter_card":"summary_large_image","twitter_creator":"@DavidPerezProfe","twitter_site":"@DavidPerezProfe","twitter_misc":{"Escrito por":"admin"},"schema":{"@context":"https:\/\/schema.org","@graph":[{"@type":"Article","@id":"https:\/\/davidperezalonso.com\/blog\/ubuntu-en-moviles\/#article","isPartOf":{"@id":"https:\/\/davidperezalonso.com\/blog\/ubuntu-en-moviles\/"},"author":{"name":"admin","@id":"https:\/\/davidperezalonso.com\/blog\/#\/schema\/person\/1db0dd27700572c6ed41e705a69f7fc3"},"headline":"\u00bfUbuntu en m\u00f3viles?","datePublished":"2013-01-23T09:33:48+00:00","dateModified":"2013-01-23T10:05:08+00:00","mainEntityOfPage":{"@id":"https:\/\/davidperezalonso.com\/blog\/ubuntu-en-moviles\/"},"wordCount":74,"commentCount":0,"keywords":["1\u00ba","segundo trimestre","SS.OO","Ubuntu"],"articleSection":["DAM","Sistemas Inform\u00e1ticos"],"inLanguage":"es","potentialAction":[{"@type":"CommentAction","name":"Comment","target":["https:\/\/davidperezalonso.com\/blog\/ubuntu-en-moviles\/#respond"]}]},{"@type":"WebPage","@id":"https:\/\/davidperezalonso.com\/blog\/ubuntu-en-moviles\/","url":"https:\/\/davidperezalonso.com\/blog\/ubuntu-en-moviles\/","name":"\u00bfUbuntu en m\u00f3viles? &#8211; Blog Docente - David P\u00e9rez Alonso","isPartOf":{"@id":"https:\/\/davidperezalonso.com\/blog\/#website"},"datePublished":"2013-01-23T09:33:48+00:00","dateModified":"2013-01-23T10:05:08+00:00","author":{"@id":"https:\/\/davidperezalonso.com\/blog\/#\/schema\/person\/1db0dd27700572c6ed41e705a69f7fc3"},"breadcrumb":{"@id":"https:\/\/davidperezalonso.com\/blog\/ubuntu-en-moviles\/#breadcrumb"},"inLanguage":"es","potentialAction":[{"@type":"ReadAction","target":["https:\/\/davidperezalonso.com\/blog\/ubuntu-en-moviles\/"]}]},{"@type":"BreadcrumbList","@id":"https:\/\/davidperezalonso.com\/blog\/ubuntu-en-moviles\/#breadcrumb","itemListElement":[{"@type":"ListItem","position":1,"name":"Portada","item":"https:\/\/davidperezalonso.com\/blog\/"},{"@type":"ListItem","position":2,"name":"\u00bfUbuntu en m\u00f3viles?"}]},{"@type":"WebSite","@id":"https:\/\/davidperezalonso.com\/blog\/#website","url":"https:\/\/davidperezalonso.com\/blog\/","name":"Blog Docente - David P\u00e9rez Alonso","description":"Blog sobre mis clases y docencia en Formaci\u00f3n Profesional, Bachillerato y ESO","potentialAction":[{"@type":"SearchAction","target":{"@type":"EntryPoint","urlTemplate":"https:\/\/davidperezalonso.com\/blog\/?s={search_term_string}"},"query-input":{"@type":"PropertyValueSpecification","valueRequired":true,"valueName":"search_term_string"}}],"inLanguage":"es"},{"@type":"Person","@id":"https:\/\/davidperezalonso.com\/blog\/#\/schema\/person\/1db0dd27700572c6ed41e705a69f7fc3","name":"admin","image":{"@type":"ImageObject","inLanguage":"es","@id":"https:\/\/davidperezalonso.com\/blog\/#\/schema\/person\/image\/","url":"https:\/\/secure.gravatar.com\/avatar\/6da540181b6cb9cf154bdd6b50f2e5989f30a6be1d7ad004e44593af540b72dd?s=96&d=mm&r=g","contentUrl":"https:\/\/secure.gravatar.com\/avatar\/6da540181b6cb9cf154bdd6b50f2e5989f30a6be1d7ad004e44593af540b72dd?s=96&d=mm&r=g","caption":"admin"},"description":"Ingeniero T\u00e9cnico de Telecomunicaci\u00f3n (Especialidad en Sonido e Imagen) por la Universidad Polit\u00e9cnica de Madrid (1997). Experiencia laboral de siete a\u00f1os en el departamento de I+D de la multinacional LIPMAN (Hw\/Sw) pero cambi\u00f3 de nombre y ahora sabr\u00e9is de ella por VERIFONE. Despu\u00e9s trabaj\u00e9 unos 4 a\u00f1os en un centro de Formaci\u00f3n realizando cursos de formaci\u00f3n On-line y mixta en \u00e1reas relacionadas con la inform\u00e1tica, programaci\u00f3n web, I+D, etc. Desde el a\u00f1o 2010 pertenezco al Departamento de Inform\u00e1tica de la UEM como profesor de Ciclos Formativos de Grado Superior en STI y ASIR (\"teleco\" e inform\u00e1tica), as\u00ed que si est\u00e1is viendo este perfil, o bien sois compa\u00f1erxs o alumnxs."}]}},"_links":{"self":[{"href":"https:\/\/davidperezalonso.com\/blog\/wp-json\/wp\/v2\/posts\/277","targetHints":{"allow":["GET"]}}],"collection":[{"href":"https:\/\/davidperezalonso.com\/blog\/wp-json\/wp\/v2\/posts"}],"about":[{"href":"https:\/\/davidperezalonso.com\/blog\/wp-json\/wp\/v2\/types\/post"}],"author":[{"embeddable":true,"href":"https:\/\/davidperezalonso.com\/blog\/wp-json\/wp\/v2\/users\/1"}],"replies":[{"embeddable":true,"href":"https:\/\/davidperezalonso.com\/blog\/wp-json\/wp\/v2\/comments?post=277"}],"version-history":[{"count":3,"href":"https:\/\/davidperezalonso.com\/blog\/wp-json\/wp\/v2\/posts\/277\/revisions"}],"predecessor-version":[{"id":279,"href":"https:\/\/davidperezalonso.com\/blog\/wp-json\/wp\/v2\/posts\/277\/revisions\/279"}],"wp:attachment":[{"href":"https:\/\/davidperezalonso.com\/blog\/wp-json\/wp\/v2\/media?parent=277"}],"wp:term":[{"taxonomy":"category","embeddable":true,"href":"https:\/\/davidperezalonso.com\/blog\/wp-json\/wp\/v2\/categories?post=277"},{"taxonomy":"post_tag","embeddable":true,"href":"https:\/\/davidperezalonso.com\/blog\/wp-json\/wp\/v2\/tags?post=277"}],"curies":[{"name":"wp","href":"https:\/\/api.w.org\/{rel}","templated":true}]}}