{"id":291,"date":"2013-02-13T17:50:09","date_gmt":"2013-02-13T16:50:09","guid":{"rendered":"http:\/\/davidperezalonso.com\/blog\/?p=291"},"modified":"2013-02-13T17:50:09","modified_gmt":"2013-02-13T16:50:09","slug":"visita-al-ies-benjamin-rua-y-sus-platos-tv","status":"publish","type":"post","link":"https:\/\/davidperezalonso.com\/blog\/visita-al-ies-benjamin-rua-y-sus-platos-tv\/","title":{"rendered":"Visita al IES Benjam\u00edn R\u00faa y sus plat\u00f3s TV"},"content":{"rendered":"<p>La semana pasada aprovechamos una ma\u00f1ana fuera de nuestro horario de clase para visitar el centro <strong>IES Benjam\u00edn R\u00faa<\/strong> de M\u00f3stoles con los chicxs de 2\u00ba de STI. Pudimos conocer un magn\u00edfico proyecto que est\u00e1n abordando sus profesores liderados por <strong>Francisco Javier Braojos<\/strong>.<\/p>\n<p>Hace un par de a\u00f1os, recogieron material obsoleto que iban a desechar en RTVE: mesas de v\u00eddeo, c\u00e1maras antiguas, racks, etc, etc que o bien ya no funcionaban o estaban en mal estado o se hab\u00edan quedado anticuadas. El caso es que supone un magn\u00edfico material para trabajar en clase tanto para los ciclos de electr\u00f3nica como para el de STI. Y en este tiempo, los alumnos y los profesores han echado a andar mucho de ese equipo y han rehabilitado el antiguo gimnasio como plat\u00f3 de TV, estudio de control, etc, etc&#8230;Al final de curso, los alumnos de 2\u00ba de STI tienen que hacer un programa de TV en directo (confiamos en poder acudir a la grabaci\u00f3n).<\/p>\n<p>Los profesores nos estuvieron contando c\u00f3mo lo hab\u00edan implementado, qu\u00e9 tipo de pr\u00e1cticas realizaban y luego los chicos pudieron tocar mucho de ese material. Disfrutamos much\u00edsimo de su experiencia.<\/p>\n<p><a href=\"http:\/\/davidperezalonso.com\/blog\/wp-content\/uploads\/2013\/02\/Visita-IES-Benjamin-Rua00003.jpg\"><img loading=\"lazy\" decoding=\"async\" class=\"aligncenter size-full wp-image-292\" title=\"Visita IES Benjamin Rua00001\" src=\"http:\/\/davidperezalonso.com\/blog\/wp-content\/uploads\/2013\/02\/Visita-IES-Benjamin-Rua00001.jpg\" alt=\"\" width=\"1024\" height=\"768\" srcset=\"https:\/\/davidperezalonso.com\/blog\/wp-content\/uploads\/2013\/02\/Visita-IES-Benjamin-Rua00001.jpg 1024w, https:\/\/davidperezalonso.com\/blog\/wp-content\/uploads\/2013\/02\/Visita-IES-Benjamin-Rua00001-300x225.jpg 300w, https:\/\/davidperezalonso.com\/blog\/wp-content\/uploads\/2013\/02\/Visita-IES-Benjamin-Rua00001-400x300.jpg 400w\" sizes=\"auto, (max-width: 1024px) 100vw, 1024px\" \/><img loading=\"lazy\" decoding=\"async\" class=\"aligncenter size-full wp-image-293\" title=\"Visita IES Benjamin Rua00003\" src=\"http:\/\/davidperezalonso.com\/blog\/wp-content\/uploads\/2013\/02\/Visita-IES-Benjamin-Rua00003.jpg\" alt=\"\" width=\"1024\" height=\"768\" srcset=\"https:\/\/davidperezalonso.com\/blog\/wp-content\/uploads\/2013\/02\/Visita-IES-Benjamin-Rua00003.jpg 1024w, https:\/\/davidperezalonso.com\/blog\/wp-content\/uploads\/2013\/02\/Visita-IES-Benjamin-Rua00003-300x225.jpg 300w, https:\/\/davidperezalonso.com\/blog\/wp-content\/uploads\/2013\/02\/Visita-IES-Benjamin-Rua00003-400x300.jpg 400w\" sizes=\"auto, (max-width: 1024px) 100vw, 1024px\" \/><\/a><a href=\"http:\/\/davidperezalonso.com\/blog\/wp-content\/uploads\/2013\/02\/Visita-IES-Benjamin-Rua00004.jpg\"><img loading=\"lazy\" decoding=\"async\" class=\"aligncenter size-full wp-image-294\" title=\"Visita IES Benjamin Rua00004\" src=\"http:\/\/davidperezalonso.com\/blog\/wp-content\/uploads\/2013\/02\/Visita-IES-Benjamin-Rua00004.jpg\" alt=\"\" width=\"1024\" height=\"768\" srcset=\"https:\/\/davidperezalonso.com\/blog\/wp-content\/uploads\/2013\/02\/Visita-IES-Benjamin-Rua00004.jpg 1024w, https:\/\/davidperezalonso.com\/blog\/wp-content\/uploads\/2013\/02\/Visita-IES-Benjamin-Rua00004-300x225.jpg 300w, https:\/\/davidperezalonso.com\/blog\/wp-content\/uploads\/2013\/02\/Visita-IES-Benjamin-Rua00004-400x300.jpg 400w\" sizes=\"auto, (max-width: 1024px) 100vw, 1024px\" \/><\/a>Desde este blog agradezco su amabilidad y dedicaci\u00f3n a estos \u00abveteranos profes de FP\u00bb: <strong>Francisco Javier Braojos<\/strong>, <strong>Julio Moreno<\/strong> y <strong>Pantale\u00f3n Hern\u00e1ndez<\/strong>&#8230; de los que tanto he aprendido de esta profesi\u00f3n, cuando han compartido claustro aqu\u00ed en la UEM, y que te dejan con la boca abierta de lo que son capaces de hacer.<\/p>\n<p>&nbsp;<\/p>\n","protected":false},"excerpt":{"rendered":"<p>La semana pasada aprovechamos una ma\u00f1ana fuera de nuestro horario de clase para visitar el centro IES Benjam\u00edn R\u00faa de M\u00f3stoles con los chicxs de 2\u00ba de STI. Pudimos conocer un magn\u00edfico proyecto que&#46;&#46;&#46;<\/p>\n","protected":false},"author":1,"featured_media":292,"comment_status":"open","ping_status":"closed","sticky":false,"template":"","format":"standard","meta":{"footnotes":""},"categories":[7,4],"tags":[13,100,35,30,33],"class_list":["post-291","post","type-post","status-publish","format-standard","has-post-thumbnail","hentry","category-radio-y-tv","category-sti","tag-2o","tag-ies-benajmin-rua","tag-segundo-trimestre","tag-sistemas-tv","tag-visitas-y-salidas"],"yoast_head":"<!-- This site is optimized with the Yoast SEO plugin v27.0 - https:\/\/yoast.com\/product\/yoast-seo-wordpress\/ -->\n<title>Visita al IES Benjam\u00edn R\u00faa y sus plat\u00f3s TV &#8211; Blog Docente - David P\u00e9rez Alonso<\/title>\n<meta name=\"robots\" content=\"index, follow, max-snippet:-1, max-image-preview:large, max-video-preview:-1\" \/>\n<link rel=\"canonical\" href=\"https:\/\/davidperezalonso.com\/blog\/visita-al-ies-benjamin-rua-y-sus-platos-tv\/\" \/>\n<meta property=\"og:locale\" content=\"es_ES\" \/>\n<meta property=\"og:type\" content=\"article\" \/>\n<meta property=\"og:title\" content=\"Visita al IES Benjam\u00edn R\u00faa y sus plat\u00f3s TV &#8211; Blog Docente - David P\u00e9rez Alonso\" \/>\n<meta property=\"og:description\" content=\"La semana pasada aprovechamos una ma\u00f1ana fuera de nuestro horario de clase para visitar el centro IES Benjam\u00edn R\u00faa de M\u00f3stoles con los chicxs de 2\u00ba de STI. Pudimos conocer un magn\u00edfico proyecto que&#046;&#046;&#046;\" \/>\n<meta property=\"og:url\" content=\"https:\/\/davidperezalonso.com\/blog\/visita-al-ies-benjamin-rua-y-sus-platos-tv\/\" \/>\n<meta property=\"og:site_name\" content=\"Blog Docente - David P\u00e9rez Alonso\" \/>\n<meta property=\"article:published_time\" content=\"2013-02-13T16:50:09+00:00\" \/>\n<meta property=\"og:image\" content=\"https:\/\/davidperezalonso.com\/blog\/wp-content\/uploads\/2013\/02\/Visita-IES-Benjamin-Rua00001.jpg\" \/>\n\t<meta property=\"og:image:width\" content=\"1024\" \/>\n\t<meta property=\"og:image:height\" content=\"768\" \/>\n\t<meta property=\"og:image:type\" content=\"image\/jpeg\" \/>\n<meta name=\"author\" content=\"admin\" \/>\n<meta name=\"twitter:card\" content=\"summary_large_image\" \/>\n<meta name=\"twitter:creator\" content=\"@DavidPerezProfe\" \/>\n<meta name=\"twitter:site\" content=\"@DavidPerezProfe\" \/>\n<meta name=\"twitter:label1\" content=\"Escrito por\" \/>\n\t<meta name=\"twitter:data1\" content=\"admin\" \/>\n\t<meta name=\"twitter:label2\" content=\"Tiempo de lectura\" \/>\n\t<meta name=\"twitter:data2\" content=\"1 minuto\" \/>\n<script type=\"application\/ld+json\" class=\"yoast-schema-graph\">{\"@context\":\"https:\/\/schema.org\",\"@graph\":[{\"@type\":\"Article\",\"@id\":\"https:\/\/davidperezalonso.com\/blog\/visita-al-ies-benjamin-rua-y-sus-platos-tv\/#article\",\"isPartOf\":{\"@id\":\"https:\/\/davidperezalonso.com\/blog\/visita-al-ies-benjamin-rua-y-sus-platos-tv\/\"},\"author\":{\"name\":\"admin\",\"@id\":\"https:\/\/davidperezalonso.com\/blog\/#\/schema\/person\/1db0dd27700572c6ed41e705a69f7fc3\"},\"headline\":\"Visita al IES Benjam\u00edn R\u00faa y sus plat\u00f3s TV\",\"datePublished\":\"2013-02-13T16:50:09+00:00\",\"mainEntityOfPage\":{\"@id\":\"https:\/\/davidperezalonso.com\/blog\/visita-al-ies-benjamin-rua-y-sus-platos-tv\/\"},\"wordCount\":277,\"commentCount\":0,\"image\":{\"@id\":\"https:\/\/davidperezalonso.com\/blog\/visita-al-ies-benjamin-rua-y-sus-platos-tv\/#primaryimage\"},\"thumbnailUrl\":\"https:\/\/davidperezalonso.com\/blog\/wp-content\/uploads\/2013\/02\/Visita-IES-Benjamin-Rua00001.jpg\",\"keywords\":[\"2\u00ba\",\"IES Benajm\u00edn R\u00faa\",\"segundo trimestre\",\"Sistemas TV\",\"visitas y salidas\"],\"articleSection\":[\"Radio y TV\",\"STI\"],\"inLanguage\":\"es\",\"potentialAction\":[{\"@type\":\"CommentAction\",\"name\":\"Comment\",\"target\":[\"https:\/\/davidperezalonso.com\/blog\/visita-al-ies-benjamin-rua-y-sus-platos-tv\/#respond\"]}]},{\"@type\":\"WebPage\",\"@id\":\"https:\/\/davidperezalonso.com\/blog\/visita-al-ies-benjamin-rua-y-sus-platos-tv\/\",\"url\":\"https:\/\/davidperezalonso.com\/blog\/visita-al-ies-benjamin-rua-y-sus-platos-tv\/\",\"name\":\"Visita al IES Benjam\u00edn R\u00faa y sus plat\u00f3s TV &#8211; Blog Docente - David P\u00e9rez Alonso\",\"isPartOf\":{\"@id\":\"https:\/\/davidperezalonso.com\/blog\/#website\"},\"primaryImageOfPage\":{\"@id\":\"https:\/\/davidperezalonso.com\/blog\/visita-al-ies-benjamin-rua-y-sus-platos-tv\/#primaryimage\"},\"image\":{\"@id\":\"https:\/\/davidperezalonso.com\/blog\/visita-al-ies-benjamin-rua-y-sus-platos-tv\/#primaryimage\"},\"thumbnailUrl\":\"https:\/\/davidperezalonso.com\/blog\/wp-content\/uploads\/2013\/02\/Visita-IES-Benjamin-Rua00001.jpg\",\"datePublished\":\"2013-02-13T16:50:09+00:00\",\"author\":{\"@id\":\"https:\/\/davidperezalonso.com\/blog\/#\/schema\/person\/1db0dd27700572c6ed41e705a69f7fc3\"},\"breadcrumb\":{\"@id\":\"https:\/\/davidperezalonso.com\/blog\/visita-al-ies-benjamin-rua-y-sus-platos-tv\/#breadcrumb\"},\"inLanguage\":\"es\",\"potentialAction\":[{\"@type\":\"ReadAction\",\"target\":[\"https:\/\/davidperezalonso.com\/blog\/visita-al-ies-benjamin-rua-y-sus-platos-tv\/\"]}]},{\"@type\":\"ImageObject\",\"inLanguage\":\"es\",\"@id\":\"https:\/\/davidperezalonso.com\/blog\/visita-al-ies-benjamin-rua-y-sus-platos-tv\/#primaryimage\",\"url\":\"https:\/\/davidperezalonso.com\/blog\/wp-content\/uploads\/2013\/02\/Visita-IES-Benjamin-Rua00001.jpg\",\"contentUrl\":\"https:\/\/davidperezalonso.com\/blog\/wp-content\/uploads\/2013\/02\/Visita-IES-Benjamin-Rua00001.jpg\",\"width\":\"1024\",\"height\":\"768\"},{\"@type\":\"BreadcrumbList\",\"@id\":\"https:\/\/davidperezalonso.com\/blog\/visita-al-ies-benjamin-rua-y-sus-platos-tv\/#breadcrumb\",\"itemListElement\":[{\"@type\":\"ListItem\",\"position\":1,\"name\":\"Portada\",\"item\":\"https:\/\/davidperezalonso.com\/blog\/\"},{\"@type\":\"ListItem\",\"position\":2,\"name\":\"Visita al IES Benjam\u00edn R\u00faa y sus plat\u00f3s TV\"}]},{\"@type\":\"WebSite\",\"@id\":\"https:\/\/davidperezalonso.com\/blog\/#website\",\"url\":\"https:\/\/davidperezalonso.com\/blog\/\",\"name\":\"Blog Docente - David P\u00e9rez Alonso\",\"description\":\"Blog sobre mis clases y docencia en Formaci\u00f3n Profesional, Bachillerato y ESO\",\"potentialAction\":[{\"@type\":\"SearchAction\",\"target\":{\"@type\":\"EntryPoint\",\"urlTemplate\":\"https:\/\/davidperezalonso.com\/blog\/?s={search_term_string}\"},\"query-input\":{\"@type\":\"PropertyValueSpecification\",\"valueRequired\":true,\"valueName\":\"search_term_string\"}}],\"inLanguage\":\"es\"},{\"@type\":\"Person\",\"@id\":\"https:\/\/davidperezalonso.com\/blog\/#\/schema\/person\/1db0dd27700572c6ed41e705a69f7fc3\",\"name\":\"admin\",\"image\":{\"@type\":\"ImageObject\",\"inLanguage\":\"es\",\"@id\":\"https:\/\/davidperezalonso.com\/blog\/#\/schema\/person\/image\/\",\"url\":\"https:\/\/secure.gravatar.com\/avatar\/6da540181b6cb9cf154bdd6b50f2e5989f30a6be1d7ad004e44593af540b72dd?s=96&d=mm&r=g\",\"contentUrl\":\"https:\/\/secure.gravatar.com\/avatar\/6da540181b6cb9cf154bdd6b50f2e5989f30a6be1d7ad004e44593af540b72dd?s=96&d=mm&r=g\",\"caption\":\"admin\"},\"description\":\"Ingeniero T\u00e9cnico de Telecomunicaci\u00f3n (Especialidad en Sonido e Imagen) por la Universidad Polit\u00e9cnica de Madrid (1997). Experiencia laboral de siete a\u00f1os en el departamento de I+D de la multinacional LIPMAN (Hw\/Sw) pero cambi\u00f3 de nombre y ahora sabr\u00e9is de ella por VERIFONE. Despu\u00e9s trabaj\u00e9 unos 4 a\u00f1os en un centro de Formaci\u00f3n realizando cursos de formaci\u00f3n On-line y mixta en \u00e1reas relacionadas con la inform\u00e1tica, programaci\u00f3n web, I+D, etc. Desde el a\u00f1o 2010 pertenezco al Departamento de Inform\u00e1tica de la UEM como profesor de Ciclos Formativos de Grado Superior en STI y ASIR (\\\"teleco\\\" e inform\u00e1tica), as\u00ed que si est\u00e1is viendo este perfil, o bien sois compa\u00f1erxs o alumnxs.\"}]}<\/script>\n<!-- \/ Yoast SEO plugin. -->","yoast_head_json":{"title":"Visita al IES Benjam\u00edn R\u00faa y sus plat\u00f3s TV &#8211; Blog Docente - David P\u00e9rez Alonso","robots":{"index":"index","follow":"follow","max-snippet":"max-snippet:-1","max-image-preview":"max-image-preview:large","max-video-preview":"max-video-preview:-1"},"canonical":"https:\/\/davidperezalonso.com\/blog\/visita-al-ies-benjamin-rua-y-sus-platos-tv\/","og_locale":"es_ES","og_type":"article","og_title":"Visita al IES Benjam\u00edn R\u00faa y sus plat\u00f3s TV &#8211; Blog Docente - David P\u00e9rez Alonso","og_description":"La semana pasada aprovechamos una ma\u00f1ana fuera de nuestro horario de clase para visitar el centro IES Benjam\u00edn R\u00faa de M\u00f3stoles con los chicxs de 2\u00ba de STI. Pudimos conocer un magn\u00edfico proyecto que&#46;&#46;&#46;","og_url":"https:\/\/davidperezalonso.com\/blog\/visita-al-ies-benjamin-rua-y-sus-platos-tv\/","og_site_name":"Blog Docente - David P\u00e9rez Alonso","article_published_time":"2013-02-13T16:50:09+00:00","og_image":[{"width":1024,"height":768,"url":"https:\/\/davidperezalonso.com\/blog\/wp-content\/uploads\/2013\/02\/Visita-IES-Benjamin-Rua00001.jpg","type":"image\/jpeg"}],"author":"admin","twitter_card":"summary_large_image","twitter_creator":"@DavidPerezProfe","twitter_site":"@DavidPerezProfe","twitter_misc":{"Escrito por":"admin","Tiempo de lectura":"1 minuto"},"schema":{"@context":"https:\/\/schema.org","@graph":[{"@type":"Article","@id":"https:\/\/davidperezalonso.com\/blog\/visita-al-ies-benjamin-rua-y-sus-platos-tv\/#article","isPartOf":{"@id":"https:\/\/davidperezalonso.com\/blog\/visita-al-ies-benjamin-rua-y-sus-platos-tv\/"},"author":{"name":"admin","@id":"https:\/\/davidperezalonso.com\/blog\/#\/schema\/person\/1db0dd27700572c6ed41e705a69f7fc3"},"headline":"Visita al IES Benjam\u00edn R\u00faa y sus plat\u00f3s TV","datePublished":"2013-02-13T16:50:09+00:00","mainEntityOfPage":{"@id":"https:\/\/davidperezalonso.com\/blog\/visita-al-ies-benjamin-rua-y-sus-platos-tv\/"},"wordCount":277,"commentCount":0,"image":{"@id":"https:\/\/davidperezalonso.com\/blog\/visita-al-ies-benjamin-rua-y-sus-platos-tv\/#primaryimage"},"thumbnailUrl":"https:\/\/davidperezalonso.com\/blog\/wp-content\/uploads\/2013\/02\/Visita-IES-Benjamin-Rua00001.jpg","keywords":["2\u00ba","IES Benajm\u00edn R\u00faa","segundo trimestre","Sistemas TV","visitas y salidas"],"articleSection":["Radio y TV","STI"],"inLanguage":"es","potentialAction":[{"@type":"CommentAction","name":"Comment","target":["https:\/\/davidperezalonso.com\/blog\/visita-al-ies-benjamin-rua-y-sus-platos-tv\/#respond"]}]},{"@type":"WebPage","@id":"https:\/\/davidperezalonso.com\/blog\/visita-al-ies-benjamin-rua-y-sus-platos-tv\/","url":"https:\/\/davidperezalonso.com\/blog\/visita-al-ies-benjamin-rua-y-sus-platos-tv\/","name":"Visita al IES Benjam\u00edn R\u00faa y sus plat\u00f3s TV &#8211; Blog Docente - David P\u00e9rez Alonso","isPartOf":{"@id":"https:\/\/davidperezalonso.com\/blog\/#website"},"primaryImageOfPage":{"@id":"https:\/\/davidperezalonso.com\/blog\/visita-al-ies-benjamin-rua-y-sus-platos-tv\/#primaryimage"},"image":{"@id":"https:\/\/davidperezalonso.com\/blog\/visita-al-ies-benjamin-rua-y-sus-platos-tv\/#primaryimage"},"thumbnailUrl":"https:\/\/davidperezalonso.com\/blog\/wp-content\/uploads\/2013\/02\/Visita-IES-Benjamin-Rua00001.jpg","datePublished":"2013-02-13T16:50:09+00:00","author":{"@id":"https:\/\/davidperezalonso.com\/blog\/#\/schema\/person\/1db0dd27700572c6ed41e705a69f7fc3"},"breadcrumb":{"@id":"https:\/\/davidperezalonso.com\/blog\/visita-al-ies-benjamin-rua-y-sus-platos-tv\/#breadcrumb"},"inLanguage":"es","potentialAction":[{"@type":"ReadAction","target":["https:\/\/davidperezalonso.com\/blog\/visita-al-ies-benjamin-rua-y-sus-platos-tv\/"]}]},{"@type":"ImageObject","inLanguage":"es","@id":"https:\/\/davidperezalonso.com\/blog\/visita-al-ies-benjamin-rua-y-sus-platos-tv\/#primaryimage","url":"https:\/\/davidperezalonso.com\/blog\/wp-content\/uploads\/2013\/02\/Visita-IES-Benjamin-Rua00001.jpg","contentUrl":"https:\/\/davidperezalonso.com\/blog\/wp-content\/uploads\/2013\/02\/Visita-IES-Benjamin-Rua00001.jpg","width":"1024","height":"768"},{"@type":"BreadcrumbList","@id":"https:\/\/davidperezalonso.com\/blog\/visita-al-ies-benjamin-rua-y-sus-platos-tv\/#breadcrumb","itemListElement":[{"@type":"ListItem","position":1,"name":"Portada","item":"https:\/\/davidperezalonso.com\/blog\/"},{"@type":"ListItem","position":2,"name":"Visita al IES Benjam\u00edn R\u00faa y sus plat\u00f3s TV"}]},{"@type":"WebSite","@id":"https:\/\/davidperezalonso.com\/blog\/#website","url":"https:\/\/davidperezalonso.com\/blog\/","name":"Blog Docente - David P\u00e9rez Alonso","description":"Blog sobre mis clases y docencia en Formaci\u00f3n Profesional, Bachillerato y ESO","potentialAction":[{"@type":"SearchAction","target":{"@type":"EntryPoint","urlTemplate":"https:\/\/davidperezalonso.com\/blog\/?s={search_term_string}"},"query-input":{"@type":"PropertyValueSpecification","valueRequired":true,"valueName":"search_term_string"}}],"inLanguage":"es"},{"@type":"Person","@id":"https:\/\/davidperezalonso.com\/blog\/#\/schema\/person\/1db0dd27700572c6ed41e705a69f7fc3","name":"admin","image":{"@type":"ImageObject","inLanguage":"es","@id":"https:\/\/davidperezalonso.com\/blog\/#\/schema\/person\/image\/","url":"https:\/\/secure.gravatar.com\/avatar\/6da540181b6cb9cf154bdd6b50f2e5989f30a6be1d7ad004e44593af540b72dd?s=96&d=mm&r=g","contentUrl":"https:\/\/secure.gravatar.com\/avatar\/6da540181b6cb9cf154bdd6b50f2e5989f30a6be1d7ad004e44593af540b72dd?s=96&d=mm&r=g","caption":"admin"},"description":"Ingeniero T\u00e9cnico de Telecomunicaci\u00f3n (Especialidad en Sonido e Imagen) por la Universidad Polit\u00e9cnica de Madrid (1997). Experiencia laboral de siete a\u00f1os en el departamento de I+D de la multinacional LIPMAN (Hw\/Sw) pero cambi\u00f3 de nombre y ahora sabr\u00e9is de ella por VERIFONE. Despu\u00e9s trabaj\u00e9 unos 4 a\u00f1os en un centro de Formaci\u00f3n realizando cursos de formaci\u00f3n On-line y mixta en \u00e1reas relacionadas con la inform\u00e1tica, programaci\u00f3n web, I+D, etc. Desde el a\u00f1o 2010 pertenezco al Departamento de Inform\u00e1tica de la UEM como profesor de Ciclos Formativos de Grado Superior en STI y ASIR (\"teleco\" e inform\u00e1tica), as\u00ed que si est\u00e1is viendo este perfil, o bien sois compa\u00f1erxs o alumnxs."}]}},"_links":{"self":[{"href":"https:\/\/davidperezalonso.com\/blog\/wp-json\/wp\/v2\/posts\/291","targetHints":{"allow":["GET"]}}],"collection":[{"href":"https:\/\/davidperezalonso.com\/blog\/wp-json\/wp\/v2\/posts"}],"about":[{"href":"https:\/\/davidperezalonso.com\/blog\/wp-json\/wp\/v2\/types\/post"}],"author":[{"embeddable":true,"href":"https:\/\/davidperezalonso.com\/blog\/wp-json\/wp\/v2\/users\/1"}],"replies":[{"embeddable":true,"href":"https:\/\/davidperezalonso.com\/blog\/wp-json\/wp\/v2\/comments?post=291"}],"version-history":[{"count":1,"href":"https:\/\/davidperezalonso.com\/blog\/wp-json\/wp\/v2\/posts\/291\/revisions"}],"predecessor-version":[{"id":295,"href":"https:\/\/davidperezalonso.com\/blog\/wp-json\/wp\/v2\/posts\/291\/revisions\/295"}],"wp:featuredmedia":[{"embeddable":true,"href":"https:\/\/davidperezalonso.com\/blog\/wp-json\/wp\/v2\/media\/292"}],"wp:attachment":[{"href":"https:\/\/davidperezalonso.com\/blog\/wp-json\/wp\/v2\/media?parent=291"}],"wp:term":[{"taxonomy":"category","embeddable":true,"href":"https:\/\/davidperezalonso.com\/blog\/wp-json\/wp\/v2\/categories?post=291"},{"taxonomy":"post_tag","embeddable":true,"href":"https:\/\/davidperezalonso.com\/blog\/wp-json\/wp\/v2\/tags?post=291"}],"curies":[{"name":"wp","href":"https:\/\/api.w.org\/{rel}","templated":true}]}}