{"id":296,"date":"2013-02-20T00:22:07","date_gmt":"2013-02-19T23:22:07","guid":{"rendered":"http:\/\/davidperezalonso.com\/blog\/?p=296"},"modified":"2013-02-20T00:26:38","modified_gmt":"2013-02-19T23:26:38","slug":"intel-vs-amd-en-fundamentos-de-hardware","status":"publish","type":"post","link":"https:\/\/davidperezalonso.com\/blog\/intel-vs-amd-en-fundamentos-de-hardware\/","title":{"rendered":"Intel vs AMD en Fundamentos de Hardware"},"content":{"rendered":"<p>Por tercer a\u00f1o consecutivo he organizado en clase la actividad \u00ab<strong>Intel vs AMD<\/strong>\u00bb para, entre otros objetivos did\u00e1cticos, conocer en profundidad los microprocesadores comerciales, c\u00f3mo realizar benchmark, c\u00f3mo est\u00e1 el mercado actual y futuro, conocer la historia y evoluci\u00f3n de los microprocesadores, etc, etc&#8230; a la par que trabajamos en el aula <strong>competencias transversales<\/strong> como el <strong>trabajo en equipo<\/strong>, la <strong>comunicaci\u00f3n oral<\/strong>, etc.<\/p>\n<p>Los dos a\u00f1os de anteriores lo hice en el m\u00f3dulo formativo de <strong>Arquitectura de Equipos y Sistemas Inform\u00e1ticos<\/strong> de 1\u00ba de STI y este a\u00f1o en <strong>Fundamentos de Hardware<\/strong> de <strong>1\u00ba de ASIR.<\/strong><\/p>\n<p>La din\u00e1mica de la actividad es simple: separo a la clase en 2 grupos, uno de ellos representar\u00e1 a la empresa Intel (el grupo de \u00ablos javis\u00bb) y el otro a AMD (el grupo de \u00ablos antonios\u00bb). Entre ellos tienen que realizar en 3 semanas una trabajo de investigaci\u00f3n que luego exponen en clase sobre los microprocesadores de ambas empresas. Tienen que indagar en su historia, destacar las caracter\u00edsticas principales, de los micros m\u00e1s importantes y enfocar grandes saltos tecnol\u00f3gicos que han incorporado en su empresa (sobre todo Intel), por qu\u00e9 son mejor que sus \u00abrivales\u00bb, realizar un benchmark entre los \u00faltimos modelos, etc&#8230;<\/p>\n<p>Se lo tienen que currar y meterse en el papel de que son de esa empresa. Yo les animo a ello, que tengan conciencia de empresa, que adopten diferentes roles dentro de ella para realizar la exposici\u00f3n, que vengan en traje (bueno, al menos se ponen una camisa, jeje) o hagan tarjetas de empresa, dossieres, etc&#8230; En el <strong>campus virtual<\/strong> les ubiqu\u00e9 en foros independientes y se lo han tomado con unas ganas tremendas.<\/p>\n<p>La idea es que yo soy el jefe de inform\u00e1tica de la UEM y voy a cambiar todos los equipos, y me tienen que vender si compro PCs con AMD o Intel, jejeje&#8230; disponen de 30-40 minutos como m\u00ednimo\/m\u00e1ximo de tiempo para exponer. Los tiempos de cada uno deben estar ponderados&#8230;<\/p>\n<p>Y nada, hoy ha sido la exposici\u00f3n, y como les he hecho saber a ellos, lo han hecho fenomenal&#8230; Me ha sorprendido lo bien que han realizado las exposiciones, todo el material que han incluido en ellas, c\u00f3mo se han repartido los roles, c\u00f3mo se han coordinado, c\u00f3mo han \u00abcompetido\u00bb y lo fenomenalmente bien que les ha quedado&#8230; Como tambi\u00e9n les he dicho, y aprovecho este altavoz del blog para hacerlo en p\u00fablico, lo m\u00e1s importante es que han corregido todos los fallos que les indiqu\u00e9 en la primera exposici\u00f3n oral sobre placas base: ambos equipos han expuesto como un grupo, sin apenas apoyo de guiones, con un magn\u00edfico dominio de vocabulario t\u00e9cnico, hablando de las caracter\u00edsticas f\u00edsicas y hardware de los procesadores, incorporando ideas de marketing, haci\u00e9ndose tarjetas de Intel o procurando venir con una est\u00e9tica que causara buena impresi\u00f3n (afeitados, camisa, etc)&#8230;<\/p>\n<p>Y nada&#8230; que nos lo hemos pasado muy bien todos y han aprendido y corregido errores&#8230; en un d\u00eda como hoy, un profe no se puede ir a dormir nada m\u00e1s que con una sonrisa \u00a1\u00a1\u00a1FELICIDADES CLASE!!!<\/p>\n<p><a href=\"http:\/\/davidperezalonso.com\/blog\/wp-content\/uploads\/2013\/02\/Intel-vs-AMD-201300009.jpg\"><img loading=\"lazy\" decoding=\"async\" class=\"aligncenter size-full wp-image-297\" title=\"Intel vs AMD 201300001\" src=\"http:\/\/davidperezalonso.com\/blog\/wp-content\/uploads\/2013\/02\/Intel-vs-AMD-201300001.jpg\" alt=\"\" width=\"1024\" height=\"768\" srcset=\"https:\/\/davidperezalonso.com\/blog\/wp-content\/uploads\/2013\/02\/Intel-vs-AMD-201300001.jpg 1024w, https:\/\/davidperezalonso.com\/blog\/wp-content\/uploads\/2013\/02\/Intel-vs-AMD-201300001-300x225.jpg 300w, https:\/\/davidperezalonso.com\/blog\/wp-content\/uploads\/2013\/02\/Intel-vs-AMD-201300001-400x300.jpg 400w\" sizes=\"auto, (max-width: 1024px) 100vw, 1024px\" \/><img loading=\"lazy\" decoding=\"async\" class=\"aligncenter size-full wp-image-299\" title=\"Intel vs AMD 201300008\" src=\"http:\/\/davidperezalonso.com\/blog\/wp-content\/uploads\/2013\/02\/Intel-vs-AMD-201300008.jpg\" alt=\"\" width=\"1024\" height=\"768\" srcset=\"https:\/\/davidperezalonso.com\/blog\/wp-content\/uploads\/2013\/02\/Intel-vs-AMD-201300008.jpg 1024w, https:\/\/davidperezalonso.com\/blog\/wp-content\/uploads\/2013\/02\/Intel-vs-AMD-201300008-300x225.jpg 300w, https:\/\/davidperezalonso.com\/blog\/wp-content\/uploads\/2013\/02\/Intel-vs-AMD-201300008-400x300.jpg 400w\" sizes=\"auto, (max-width: 1024px) 100vw, 1024px\" \/><img loading=\"lazy\" decoding=\"async\" class=\"aligncenter size-large wp-image-300\" title=\"Intel vs AMD 201300009\" src=\"http:\/\/davidperezalonso.com\/blog\/wp-content\/uploads\/2013\/02\/Intel-vs-AMD-201300009-768x1024.jpg\" alt=\"\" width=\"584\" height=\"778\" srcset=\"https:\/\/davidperezalonso.com\/blog\/wp-content\/uploads\/2013\/02\/Intel-vs-AMD-201300009-768x1024.jpg 768w, https:\/\/davidperezalonso.com\/blog\/wp-content\/uploads\/2013\/02\/Intel-vs-AMD-201300009-225x300.jpg 225w, https:\/\/davidperezalonso.com\/blog\/wp-content\/uploads\/2013\/02\/Intel-vs-AMD-201300009.jpg 1024w\" sizes=\"auto, (max-width: 584px) 100vw, 584px\" \/><\/a><a href=\"http:\/\/davidperezalonso.com\/blog\/wp-content\/uploads\/2013\/02\/Intel-vs-AMD-201300004.jpg\"><img loading=\"lazy\" decoding=\"async\" class=\"aligncenter size-full wp-image-301\" title=\"Intel vs AMD 201300011\" src=\"http:\/\/davidperezalonso.com\/blog\/wp-content\/uploads\/2013\/02\/Intel-vs-AMD-201300011.jpg\" alt=\"\" width=\"1024\" height=\"768\" srcset=\"https:\/\/davidperezalonso.com\/blog\/wp-content\/uploads\/2013\/02\/Intel-vs-AMD-201300011.jpg 1024w, https:\/\/davidperezalonso.com\/blog\/wp-content\/uploads\/2013\/02\/Intel-vs-AMD-201300011-300x225.jpg 300w, https:\/\/davidperezalonso.com\/blog\/wp-content\/uploads\/2013\/02\/Intel-vs-AMD-201300011-400x300.jpg 400w\" sizes=\"auto, (max-width: 1024px) 100vw, 1024px\" \/><img loading=\"lazy\" decoding=\"async\" class=\"aligncenter size-full wp-image-298\" title=\"Intel vs AMD 201300004\" src=\"http:\/\/davidperezalonso.com\/blog\/wp-content\/uploads\/2013\/02\/Intel-vs-AMD-201300004.jpg\" alt=\"\" width=\"1024\" height=\"768\" srcset=\"https:\/\/davidperezalonso.com\/blog\/wp-content\/uploads\/2013\/02\/Intel-vs-AMD-201300004.jpg 1024w, https:\/\/davidperezalonso.com\/blog\/wp-content\/uploads\/2013\/02\/Intel-vs-AMD-201300004-300x225.jpg 300w, https:\/\/davidperezalonso.com\/blog\/wp-content\/uploads\/2013\/02\/Intel-vs-AMD-201300004-400x300.jpg 400w\" sizes=\"auto, (max-width: 1024px) 100vw, 1024px\" \/><\/a>(ahhhh&#8230; pero esto no siempre es as\u00ed, jejejeje!!!)<\/p>\n<p>&nbsp;<\/p>\n<p>&nbsp;<\/p>\n<p>&nbsp;<\/p>\n","protected":false},"excerpt":{"rendered":"<p>Por tercer a\u00f1o consecutivo he organizado en clase la actividad \u00abIntel vs AMD\u00bb para, entre otros objetivos did\u00e1cticos, conocer en profundidad los microprocesadores comerciales, c\u00f3mo realizar benchmark, c\u00f3mo est\u00e1 el mercado actual y futuro,&#46;&#46;&#46;<\/p>\n","protected":false},"author":1,"featured_media":300,"comment_status":"open","ping_status":"closed","sticky":false,"template":"","format":"standard","meta":{"footnotes":""},"categories":[3,101],"tags":[17,102,52,53,35],"class_list":["post-296","post","type-post","status-publish","format-standard","has-post-thumbnail","hentry","category-asir","category-fundamentos-de-hardware","tag-1o","tag-exposiciones","tag-hardware","tag-microprocesador","tag-segundo-trimestre"],"yoast_head":"<!-- This site is optimized with the Yoast SEO plugin v27.0 - https:\/\/yoast.com\/product\/yoast-seo-wordpress\/ -->\n<title>Intel vs AMD en Fundamentos de Hardware &#8211; Blog Docente - David P\u00e9rez Alonso<\/title>\n<meta name=\"robots\" content=\"index, follow, max-snippet:-1, max-image-preview:large, max-video-preview:-1\" \/>\n<link rel=\"canonical\" href=\"https:\/\/davidperezalonso.com\/blog\/intel-vs-amd-en-fundamentos-de-hardware\/\" \/>\n<meta property=\"og:locale\" content=\"es_ES\" \/>\n<meta property=\"og:type\" content=\"article\" \/>\n<meta property=\"og:title\" content=\"Intel vs AMD en Fundamentos de Hardware &#8211; Blog Docente - David P\u00e9rez Alonso\" \/>\n<meta property=\"og:description\" content=\"Por tercer a\u00f1o consecutivo he organizado en clase la actividad \u00abIntel vs AMD\u00bb para, entre otros objetivos did\u00e1cticos, conocer en profundidad los microprocesadores comerciales, c\u00f3mo realizar benchmark, c\u00f3mo est\u00e1 el mercado actual y futuro,&#046;&#046;&#046;\" \/>\n<meta property=\"og:url\" content=\"https:\/\/davidperezalonso.com\/blog\/intel-vs-amd-en-fundamentos-de-hardware\/\" \/>\n<meta property=\"og:site_name\" content=\"Blog Docente - David P\u00e9rez Alonso\" \/>\n<meta property=\"article:published_time\" content=\"2013-02-19T23:22:07+00:00\" \/>\n<meta property=\"article:modified_time\" content=\"2013-02-19T23:26:38+00:00\" \/>\n<meta property=\"og:image\" content=\"https:\/\/davidperezalonso.com\/blog\/wp-content\/uploads\/2013\/02\/Intel-vs-AMD-201300009.jpg\" \/>\n\t<meta property=\"og:image:width\" content=\"1024\" \/>\n\t<meta property=\"og:image:height\" content=\"1365\" \/>\n\t<meta property=\"og:image:type\" content=\"image\/jpeg\" \/>\n<meta name=\"author\" content=\"admin\" \/>\n<meta name=\"twitter:card\" content=\"summary_large_image\" \/>\n<meta name=\"twitter:creator\" content=\"@DavidPerezProfe\" \/>\n<meta name=\"twitter:site\" content=\"@DavidPerezProfe\" \/>\n<meta name=\"twitter:label1\" content=\"Escrito por\" \/>\n\t<meta name=\"twitter:data1\" content=\"admin\" \/>\n\t<meta name=\"twitter:label2\" content=\"Tiempo de lectura\" \/>\n\t<meta name=\"twitter:data2\" content=\"3 minutos\" \/>\n<script type=\"application\/ld+json\" class=\"yoast-schema-graph\">{\"@context\":\"https:\/\/schema.org\",\"@graph\":[{\"@type\":\"Article\",\"@id\":\"https:\/\/davidperezalonso.com\/blog\/intel-vs-amd-en-fundamentos-de-hardware\/#article\",\"isPartOf\":{\"@id\":\"https:\/\/davidperezalonso.com\/blog\/intel-vs-amd-en-fundamentos-de-hardware\/\"},\"author\":{\"name\":\"admin\",\"@id\":\"https:\/\/davidperezalonso.com\/blog\/#\/schema\/person\/1db0dd27700572c6ed41e705a69f7fc3\"},\"headline\":\"Intel vs AMD en Fundamentos de Hardware\",\"datePublished\":\"2013-02-19T23:22:07+00:00\",\"dateModified\":\"2013-02-19T23:26:38+00:00\",\"mainEntityOfPage\":{\"@id\":\"https:\/\/davidperezalonso.com\/blog\/intel-vs-amd-en-fundamentos-de-hardware\/\"},\"wordCount\":557,\"commentCount\":0,\"image\":{\"@id\":\"https:\/\/davidperezalonso.com\/blog\/intel-vs-amd-en-fundamentos-de-hardware\/#primaryimage\"},\"thumbnailUrl\":\"https:\/\/davidperezalonso.com\/blog\/wp-content\/uploads\/2013\/02\/Intel-vs-AMD-201300009.jpg\",\"keywords\":[\"1\u00ba\",\"exposiciones\",\"hardware\",\"microprocesador\",\"segundo trimestre\"],\"articleSection\":[\"ASIR\",\"Fundamentos de Hardware\"],\"inLanguage\":\"es\",\"potentialAction\":[{\"@type\":\"CommentAction\",\"name\":\"Comment\",\"target\":[\"https:\/\/davidperezalonso.com\/blog\/intel-vs-amd-en-fundamentos-de-hardware\/#respond\"]}]},{\"@type\":\"WebPage\",\"@id\":\"https:\/\/davidperezalonso.com\/blog\/intel-vs-amd-en-fundamentos-de-hardware\/\",\"url\":\"https:\/\/davidperezalonso.com\/blog\/intel-vs-amd-en-fundamentos-de-hardware\/\",\"name\":\"Intel vs AMD en Fundamentos de Hardware &#8211; Blog Docente - David P\u00e9rez Alonso\",\"isPartOf\":{\"@id\":\"https:\/\/davidperezalonso.com\/blog\/#website\"},\"primaryImageOfPage\":{\"@id\":\"https:\/\/davidperezalonso.com\/blog\/intel-vs-amd-en-fundamentos-de-hardware\/#primaryimage\"},\"image\":{\"@id\":\"https:\/\/davidperezalonso.com\/blog\/intel-vs-amd-en-fundamentos-de-hardware\/#primaryimage\"},\"thumbnailUrl\":\"https:\/\/davidperezalonso.com\/blog\/wp-content\/uploads\/2013\/02\/Intel-vs-AMD-201300009.jpg\",\"datePublished\":\"2013-02-19T23:22:07+00:00\",\"dateModified\":\"2013-02-19T23:26:38+00:00\",\"author\":{\"@id\":\"https:\/\/davidperezalonso.com\/blog\/#\/schema\/person\/1db0dd27700572c6ed41e705a69f7fc3\"},\"breadcrumb\":{\"@id\":\"https:\/\/davidperezalonso.com\/blog\/intel-vs-amd-en-fundamentos-de-hardware\/#breadcrumb\"},\"inLanguage\":\"es\",\"potentialAction\":[{\"@type\":\"ReadAction\",\"target\":[\"https:\/\/davidperezalonso.com\/blog\/intel-vs-amd-en-fundamentos-de-hardware\/\"]}]},{\"@type\":\"ImageObject\",\"inLanguage\":\"es\",\"@id\":\"https:\/\/davidperezalonso.com\/blog\/intel-vs-amd-en-fundamentos-de-hardware\/#primaryimage\",\"url\":\"https:\/\/davidperezalonso.com\/blog\/wp-content\/uploads\/2013\/02\/Intel-vs-AMD-201300009.jpg\",\"contentUrl\":\"https:\/\/davidperezalonso.com\/blog\/wp-content\/uploads\/2013\/02\/Intel-vs-AMD-201300009.jpg\",\"width\":\"1024\",\"height\":\"1365\"},{\"@type\":\"BreadcrumbList\",\"@id\":\"https:\/\/davidperezalonso.com\/blog\/intel-vs-amd-en-fundamentos-de-hardware\/#breadcrumb\",\"itemListElement\":[{\"@type\":\"ListItem\",\"position\":1,\"name\":\"Portada\",\"item\":\"https:\/\/davidperezalonso.com\/blog\/\"},{\"@type\":\"ListItem\",\"position\":2,\"name\":\"Intel vs AMD en Fundamentos de Hardware\"}]},{\"@type\":\"WebSite\",\"@id\":\"https:\/\/davidperezalonso.com\/blog\/#website\",\"url\":\"https:\/\/davidperezalonso.com\/blog\/\",\"name\":\"Blog Docente - David P\u00e9rez Alonso\",\"description\":\"Blog sobre mis clases y docencia en Formaci\u00f3n Profesional, Bachillerato y ESO\",\"potentialAction\":[{\"@type\":\"SearchAction\",\"target\":{\"@type\":\"EntryPoint\",\"urlTemplate\":\"https:\/\/davidperezalonso.com\/blog\/?s={search_term_string}\"},\"query-input\":{\"@type\":\"PropertyValueSpecification\",\"valueRequired\":true,\"valueName\":\"search_term_string\"}}],\"inLanguage\":\"es\"},{\"@type\":\"Person\",\"@id\":\"https:\/\/davidperezalonso.com\/blog\/#\/schema\/person\/1db0dd27700572c6ed41e705a69f7fc3\",\"name\":\"admin\",\"image\":{\"@type\":\"ImageObject\",\"inLanguage\":\"es\",\"@id\":\"https:\/\/davidperezalonso.com\/blog\/#\/schema\/person\/image\/\",\"url\":\"https:\/\/secure.gravatar.com\/avatar\/6da540181b6cb9cf154bdd6b50f2e5989f30a6be1d7ad004e44593af540b72dd?s=96&d=mm&r=g\",\"contentUrl\":\"https:\/\/secure.gravatar.com\/avatar\/6da540181b6cb9cf154bdd6b50f2e5989f30a6be1d7ad004e44593af540b72dd?s=96&d=mm&r=g\",\"caption\":\"admin\"},\"description\":\"Ingeniero T\u00e9cnico de Telecomunicaci\u00f3n (Especialidad en Sonido e Imagen) por la Universidad Polit\u00e9cnica de Madrid (1997). Experiencia laboral de siete a\u00f1os en el departamento de I+D de la multinacional LIPMAN (Hw\/Sw) pero cambi\u00f3 de nombre y ahora sabr\u00e9is de ella por VERIFONE. Despu\u00e9s trabaj\u00e9 unos 4 a\u00f1os en un centro de Formaci\u00f3n realizando cursos de formaci\u00f3n On-line y mixta en \u00e1reas relacionadas con la inform\u00e1tica, programaci\u00f3n web, I+D, etc. Desde el a\u00f1o 2010 pertenezco al Departamento de Inform\u00e1tica de la UEM como profesor de Ciclos Formativos de Grado Superior en STI y ASIR (\\\"teleco\\\" e inform\u00e1tica), as\u00ed que si est\u00e1is viendo este perfil, o bien sois compa\u00f1erxs o alumnxs.\"}]}<\/script>\n<!-- \/ Yoast SEO plugin. -->","yoast_head_json":{"title":"Intel vs AMD en Fundamentos de Hardware &#8211; Blog Docente - David P\u00e9rez Alonso","robots":{"index":"index","follow":"follow","max-snippet":"max-snippet:-1","max-image-preview":"max-image-preview:large","max-video-preview":"max-video-preview:-1"},"canonical":"https:\/\/davidperezalonso.com\/blog\/intel-vs-amd-en-fundamentos-de-hardware\/","og_locale":"es_ES","og_type":"article","og_title":"Intel vs AMD en Fundamentos de Hardware &#8211; Blog Docente - David P\u00e9rez Alonso","og_description":"Por tercer a\u00f1o consecutivo he organizado en clase la actividad \u00abIntel vs AMD\u00bb para, entre otros objetivos did\u00e1cticos, conocer en profundidad los microprocesadores comerciales, c\u00f3mo realizar benchmark, c\u00f3mo est\u00e1 el mercado actual y futuro,&#46;&#46;&#46;","og_url":"https:\/\/davidperezalonso.com\/blog\/intel-vs-amd-en-fundamentos-de-hardware\/","og_site_name":"Blog Docente - David P\u00e9rez Alonso","article_published_time":"2013-02-19T23:22:07+00:00","article_modified_time":"2013-02-19T23:26:38+00:00","og_image":[{"width":1024,"height":1365,"url":"https:\/\/davidperezalonso.com\/blog\/wp-content\/uploads\/2013\/02\/Intel-vs-AMD-201300009.jpg","type":"image\/jpeg"}],"author":"admin","twitter_card":"summary_large_image","twitter_creator":"@DavidPerezProfe","twitter_site":"@DavidPerezProfe","twitter_misc":{"Escrito por":"admin","Tiempo de lectura":"3 minutos"},"schema":{"@context":"https:\/\/schema.org","@graph":[{"@type":"Article","@id":"https:\/\/davidperezalonso.com\/blog\/intel-vs-amd-en-fundamentos-de-hardware\/#article","isPartOf":{"@id":"https:\/\/davidperezalonso.com\/blog\/intel-vs-amd-en-fundamentos-de-hardware\/"},"author":{"name":"admin","@id":"https:\/\/davidperezalonso.com\/blog\/#\/schema\/person\/1db0dd27700572c6ed41e705a69f7fc3"},"headline":"Intel vs AMD en Fundamentos de Hardware","datePublished":"2013-02-19T23:22:07+00:00","dateModified":"2013-02-19T23:26:38+00:00","mainEntityOfPage":{"@id":"https:\/\/davidperezalonso.com\/blog\/intel-vs-amd-en-fundamentos-de-hardware\/"},"wordCount":557,"commentCount":0,"image":{"@id":"https:\/\/davidperezalonso.com\/blog\/intel-vs-amd-en-fundamentos-de-hardware\/#primaryimage"},"thumbnailUrl":"https:\/\/davidperezalonso.com\/blog\/wp-content\/uploads\/2013\/02\/Intel-vs-AMD-201300009.jpg","keywords":["1\u00ba","exposiciones","hardware","microprocesador","segundo trimestre"],"articleSection":["ASIR","Fundamentos de Hardware"],"inLanguage":"es","potentialAction":[{"@type":"CommentAction","name":"Comment","target":["https:\/\/davidperezalonso.com\/blog\/intel-vs-amd-en-fundamentos-de-hardware\/#respond"]}]},{"@type":"WebPage","@id":"https:\/\/davidperezalonso.com\/blog\/intel-vs-amd-en-fundamentos-de-hardware\/","url":"https:\/\/davidperezalonso.com\/blog\/intel-vs-amd-en-fundamentos-de-hardware\/","name":"Intel vs AMD en Fundamentos de Hardware &#8211; Blog Docente - David P\u00e9rez Alonso","isPartOf":{"@id":"https:\/\/davidperezalonso.com\/blog\/#website"},"primaryImageOfPage":{"@id":"https:\/\/davidperezalonso.com\/blog\/intel-vs-amd-en-fundamentos-de-hardware\/#primaryimage"},"image":{"@id":"https:\/\/davidperezalonso.com\/blog\/intel-vs-amd-en-fundamentos-de-hardware\/#primaryimage"},"thumbnailUrl":"https:\/\/davidperezalonso.com\/blog\/wp-content\/uploads\/2013\/02\/Intel-vs-AMD-201300009.jpg","datePublished":"2013-02-19T23:22:07+00:00","dateModified":"2013-02-19T23:26:38+00:00","author":{"@id":"https:\/\/davidperezalonso.com\/blog\/#\/schema\/person\/1db0dd27700572c6ed41e705a69f7fc3"},"breadcrumb":{"@id":"https:\/\/davidperezalonso.com\/blog\/intel-vs-amd-en-fundamentos-de-hardware\/#breadcrumb"},"inLanguage":"es","potentialAction":[{"@type":"ReadAction","target":["https:\/\/davidperezalonso.com\/blog\/intel-vs-amd-en-fundamentos-de-hardware\/"]}]},{"@type":"ImageObject","inLanguage":"es","@id":"https:\/\/davidperezalonso.com\/blog\/intel-vs-amd-en-fundamentos-de-hardware\/#primaryimage","url":"https:\/\/davidperezalonso.com\/blog\/wp-content\/uploads\/2013\/02\/Intel-vs-AMD-201300009.jpg","contentUrl":"https:\/\/davidperezalonso.com\/blog\/wp-content\/uploads\/2013\/02\/Intel-vs-AMD-201300009.jpg","width":"1024","height":"1365"},{"@type":"BreadcrumbList","@id":"https:\/\/davidperezalonso.com\/blog\/intel-vs-amd-en-fundamentos-de-hardware\/#breadcrumb","itemListElement":[{"@type":"ListItem","position":1,"name":"Portada","item":"https:\/\/davidperezalonso.com\/blog\/"},{"@type":"ListItem","position":2,"name":"Intel vs AMD en Fundamentos de Hardware"}]},{"@type":"WebSite","@id":"https:\/\/davidperezalonso.com\/blog\/#website","url":"https:\/\/davidperezalonso.com\/blog\/","name":"Blog Docente - David P\u00e9rez Alonso","description":"Blog sobre mis clases y docencia en Formaci\u00f3n Profesional, Bachillerato y ESO","potentialAction":[{"@type":"SearchAction","target":{"@type":"EntryPoint","urlTemplate":"https:\/\/davidperezalonso.com\/blog\/?s={search_term_string}"},"query-input":{"@type":"PropertyValueSpecification","valueRequired":true,"valueName":"search_term_string"}}],"inLanguage":"es"},{"@type":"Person","@id":"https:\/\/davidperezalonso.com\/blog\/#\/schema\/person\/1db0dd27700572c6ed41e705a69f7fc3","name":"admin","image":{"@type":"ImageObject","inLanguage":"es","@id":"https:\/\/davidperezalonso.com\/blog\/#\/schema\/person\/image\/","url":"https:\/\/secure.gravatar.com\/avatar\/6da540181b6cb9cf154bdd6b50f2e5989f30a6be1d7ad004e44593af540b72dd?s=96&d=mm&r=g","contentUrl":"https:\/\/secure.gravatar.com\/avatar\/6da540181b6cb9cf154bdd6b50f2e5989f30a6be1d7ad004e44593af540b72dd?s=96&d=mm&r=g","caption":"admin"},"description":"Ingeniero T\u00e9cnico de Telecomunicaci\u00f3n (Especialidad en Sonido e Imagen) por la Universidad Polit\u00e9cnica de Madrid (1997). Experiencia laboral de siete a\u00f1os en el departamento de I+D de la multinacional LIPMAN (Hw\/Sw) pero cambi\u00f3 de nombre y ahora sabr\u00e9is de ella por VERIFONE. Despu\u00e9s trabaj\u00e9 unos 4 a\u00f1os en un centro de Formaci\u00f3n realizando cursos de formaci\u00f3n On-line y mixta en \u00e1reas relacionadas con la inform\u00e1tica, programaci\u00f3n web, I+D, etc. Desde el a\u00f1o 2010 pertenezco al Departamento de Inform\u00e1tica de la UEM como profesor de Ciclos Formativos de Grado Superior en STI y ASIR (\"teleco\" e inform\u00e1tica), as\u00ed que si est\u00e1is viendo este perfil, o bien sois compa\u00f1erxs o alumnxs."}]}},"_links":{"self":[{"href":"https:\/\/davidperezalonso.com\/blog\/wp-json\/wp\/v2\/posts\/296","targetHints":{"allow":["GET"]}}],"collection":[{"href":"https:\/\/davidperezalonso.com\/blog\/wp-json\/wp\/v2\/posts"}],"about":[{"href":"https:\/\/davidperezalonso.com\/blog\/wp-json\/wp\/v2\/types\/post"}],"author":[{"embeddable":true,"href":"https:\/\/davidperezalonso.com\/blog\/wp-json\/wp\/v2\/users\/1"}],"replies":[{"embeddable":true,"href":"https:\/\/davidperezalonso.com\/blog\/wp-json\/wp\/v2\/comments?post=296"}],"version-history":[{"count":3,"href":"https:\/\/davidperezalonso.com\/blog\/wp-json\/wp\/v2\/posts\/296\/revisions"}],"predecessor-version":[{"id":303,"href":"https:\/\/davidperezalonso.com\/blog\/wp-json\/wp\/v2\/posts\/296\/revisions\/303"}],"wp:featuredmedia":[{"embeddable":true,"href":"https:\/\/davidperezalonso.com\/blog\/wp-json\/wp\/v2\/media\/300"}],"wp:attachment":[{"href":"https:\/\/davidperezalonso.com\/blog\/wp-json\/wp\/v2\/media?parent=296"}],"wp:term":[{"taxonomy":"category","embeddable":true,"href":"https:\/\/davidperezalonso.com\/blog\/wp-json\/wp\/v2\/categories?post=296"},{"taxonomy":"post_tag","embeddable":true,"href":"https:\/\/davidperezalonso.com\/blog\/wp-json\/wp\/v2\/tags?post=296"}],"curies":[{"name":"wp","href":"https:\/\/api.w.org\/{rel}","templated":true}]}}