{"id":413,"date":"2013-07-13T13:08:27","date_gmt":"2013-07-13T11:08:27","guid":{"rendered":"http:\/\/davidperezalonso.com\/blog\/?p=413"},"modified":"2013-07-13T13:08:27","modified_gmt":"2013-07-13T11:08:27","slug":"jornadas-de-puertas-abiertas-del-vivero-de-empresas-manuel-diaz-ruiz-en-torrijos","status":"publish","type":"post","link":"https:\/\/davidperezalonso.com\/blog\/jornadas-de-puertas-abiertas-del-vivero-de-empresas-manuel-diaz-ruiz-en-torrijos\/","title":{"rendered":"Jornadas de Puertas Abiertas del Vivero de Empresas \u00abManuel D\u00edaz Ruiz\u00bb en Torrijos"},"content":{"rendered":"<p>Esta ma\u00f1ana visit\u00e9 en la <a href=\"http:\/\/www.torrijos.es\/destacados\/view\/id\/1367\" target=\"_blank\">I Jornada de Puertas Abiertas<\/a> junto a otros torrije\u00f1os y personas de la zona, vinculadas con las Tecnolog\u00edas y el emprendizaje, el vivero de empresas Tecnol\u00f3gicas \u00abManuel D\u00edaz Ruiz\u00bb que se encuentra ubicado en mi pueblo: Torrijos, Toledo.La intenci\u00f3n era mostrarnos las magn\u00edficas instalaciones que han creado y que podamos difundirlo, para intentar conseguir que este proyecto tan interesante sea un \u00e9xito.<\/p>\n<p><a href=\"http:\/\/davidperezalonso.com\/blog\/wp-content\/uploads\/2013\/07\/Vivero-de-Empresas-WEB_1.jpg\"><img loading=\"lazy\" decoding=\"async\" class=\"aligncenter size-medium wp-image-414\" title=\"Vivero de Empresas-WEB_1\" src=\"http:\/\/davidperezalonso.com\/blog\/wp-content\/uploads\/2013\/07\/Vivero-de-Empresas-WEB_1-300x225.jpg\" alt=\"\" width=\"300\" height=\"225\" srcset=\"https:\/\/davidperezalonso.com\/blog\/wp-content\/uploads\/2013\/07\/Vivero-de-Empresas-WEB_1-300x225.jpg 300w, https:\/\/davidperezalonso.com\/blog\/wp-content\/uploads\/2013\/07\/Vivero-de-Empresas-WEB_1-1024x768.jpg 1024w, https:\/\/davidperezalonso.com\/blog\/wp-content\/uploads\/2013\/07\/Vivero-de-Empresas-WEB_1-400x300.jpg 400w, https:\/\/davidperezalonso.com\/blog\/wp-content\/uploads\/2013\/07\/Vivero-de-Empresas-WEB_1.jpg 1632w\" sizes=\"auto, (max-width: 300px) 100vw, 300px\" \/><\/a>Fue invitado para esta visita por el Alcalde, <strong>Juan Jos\u00e9 G\u00f3mez-Hidalgo<\/strong> y uno de los concejales: <strong>\u00c1ngel Collado<\/strong>, por mi vinculaci\u00f3n con las Tecnolog\u00edas como profesor en la <strong>Universidad Europea<\/strong> en ese af\u00e1n por que los estudiantes emprendan y pongan en pr\u00e1ctica esas ideas, ayudados por este nuevo vivero que el Ayuntamiento de Torrijos ha creado.All\u00ed me encontr\u00e9, entre otros conocidos, con mi colega<strong> Micael Galleg<\/strong>o, profesor de Inform\u00e1tica de la Universidad Juan Carlos I.<\/p>\n<p>Ya os hab\u00eda hablado por aqu\u00ed del <a href=\"http:\/\/davidperezalonso.com\/blog\/emprendedores-start-ups-spin-offs-vengase-a-mi-pueblo\/\" target=\"_blank\"><strong>Vivero de Empresas Manuel D\u00edaz Ruiz<\/strong><\/a> en el mes de marzo, cuando iniciaba su andadura y ah\u00ed explicaba algunas de las ventajas econ\u00f3micas, como el primer a\u00f1o de alquiler a coste cero. Hoy he podido comprobar que las instalaciones son estupendas: los despachos, las zonas comunes (salas de reuniones, para formaci\u00f3n, etc), las naves industriales (por si alguna de las empresas est\u00e1 necesitada de un peque\u00f1o apoyo log\u00edstico o peque\u00f1a sala de montaje, producci\u00f3n).<\/p>\n<p>Desde luego creo que para muchos de nuestros alumnos de la <strong>Escuela Polit\u00e9cnica de la Universidad Europea<\/strong>, que acaban sus estudios de Ingenier\u00eda, con muchas buenas ideas, puede ser un magn\u00edfico punto de inicio para hacerlas realidad. Van a contar con mucha ayuda por parte de la corporaci\u00f3n municipal, en una poblaci\u00f3n bien comunicada con MAdrid, Toledo y Talavera, m\u00e1s econ\u00f3mica, etc, etc&#8230; bueno, soy muy torrije\u00f1ista&#8230; as\u00ed que os animo a que os veng\u00e1is!!!<\/p>\n<p>M\u00e1s info: <a href=\"http:\/\/www.viverotecnologicotorrijos.es\/\" target=\"_blank\">http:\/\/www.viverotecnologicotorrijos.es\/<\/a><\/p>\n<p>&nbsp;<\/p>\n","protected":false},"excerpt":{"rendered":"<p>Esta ma\u00f1ana visit\u00e9 en la I Jornada de Puertas Abiertas junto a otros torrije\u00f1os y personas de la zona, vinculadas con las Tecnolog\u00edas y el emprendizaje, el vivero de empresas Tecnol\u00f3gicas \u00abManuel D\u00edaz Ruiz\u00bb&#46;&#46;&#46;<\/p>\n","protected":false},"author":1,"featured_media":414,"comment_status":"open","ping_status":"closed","sticky":false,"template":"","format":"standard","meta":{"footnotes":""},"categories":[32],"tags":[110,130,111,137],"class_list":["post-413","post","type-post","status-publish","format-standard","has-post-thumbnail","hentry","category-curiosidades","tag-emprendedores","tag-escuela-politecnica","tag-torrijos","tag-vivero-de-empresas"],"yoast_head":"<!-- This site is optimized with the Yoast SEO plugin v27.0 - https:\/\/yoast.com\/product\/yoast-seo-wordpress\/ -->\n<title>Jornadas de Puertas Abiertas del Vivero de Empresas &quot;Manuel D\u00edaz Ruiz&quot; en Torrijos &#8211; Blog Docente - David P\u00e9rez Alonso<\/title>\n<meta name=\"robots\" content=\"index, follow, max-snippet:-1, max-image-preview:large, max-video-preview:-1\" \/>\n<link rel=\"canonical\" href=\"https:\/\/davidperezalonso.com\/blog\/jornadas-de-puertas-abiertas-del-vivero-de-empresas-manuel-diaz-ruiz-en-torrijos\/\" \/>\n<meta property=\"og:locale\" content=\"es_ES\" \/>\n<meta property=\"og:type\" content=\"article\" \/>\n<meta property=\"og:title\" content=\"Jornadas de Puertas Abiertas del Vivero de Empresas &quot;Manuel D\u00edaz Ruiz&quot; en Torrijos &#8211; Blog Docente - David P\u00e9rez Alonso\" \/>\n<meta property=\"og:description\" content=\"Esta ma\u00f1ana visit\u00e9 en la I Jornada de Puertas Abiertas junto a otros torrije\u00f1os y personas de la zona, vinculadas con las Tecnolog\u00edas y el emprendizaje, el vivero de empresas Tecnol\u00f3gicas \u00abManuel D\u00edaz Ruiz\u00bb&#046;&#046;&#046;\" \/>\n<meta property=\"og:url\" content=\"https:\/\/davidperezalonso.com\/blog\/jornadas-de-puertas-abiertas-del-vivero-de-empresas-manuel-diaz-ruiz-en-torrijos\/\" \/>\n<meta property=\"og:site_name\" content=\"Blog Docente - David P\u00e9rez Alonso\" \/>\n<meta property=\"article:published_time\" content=\"2013-07-13T11:08:27+00:00\" \/>\n<meta property=\"og:image\" content=\"https:\/\/davidperezalonso.com\/blog\/wp-content\/uploads\/2013\/07\/Vivero-de-Empresas-WEB_1.jpg\" \/>\n\t<meta property=\"og:image:width\" content=\"1632\" \/>\n\t<meta property=\"og:image:height\" content=\"1224\" \/>\n\t<meta property=\"og:image:type\" content=\"image\/jpeg\" \/>\n<meta name=\"author\" content=\"admin\" \/>\n<meta name=\"twitter:card\" content=\"summary_large_image\" \/>\n<meta name=\"twitter:creator\" content=\"@DavidPerezProfe\" \/>\n<meta name=\"twitter:site\" content=\"@DavidPerezProfe\" \/>\n<meta name=\"twitter:label1\" content=\"Escrito por\" \/>\n\t<meta name=\"twitter:data1\" content=\"admin\" \/>\n\t<meta name=\"twitter:label2\" content=\"Tiempo de lectura\" \/>\n\t<meta name=\"twitter:data2\" content=\"2 minutos\" \/>\n<script type=\"application\/ld+json\" class=\"yoast-schema-graph\">{\"@context\":\"https:\/\/schema.org\",\"@graph\":[{\"@type\":\"Article\",\"@id\":\"https:\/\/davidperezalonso.com\/blog\/jornadas-de-puertas-abiertas-del-vivero-de-empresas-manuel-diaz-ruiz-en-torrijos\/#article\",\"isPartOf\":{\"@id\":\"https:\/\/davidperezalonso.com\/blog\/jornadas-de-puertas-abiertas-del-vivero-de-empresas-manuel-diaz-ruiz-en-torrijos\/\"},\"author\":{\"name\":\"admin\",\"@id\":\"https:\/\/davidperezalonso.com\/blog\/#\/schema\/person\/1db0dd27700572c6ed41e705a69f7fc3\"},\"headline\":\"Jornadas de Puertas Abiertas del Vivero de Empresas \u00abManuel D\u00edaz Ruiz\u00bb en Torrijos\",\"datePublished\":\"2013-07-13T11:08:27+00:00\",\"mainEntityOfPage\":{\"@id\":\"https:\/\/davidperezalonso.com\/blog\/jornadas-de-puertas-abiertas-del-vivero-de-empresas-manuel-diaz-ruiz-en-torrijos\/\"},\"wordCount\":353,\"commentCount\":0,\"image\":{\"@id\":\"https:\/\/davidperezalonso.com\/blog\/jornadas-de-puertas-abiertas-del-vivero-de-empresas-manuel-diaz-ruiz-en-torrijos\/#primaryimage\"},\"thumbnailUrl\":\"https:\/\/davidperezalonso.com\/blog\/wp-content\/uploads\/2013\/07\/Vivero-de-Empresas-WEB_1.jpg\",\"keywords\":[\"emprendedores\",\"Escuela Polit\u00e9cnica\",\"Torrijos\",\"vivero de empresas\"],\"articleSection\":[\"curiosidades\"],\"inLanguage\":\"es\",\"potentialAction\":[{\"@type\":\"CommentAction\",\"name\":\"Comment\",\"target\":[\"https:\/\/davidperezalonso.com\/blog\/jornadas-de-puertas-abiertas-del-vivero-de-empresas-manuel-diaz-ruiz-en-torrijos\/#respond\"]}]},{\"@type\":\"WebPage\",\"@id\":\"https:\/\/davidperezalonso.com\/blog\/jornadas-de-puertas-abiertas-del-vivero-de-empresas-manuel-diaz-ruiz-en-torrijos\/\",\"url\":\"https:\/\/davidperezalonso.com\/blog\/jornadas-de-puertas-abiertas-del-vivero-de-empresas-manuel-diaz-ruiz-en-torrijos\/\",\"name\":\"Jornadas de Puertas Abiertas del Vivero de Empresas \\\"Manuel D\u00edaz Ruiz\\\" en Torrijos &#8211; Blog Docente - David P\u00e9rez Alonso\",\"isPartOf\":{\"@id\":\"https:\/\/davidperezalonso.com\/blog\/#website\"},\"primaryImageOfPage\":{\"@id\":\"https:\/\/davidperezalonso.com\/blog\/jornadas-de-puertas-abiertas-del-vivero-de-empresas-manuel-diaz-ruiz-en-torrijos\/#primaryimage\"},\"image\":{\"@id\":\"https:\/\/davidperezalonso.com\/blog\/jornadas-de-puertas-abiertas-del-vivero-de-empresas-manuel-diaz-ruiz-en-torrijos\/#primaryimage\"},\"thumbnailUrl\":\"https:\/\/davidperezalonso.com\/blog\/wp-content\/uploads\/2013\/07\/Vivero-de-Empresas-WEB_1.jpg\",\"datePublished\":\"2013-07-13T11:08:27+00:00\",\"author\":{\"@id\":\"https:\/\/davidperezalonso.com\/blog\/#\/schema\/person\/1db0dd27700572c6ed41e705a69f7fc3\"},\"breadcrumb\":{\"@id\":\"https:\/\/davidperezalonso.com\/blog\/jornadas-de-puertas-abiertas-del-vivero-de-empresas-manuel-diaz-ruiz-en-torrijos\/#breadcrumb\"},\"inLanguage\":\"es\",\"potentialAction\":[{\"@type\":\"ReadAction\",\"target\":[\"https:\/\/davidperezalonso.com\/blog\/jornadas-de-puertas-abiertas-del-vivero-de-empresas-manuel-diaz-ruiz-en-torrijos\/\"]}]},{\"@type\":\"ImageObject\",\"inLanguage\":\"es\",\"@id\":\"https:\/\/davidperezalonso.com\/blog\/jornadas-de-puertas-abiertas-del-vivero-de-empresas-manuel-diaz-ruiz-en-torrijos\/#primaryimage\",\"url\":\"https:\/\/davidperezalonso.com\/blog\/wp-content\/uploads\/2013\/07\/Vivero-de-Empresas-WEB_1.jpg\",\"contentUrl\":\"https:\/\/davidperezalonso.com\/blog\/wp-content\/uploads\/2013\/07\/Vivero-de-Empresas-WEB_1.jpg\",\"width\":\"1632\",\"height\":\"1224\"},{\"@type\":\"BreadcrumbList\",\"@id\":\"https:\/\/davidperezalonso.com\/blog\/jornadas-de-puertas-abiertas-del-vivero-de-empresas-manuel-diaz-ruiz-en-torrijos\/#breadcrumb\",\"itemListElement\":[{\"@type\":\"ListItem\",\"position\":1,\"name\":\"Portada\",\"item\":\"https:\/\/davidperezalonso.com\/blog\/\"},{\"@type\":\"ListItem\",\"position\":2,\"name\":\"Jornadas de Puertas Abiertas del Vivero de Empresas \u00abManuel D\u00edaz Ruiz\u00bb en Torrijos\"}]},{\"@type\":\"WebSite\",\"@id\":\"https:\/\/davidperezalonso.com\/blog\/#website\",\"url\":\"https:\/\/davidperezalonso.com\/blog\/\",\"name\":\"Blog Docente - David P\u00e9rez Alonso\",\"description\":\"Blog sobre mis clases y docencia en Formaci\u00f3n Profesional, Bachillerato y ESO\",\"potentialAction\":[{\"@type\":\"SearchAction\",\"target\":{\"@type\":\"EntryPoint\",\"urlTemplate\":\"https:\/\/davidperezalonso.com\/blog\/?s={search_term_string}\"},\"query-input\":{\"@type\":\"PropertyValueSpecification\",\"valueRequired\":true,\"valueName\":\"search_term_string\"}}],\"inLanguage\":\"es\"},{\"@type\":\"Person\",\"@id\":\"https:\/\/davidperezalonso.com\/blog\/#\/schema\/person\/1db0dd27700572c6ed41e705a69f7fc3\",\"name\":\"admin\",\"image\":{\"@type\":\"ImageObject\",\"inLanguage\":\"es\",\"@id\":\"https:\/\/davidperezalonso.com\/blog\/#\/schema\/person\/image\/\",\"url\":\"https:\/\/secure.gravatar.com\/avatar\/6da540181b6cb9cf154bdd6b50f2e5989f30a6be1d7ad004e44593af540b72dd?s=96&d=mm&r=g\",\"contentUrl\":\"https:\/\/secure.gravatar.com\/avatar\/6da540181b6cb9cf154bdd6b50f2e5989f30a6be1d7ad004e44593af540b72dd?s=96&d=mm&r=g\",\"caption\":\"admin\"},\"description\":\"Ingeniero T\u00e9cnico de Telecomunicaci\u00f3n (Especialidad en Sonido e Imagen) por la Universidad Polit\u00e9cnica de Madrid (1997). Experiencia laboral de siete a\u00f1os en el departamento de I+D de la multinacional LIPMAN (Hw\/Sw) pero cambi\u00f3 de nombre y ahora sabr\u00e9is de ella por VERIFONE. Despu\u00e9s trabaj\u00e9 unos 4 a\u00f1os en un centro de Formaci\u00f3n realizando cursos de formaci\u00f3n On-line y mixta en \u00e1reas relacionadas con la inform\u00e1tica, programaci\u00f3n web, I+D, etc. Desde el a\u00f1o 2010 pertenezco al Departamento de Inform\u00e1tica de la UEM como profesor de Ciclos Formativos de Grado Superior en STI y ASIR (\\\"teleco\\\" e inform\u00e1tica), as\u00ed que si est\u00e1is viendo este perfil, o bien sois compa\u00f1erxs o alumnxs.\"}]}<\/script>\n<!-- \/ Yoast SEO plugin. -->","yoast_head_json":{"title":"Jornadas de Puertas Abiertas del Vivero de Empresas \"Manuel D\u00edaz Ruiz\" en Torrijos &#8211; Blog Docente - David P\u00e9rez Alonso","robots":{"index":"index","follow":"follow","max-snippet":"max-snippet:-1","max-image-preview":"max-image-preview:large","max-video-preview":"max-video-preview:-1"},"canonical":"https:\/\/davidperezalonso.com\/blog\/jornadas-de-puertas-abiertas-del-vivero-de-empresas-manuel-diaz-ruiz-en-torrijos\/","og_locale":"es_ES","og_type":"article","og_title":"Jornadas de Puertas Abiertas del Vivero de Empresas \"Manuel D\u00edaz Ruiz\" en Torrijos &#8211; Blog Docente - David P\u00e9rez Alonso","og_description":"Esta ma\u00f1ana visit\u00e9 en la I Jornada de Puertas Abiertas junto a otros torrije\u00f1os y personas de la zona, vinculadas con las Tecnolog\u00edas y el emprendizaje, el vivero de empresas Tecnol\u00f3gicas \u00abManuel D\u00edaz Ruiz\u00bb&#46;&#46;&#46;","og_url":"https:\/\/davidperezalonso.com\/blog\/jornadas-de-puertas-abiertas-del-vivero-de-empresas-manuel-diaz-ruiz-en-torrijos\/","og_site_name":"Blog Docente - David P\u00e9rez Alonso","article_published_time":"2013-07-13T11:08:27+00:00","og_image":[{"width":1632,"height":1224,"url":"https:\/\/davidperezalonso.com\/blog\/wp-content\/uploads\/2013\/07\/Vivero-de-Empresas-WEB_1.jpg","type":"image\/jpeg"}],"author":"admin","twitter_card":"summary_large_image","twitter_creator":"@DavidPerezProfe","twitter_site":"@DavidPerezProfe","twitter_misc":{"Escrito por":"admin","Tiempo de lectura":"2 minutos"},"schema":{"@context":"https:\/\/schema.org","@graph":[{"@type":"Article","@id":"https:\/\/davidperezalonso.com\/blog\/jornadas-de-puertas-abiertas-del-vivero-de-empresas-manuel-diaz-ruiz-en-torrijos\/#article","isPartOf":{"@id":"https:\/\/davidperezalonso.com\/blog\/jornadas-de-puertas-abiertas-del-vivero-de-empresas-manuel-diaz-ruiz-en-torrijos\/"},"author":{"name":"admin","@id":"https:\/\/davidperezalonso.com\/blog\/#\/schema\/person\/1db0dd27700572c6ed41e705a69f7fc3"},"headline":"Jornadas de Puertas Abiertas del Vivero de Empresas \u00abManuel D\u00edaz Ruiz\u00bb en Torrijos","datePublished":"2013-07-13T11:08:27+00:00","mainEntityOfPage":{"@id":"https:\/\/davidperezalonso.com\/blog\/jornadas-de-puertas-abiertas-del-vivero-de-empresas-manuel-diaz-ruiz-en-torrijos\/"},"wordCount":353,"commentCount":0,"image":{"@id":"https:\/\/davidperezalonso.com\/blog\/jornadas-de-puertas-abiertas-del-vivero-de-empresas-manuel-diaz-ruiz-en-torrijos\/#primaryimage"},"thumbnailUrl":"https:\/\/davidperezalonso.com\/blog\/wp-content\/uploads\/2013\/07\/Vivero-de-Empresas-WEB_1.jpg","keywords":["emprendedores","Escuela Polit\u00e9cnica","Torrijos","vivero de empresas"],"articleSection":["curiosidades"],"inLanguage":"es","potentialAction":[{"@type":"CommentAction","name":"Comment","target":["https:\/\/davidperezalonso.com\/blog\/jornadas-de-puertas-abiertas-del-vivero-de-empresas-manuel-diaz-ruiz-en-torrijos\/#respond"]}]},{"@type":"WebPage","@id":"https:\/\/davidperezalonso.com\/blog\/jornadas-de-puertas-abiertas-del-vivero-de-empresas-manuel-diaz-ruiz-en-torrijos\/","url":"https:\/\/davidperezalonso.com\/blog\/jornadas-de-puertas-abiertas-del-vivero-de-empresas-manuel-diaz-ruiz-en-torrijos\/","name":"Jornadas de Puertas Abiertas del Vivero de Empresas \"Manuel D\u00edaz Ruiz\" en Torrijos &#8211; Blog Docente - David P\u00e9rez Alonso","isPartOf":{"@id":"https:\/\/davidperezalonso.com\/blog\/#website"},"primaryImageOfPage":{"@id":"https:\/\/davidperezalonso.com\/blog\/jornadas-de-puertas-abiertas-del-vivero-de-empresas-manuel-diaz-ruiz-en-torrijos\/#primaryimage"},"image":{"@id":"https:\/\/davidperezalonso.com\/blog\/jornadas-de-puertas-abiertas-del-vivero-de-empresas-manuel-diaz-ruiz-en-torrijos\/#primaryimage"},"thumbnailUrl":"https:\/\/davidperezalonso.com\/blog\/wp-content\/uploads\/2013\/07\/Vivero-de-Empresas-WEB_1.jpg","datePublished":"2013-07-13T11:08:27+00:00","author":{"@id":"https:\/\/davidperezalonso.com\/blog\/#\/schema\/person\/1db0dd27700572c6ed41e705a69f7fc3"},"breadcrumb":{"@id":"https:\/\/davidperezalonso.com\/blog\/jornadas-de-puertas-abiertas-del-vivero-de-empresas-manuel-diaz-ruiz-en-torrijos\/#breadcrumb"},"inLanguage":"es","potentialAction":[{"@type":"ReadAction","target":["https:\/\/davidperezalonso.com\/blog\/jornadas-de-puertas-abiertas-del-vivero-de-empresas-manuel-diaz-ruiz-en-torrijos\/"]}]},{"@type":"ImageObject","inLanguage":"es","@id":"https:\/\/davidperezalonso.com\/blog\/jornadas-de-puertas-abiertas-del-vivero-de-empresas-manuel-diaz-ruiz-en-torrijos\/#primaryimage","url":"https:\/\/davidperezalonso.com\/blog\/wp-content\/uploads\/2013\/07\/Vivero-de-Empresas-WEB_1.jpg","contentUrl":"https:\/\/davidperezalonso.com\/blog\/wp-content\/uploads\/2013\/07\/Vivero-de-Empresas-WEB_1.jpg","width":"1632","height":"1224"},{"@type":"BreadcrumbList","@id":"https:\/\/davidperezalonso.com\/blog\/jornadas-de-puertas-abiertas-del-vivero-de-empresas-manuel-diaz-ruiz-en-torrijos\/#breadcrumb","itemListElement":[{"@type":"ListItem","position":1,"name":"Portada","item":"https:\/\/davidperezalonso.com\/blog\/"},{"@type":"ListItem","position":2,"name":"Jornadas de Puertas Abiertas del Vivero de Empresas \u00abManuel D\u00edaz Ruiz\u00bb en Torrijos"}]},{"@type":"WebSite","@id":"https:\/\/davidperezalonso.com\/blog\/#website","url":"https:\/\/davidperezalonso.com\/blog\/","name":"Blog Docente - David P\u00e9rez Alonso","description":"Blog sobre mis clases y docencia en Formaci\u00f3n Profesional, Bachillerato y ESO","potentialAction":[{"@type":"SearchAction","target":{"@type":"EntryPoint","urlTemplate":"https:\/\/davidperezalonso.com\/blog\/?s={search_term_string}"},"query-input":{"@type":"PropertyValueSpecification","valueRequired":true,"valueName":"search_term_string"}}],"inLanguage":"es"},{"@type":"Person","@id":"https:\/\/davidperezalonso.com\/blog\/#\/schema\/person\/1db0dd27700572c6ed41e705a69f7fc3","name":"admin","image":{"@type":"ImageObject","inLanguage":"es","@id":"https:\/\/davidperezalonso.com\/blog\/#\/schema\/person\/image\/","url":"https:\/\/secure.gravatar.com\/avatar\/6da540181b6cb9cf154bdd6b50f2e5989f30a6be1d7ad004e44593af540b72dd?s=96&d=mm&r=g","contentUrl":"https:\/\/secure.gravatar.com\/avatar\/6da540181b6cb9cf154bdd6b50f2e5989f30a6be1d7ad004e44593af540b72dd?s=96&d=mm&r=g","caption":"admin"},"description":"Ingeniero T\u00e9cnico de Telecomunicaci\u00f3n (Especialidad en Sonido e Imagen) por la Universidad Polit\u00e9cnica de Madrid (1997). Experiencia laboral de siete a\u00f1os en el departamento de I+D de la multinacional LIPMAN (Hw\/Sw) pero cambi\u00f3 de nombre y ahora sabr\u00e9is de ella por VERIFONE. Despu\u00e9s trabaj\u00e9 unos 4 a\u00f1os en un centro de Formaci\u00f3n realizando cursos de formaci\u00f3n On-line y mixta en \u00e1reas relacionadas con la inform\u00e1tica, programaci\u00f3n web, I+D, etc. Desde el a\u00f1o 2010 pertenezco al Departamento de Inform\u00e1tica de la UEM como profesor de Ciclos Formativos de Grado Superior en STI y ASIR (\"teleco\" e inform\u00e1tica), as\u00ed que si est\u00e1is viendo este perfil, o bien sois compa\u00f1erxs o alumnxs."}]}},"_links":{"self":[{"href":"https:\/\/davidperezalonso.com\/blog\/wp-json\/wp\/v2\/posts\/413","targetHints":{"allow":["GET"]}}],"collection":[{"href":"https:\/\/davidperezalonso.com\/blog\/wp-json\/wp\/v2\/posts"}],"about":[{"href":"https:\/\/davidperezalonso.com\/blog\/wp-json\/wp\/v2\/types\/post"}],"author":[{"embeddable":true,"href":"https:\/\/davidperezalonso.com\/blog\/wp-json\/wp\/v2\/users\/1"}],"replies":[{"embeddable":true,"href":"https:\/\/davidperezalonso.com\/blog\/wp-json\/wp\/v2\/comments?post=413"}],"version-history":[{"count":1,"href":"https:\/\/davidperezalonso.com\/blog\/wp-json\/wp\/v2\/posts\/413\/revisions"}],"predecessor-version":[{"id":415,"href":"https:\/\/davidperezalonso.com\/blog\/wp-json\/wp\/v2\/posts\/413\/revisions\/415"}],"wp:featuredmedia":[{"embeddable":true,"href":"https:\/\/davidperezalonso.com\/blog\/wp-json\/wp\/v2\/media\/414"}],"wp:attachment":[{"href":"https:\/\/davidperezalonso.com\/blog\/wp-json\/wp\/v2\/media?parent=413"}],"wp:term":[{"taxonomy":"category","embeddable":true,"href":"https:\/\/davidperezalonso.com\/blog\/wp-json\/wp\/v2\/categories?post=413"},{"taxonomy":"post_tag","embeddable":true,"href":"https:\/\/davidperezalonso.com\/blog\/wp-json\/wp\/v2\/tags?post=413"}],"curies":[{"name":"wp","href":"https:\/\/api.w.org\/{rel}","templated":true}]}}