{"id":457,"date":"2013-11-21T17:28:03","date_gmt":"2013-11-21T16:28:03","guid":{"rendered":"http:\/\/davidperezalonso.com\/blog\/?p=457"},"modified":"2013-11-21T17:28:03","modified_gmt":"2013-11-21T16:28:03","slug":"taller-metodologia-de-proyectos-en-entornos-profesionales-accenture","status":"publish","type":"post","link":"https:\/\/davidperezalonso.com\/blog\/taller-metodologia-de-proyectos-en-entornos-profesionales-accenture\/","title":{"rendered":"Taller Metodolog\u00eda de proyectos en entornos profesionales: Accenture"},"content":{"rendered":"<p>Ayer mi\u00e9rcoles d\u00eda 20 de noviembre realizamos en la <strong>Escuela Polit\u00e9cnica<\/strong> de la <strong>UEM<\/strong> una de esas actividades relacionadas con el mundo empresarial, encaminadas a acercar a\u00fan m\u00e1s a las empresas a nuestros estudiantes y viceversa, que los alumnos conozcan situaciones empresariales y por qu\u00e9 muchas cosas de nuestra metodolog\u00eda de ense\u00f1anza y actividades did\u00e1cticas est\u00e1n muy pensadas en su empleabilidad.<\/p>\n<p>Una de los principales cambios que realizamos en la Escuela Polit\u00e9cnica fue adoptar el <strong>Aprendizaje Basado en Proyectos<\/strong> (PBL en ingl\u00e9s) y quer\u00edamos que nuestros alumnos conocieran el modo de trabajo de las grandes empresas, c\u00f3mo gestionan los proyectos, qu\u00e9 tareas realizan, etc, etc y luego, en la medida de lo posible, lo pudieran readaptar a sus proyectos de clase, tanto integradores (que vinculan a varias asignaturas \/ m\u00f3dulos Formativos)\u00a0 como a las din\u00e1micas de cada asignatura.<\/p>\n<p>Tambi\u00e9n quer\u00edamos mostrarles que algunas de las muchas actividades encaminadas a trabajar algunas capacidades transversales como trabajo en equipo, comunicaci\u00f3n, etc, est\u00e1n \u00edntimamente ligadas con su empleabilidad&#8230;que a veces, nos encontramos con cierta resistencia.<\/p>\n<p><a href=\"http:\/\/davidperezalonso.com\/blog\/wp-content\/uploads\/2013\/11\/accenture_logo.jpg\"><img loading=\"lazy\" decoding=\"async\" class=\"aligncenter size-full wp-image-458\" title=\"accenture_logo\" src=\"http:\/\/davidperezalonso.com\/blog\/wp-content\/uploads\/2013\/11\/accenture_logo.jpg\" alt=\"\" width=\"300\" height=\"250\" \/><\/a>A principio de curso contactamos con <strong>Carmen Mar\u00edn<\/strong> de<strong> Accenture<\/strong> para comentarle la idea de que viniera alguno de sus consultores relacionados con las TIC para que nos contaran y hablaran de c\u00f3mo abordan ellos un gran proyecto. Adem\u00e1s, algunos de nuestros alumnos realizar\u00e1n las pr\u00e1cticas con ellos, y seguro que muchos acaban trabajando en grandes consultoras, por lo que pretend\u00edamos conseguir ese doble efecto: conocer metodolog\u00edas de proyectos y conocer un poco m\u00e1s del funcionamiento de una gran consultora.<\/p>\n<p>Ayer recibimos en nuestra aulas a<strong> Gonzalo Navarro<\/strong>, que realiz\u00f3 la exposici\u00f3n de la <em><strong>Metodolog\u00eda de proyectos en entornos profesionales: Accenture<\/strong><\/em> aplicada a la implantaci\u00f3n de SAP, contandonos todas las fases, casos reales, la implicaci\u00f3n de los trabajos, qu\u00e9 hab\u00eda que hacer, qu\u00e9 no, etc&#8230; El auditorio estaba formado por nuestros alumnos de CFGS de ASIR y DAM de 1\u00ba y 2\u00ba y a los alumnos de primeros cursos del Grado de Inform\u00e1tica y del Grado de Telecomunicaci\u00f3n, y varios de los profesores que enseguida pudimos poner ejemplos de nuestras din\u00e1micas de aula en lo que acababa de contar Gonzalo.<\/p>\n<p>Quiero agradecer a todo el personal de<strong> Accenture<\/strong> implicado en esta charla : <em><strong>Gonzalo Navarro<\/strong><\/em>, <em><strong>Rub\u00e9n Sanz<\/strong><\/em> (que finalmente no pudo impartirla), <em><strong>Almudena Hidalgo<\/strong><\/em> y <em><strong>Carmen Mar\u00edn<\/strong><\/em>, por ayudarnos a formar mejores ingenieros y t\u00e9cnicos.<\/p>\n<p>&nbsp;<\/p>\n","protected":false},"excerpt":{"rendered":"<p>Ayer mi\u00e9rcoles d\u00eda 20 de noviembre realizamos en la Escuela Polit\u00e9cnica de la UEM una de esas actividades relacionadas con el mundo empresarial, encaminadas a acercar a\u00fan m\u00e1s a las empresas a nuestros estudiantes&#46;&#46;&#46;<\/p>\n","protected":false},"author":1,"featured_media":458,"comment_status":"open","ping_status":"closed","sticky":false,"template":"","format":"standard","meta":{"footnotes":""},"categories":[3,65,10],"tags":[143,130,68],"class_list":["post-457","post","type-post","status-publish","format-standard","has-post-thumbnail","hentry","category-asir","category-dam","category-uem","tag-empresas","tag-escuela-politecnica","tag-talleres"],"yoast_head":"<!-- This site is optimized with the Yoast SEO plugin v27.0 - https:\/\/yoast.com\/product\/yoast-seo-wordpress\/ -->\n<title>Taller Metodolog\u00eda de proyectos en entornos profesionales: Accenture  &#8211; Blog Docente - David P\u00e9rez Alonso<\/title>\n<meta name=\"robots\" content=\"index, follow, max-snippet:-1, max-image-preview:large, max-video-preview:-1\" \/>\n<link rel=\"canonical\" href=\"https:\/\/davidperezalonso.com\/blog\/taller-metodologia-de-proyectos-en-entornos-profesionales-accenture\/\" \/>\n<meta property=\"og:locale\" content=\"es_ES\" \/>\n<meta property=\"og:type\" content=\"article\" \/>\n<meta property=\"og:title\" content=\"Taller Metodolog\u00eda de proyectos en entornos profesionales: Accenture  &#8211; Blog Docente - David P\u00e9rez Alonso\" \/>\n<meta property=\"og:description\" content=\"Ayer mi\u00e9rcoles d\u00eda 20 de noviembre realizamos en la Escuela Polit\u00e9cnica de la UEM una de esas actividades relacionadas con el mundo empresarial, encaminadas a acercar a\u00fan m\u00e1s a las empresas a nuestros estudiantes&#046;&#046;&#046;\" \/>\n<meta property=\"og:url\" content=\"https:\/\/davidperezalonso.com\/blog\/taller-metodologia-de-proyectos-en-entornos-profesionales-accenture\/\" \/>\n<meta property=\"og:site_name\" content=\"Blog Docente - David P\u00e9rez Alonso\" \/>\n<meta property=\"article:published_time\" content=\"2013-11-21T16:28:03+00:00\" \/>\n<meta property=\"og:image\" content=\"https:\/\/davidperezalonso.com\/blog\/wp-content\/uploads\/2013\/11\/accenture_logo.jpg\" \/>\n\t<meta property=\"og:image:width\" content=\"300\" \/>\n\t<meta property=\"og:image:height\" content=\"250\" \/>\n\t<meta property=\"og:image:type\" content=\"image\/jpeg\" \/>\n<meta name=\"author\" content=\"admin\" \/>\n<meta name=\"twitter:card\" content=\"summary_large_image\" \/>\n<meta name=\"twitter:creator\" content=\"@DavidPerezProfe\" \/>\n<meta name=\"twitter:site\" content=\"@DavidPerezProfe\" \/>\n<meta name=\"twitter:label1\" content=\"Escrito por\" \/>\n\t<meta name=\"twitter:data1\" content=\"admin\" \/>\n\t<meta name=\"twitter:label2\" content=\"Tiempo de lectura\" \/>\n\t<meta name=\"twitter:data2\" content=\"2 minutos\" \/>\n<script type=\"application\/ld+json\" class=\"yoast-schema-graph\">{\"@context\":\"https:\/\/schema.org\",\"@graph\":[{\"@type\":\"Article\",\"@id\":\"https:\/\/davidperezalonso.com\/blog\/taller-metodologia-de-proyectos-en-entornos-profesionales-accenture\/#article\",\"isPartOf\":{\"@id\":\"https:\/\/davidperezalonso.com\/blog\/taller-metodologia-de-proyectos-en-entornos-profesionales-accenture\/\"},\"author\":{\"name\":\"admin\",\"@id\":\"https:\/\/davidperezalonso.com\/blog\/#\/schema\/person\/1db0dd27700572c6ed41e705a69f7fc3\"},\"headline\":\"Taller Metodolog\u00eda de proyectos en entornos profesionales: Accenture\",\"datePublished\":\"2013-11-21T16:28:03+00:00\",\"mainEntityOfPage\":{\"@id\":\"https:\/\/davidperezalonso.com\/blog\/taller-metodologia-de-proyectos-en-entornos-profesionales-accenture\/\"},\"wordCount\":431,\"commentCount\":0,\"image\":{\"@id\":\"https:\/\/davidperezalonso.com\/blog\/taller-metodologia-de-proyectos-en-entornos-profesionales-accenture\/#primaryimage\"},\"thumbnailUrl\":\"https:\/\/davidperezalonso.com\/blog\/wp-content\/uploads\/2013\/11\/accenture_logo.jpg\",\"keywords\":[\"empresas\",\"Escuela Polit\u00e9cnica\",\"talleres\"],\"articleSection\":[\"ASIR\",\"DAM\",\"UEM\"],\"inLanguage\":\"es\",\"potentialAction\":[{\"@type\":\"CommentAction\",\"name\":\"Comment\",\"target\":[\"https:\/\/davidperezalonso.com\/blog\/taller-metodologia-de-proyectos-en-entornos-profesionales-accenture\/#respond\"]}]},{\"@type\":\"WebPage\",\"@id\":\"https:\/\/davidperezalonso.com\/blog\/taller-metodologia-de-proyectos-en-entornos-profesionales-accenture\/\",\"url\":\"https:\/\/davidperezalonso.com\/blog\/taller-metodologia-de-proyectos-en-entornos-profesionales-accenture\/\",\"name\":\"Taller Metodolog\u00eda de proyectos en entornos profesionales: Accenture &#8211; Blog Docente - David P\u00e9rez Alonso\",\"isPartOf\":{\"@id\":\"https:\/\/davidperezalonso.com\/blog\/#website\"},\"primaryImageOfPage\":{\"@id\":\"https:\/\/davidperezalonso.com\/blog\/taller-metodologia-de-proyectos-en-entornos-profesionales-accenture\/#primaryimage\"},\"image\":{\"@id\":\"https:\/\/davidperezalonso.com\/blog\/taller-metodologia-de-proyectos-en-entornos-profesionales-accenture\/#primaryimage\"},\"thumbnailUrl\":\"https:\/\/davidperezalonso.com\/blog\/wp-content\/uploads\/2013\/11\/accenture_logo.jpg\",\"datePublished\":\"2013-11-21T16:28:03+00:00\",\"author\":{\"@id\":\"https:\/\/davidperezalonso.com\/blog\/#\/schema\/person\/1db0dd27700572c6ed41e705a69f7fc3\"},\"breadcrumb\":{\"@id\":\"https:\/\/davidperezalonso.com\/blog\/taller-metodologia-de-proyectos-en-entornos-profesionales-accenture\/#breadcrumb\"},\"inLanguage\":\"es\",\"potentialAction\":[{\"@type\":\"ReadAction\",\"target\":[\"https:\/\/davidperezalonso.com\/blog\/taller-metodologia-de-proyectos-en-entornos-profesionales-accenture\/\"]}]},{\"@type\":\"ImageObject\",\"inLanguage\":\"es\",\"@id\":\"https:\/\/davidperezalonso.com\/blog\/taller-metodologia-de-proyectos-en-entornos-profesionales-accenture\/#primaryimage\",\"url\":\"https:\/\/davidperezalonso.com\/blog\/wp-content\/uploads\/2013\/11\/accenture_logo.jpg\",\"contentUrl\":\"https:\/\/davidperezalonso.com\/blog\/wp-content\/uploads\/2013\/11\/accenture_logo.jpg\",\"width\":\"300\",\"height\":\"250\"},{\"@type\":\"BreadcrumbList\",\"@id\":\"https:\/\/davidperezalonso.com\/blog\/taller-metodologia-de-proyectos-en-entornos-profesionales-accenture\/#breadcrumb\",\"itemListElement\":[{\"@type\":\"ListItem\",\"position\":1,\"name\":\"Portada\",\"item\":\"https:\/\/davidperezalonso.com\/blog\/\"},{\"@type\":\"ListItem\",\"position\":2,\"name\":\"Taller Metodolog\u00eda de proyectos en entornos profesionales: Accenture\"}]},{\"@type\":\"WebSite\",\"@id\":\"https:\/\/davidperezalonso.com\/blog\/#website\",\"url\":\"https:\/\/davidperezalonso.com\/blog\/\",\"name\":\"Blog Docente - David P\u00e9rez Alonso\",\"description\":\"Blog sobre mis clases y docencia en Formaci\u00f3n Profesional, Bachillerato y ESO\",\"potentialAction\":[{\"@type\":\"SearchAction\",\"target\":{\"@type\":\"EntryPoint\",\"urlTemplate\":\"https:\/\/davidperezalonso.com\/blog\/?s={search_term_string}\"},\"query-input\":{\"@type\":\"PropertyValueSpecification\",\"valueRequired\":true,\"valueName\":\"search_term_string\"}}],\"inLanguage\":\"es\"},{\"@type\":\"Person\",\"@id\":\"https:\/\/davidperezalonso.com\/blog\/#\/schema\/person\/1db0dd27700572c6ed41e705a69f7fc3\",\"name\":\"admin\",\"image\":{\"@type\":\"ImageObject\",\"inLanguage\":\"es\",\"@id\":\"https:\/\/davidperezalonso.com\/blog\/#\/schema\/person\/image\/\",\"url\":\"https:\/\/secure.gravatar.com\/avatar\/6da540181b6cb9cf154bdd6b50f2e5989f30a6be1d7ad004e44593af540b72dd?s=96&d=mm&r=g\",\"contentUrl\":\"https:\/\/secure.gravatar.com\/avatar\/6da540181b6cb9cf154bdd6b50f2e5989f30a6be1d7ad004e44593af540b72dd?s=96&d=mm&r=g\",\"caption\":\"admin\"},\"description\":\"Ingeniero T\u00e9cnico de Telecomunicaci\u00f3n (Especialidad en Sonido e Imagen) por la Universidad Polit\u00e9cnica de Madrid (1997). Experiencia laboral de siete a\u00f1os en el departamento de I+D de la multinacional LIPMAN (Hw\/Sw) pero cambi\u00f3 de nombre y ahora sabr\u00e9is de ella por VERIFONE. Despu\u00e9s trabaj\u00e9 unos 4 a\u00f1os en un centro de Formaci\u00f3n realizando cursos de formaci\u00f3n On-line y mixta en \u00e1reas relacionadas con la inform\u00e1tica, programaci\u00f3n web, I+D, etc. Desde el a\u00f1o 2010 pertenezco al Departamento de Inform\u00e1tica de la UEM como profesor de Ciclos Formativos de Grado Superior en STI y ASIR (\\\"teleco\\\" e inform\u00e1tica), as\u00ed que si est\u00e1is viendo este perfil, o bien sois compa\u00f1erxs o alumnxs.\"}]}<\/script>\n<!-- \/ Yoast SEO plugin. -->","yoast_head_json":{"title":"Taller Metodolog\u00eda de proyectos en entornos profesionales: Accenture  &#8211; Blog Docente - David P\u00e9rez Alonso","robots":{"index":"index","follow":"follow","max-snippet":"max-snippet:-1","max-image-preview":"max-image-preview:large","max-video-preview":"max-video-preview:-1"},"canonical":"https:\/\/davidperezalonso.com\/blog\/taller-metodologia-de-proyectos-en-entornos-profesionales-accenture\/","og_locale":"es_ES","og_type":"article","og_title":"Taller Metodolog\u00eda de proyectos en entornos profesionales: Accenture  &#8211; Blog Docente - David P\u00e9rez Alonso","og_description":"Ayer mi\u00e9rcoles d\u00eda 20 de noviembre realizamos en la Escuela Polit\u00e9cnica de la UEM una de esas actividades relacionadas con el mundo empresarial, encaminadas a acercar a\u00fan m\u00e1s a las empresas a nuestros estudiantes&#46;&#46;&#46;","og_url":"https:\/\/davidperezalonso.com\/blog\/taller-metodologia-de-proyectos-en-entornos-profesionales-accenture\/","og_site_name":"Blog Docente - David P\u00e9rez Alonso","article_published_time":"2013-11-21T16:28:03+00:00","og_image":[{"width":300,"height":250,"url":"https:\/\/davidperezalonso.com\/blog\/wp-content\/uploads\/2013\/11\/accenture_logo.jpg","type":"image\/jpeg"}],"author":"admin","twitter_card":"summary_large_image","twitter_creator":"@DavidPerezProfe","twitter_site":"@DavidPerezProfe","twitter_misc":{"Escrito por":"admin","Tiempo de lectura":"2 minutos"},"schema":{"@context":"https:\/\/schema.org","@graph":[{"@type":"Article","@id":"https:\/\/davidperezalonso.com\/blog\/taller-metodologia-de-proyectos-en-entornos-profesionales-accenture\/#article","isPartOf":{"@id":"https:\/\/davidperezalonso.com\/blog\/taller-metodologia-de-proyectos-en-entornos-profesionales-accenture\/"},"author":{"name":"admin","@id":"https:\/\/davidperezalonso.com\/blog\/#\/schema\/person\/1db0dd27700572c6ed41e705a69f7fc3"},"headline":"Taller Metodolog\u00eda de proyectos en entornos profesionales: Accenture","datePublished":"2013-11-21T16:28:03+00:00","mainEntityOfPage":{"@id":"https:\/\/davidperezalonso.com\/blog\/taller-metodologia-de-proyectos-en-entornos-profesionales-accenture\/"},"wordCount":431,"commentCount":0,"image":{"@id":"https:\/\/davidperezalonso.com\/blog\/taller-metodologia-de-proyectos-en-entornos-profesionales-accenture\/#primaryimage"},"thumbnailUrl":"https:\/\/davidperezalonso.com\/blog\/wp-content\/uploads\/2013\/11\/accenture_logo.jpg","keywords":["empresas","Escuela Polit\u00e9cnica","talleres"],"articleSection":["ASIR","DAM","UEM"],"inLanguage":"es","potentialAction":[{"@type":"CommentAction","name":"Comment","target":["https:\/\/davidperezalonso.com\/blog\/taller-metodologia-de-proyectos-en-entornos-profesionales-accenture\/#respond"]}]},{"@type":"WebPage","@id":"https:\/\/davidperezalonso.com\/blog\/taller-metodologia-de-proyectos-en-entornos-profesionales-accenture\/","url":"https:\/\/davidperezalonso.com\/blog\/taller-metodologia-de-proyectos-en-entornos-profesionales-accenture\/","name":"Taller Metodolog\u00eda de proyectos en entornos profesionales: Accenture &#8211; Blog Docente - David P\u00e9rez Alonso","isPartOf":{"@id":"https:\/\/davidperezalonso.com\/blog\/#website"},"primaryImageOfPage":{"@id":"https:\/\/davidperezalonso.com\/blog\/taller-metodologia-de-proyectos-en-entornos-profesionales-accenture\/#primaryimage"},"image":{"@id":"https:\/\/davidperezalonso.com\/blog\/taller-metodologia-de-proyectos-en-entornos-profesionales-accenture\/#primaryimage"},"thumbnailUrl":"https:\/\/davidperezalonso.com\/blog\/wp-content\/uploads\/2013\/11\/accenture_logo.jpg","datePublished":"2013-11-21T16:28:03+00:00","author":{"@id":"https:\/\/davidperezalonso.com\/blog\/#\/schema\/person\/1db0dd27700572c6ed41e705a69f7fc3"},"breadcrumb":{"@id":"https:\/\/davidperezalonso.com\/blog\/taller-metodologia-de-proyectos-en-entornos-profesionales-accenture\/#breadcrumb"},"inLanguage":"es","potentialAction":[{"@type":"ReadAction","target":["https:\/\/davidperezalonso.com\/blog\/taller-metodologia-de-proyectos-en-entornos-profesionales-accenture\/"]}]},{"@type":"ImageObject","inLanguage":"es","@id":"https:\/\/davidperezalonso.com\/blog\/taller-metodologia-de-proyectos-en-entornos-profesionales-accenture\/#primaryimage","url":"https:\/\/davidperezalonso.com\/blog\/wp-content\/uploads\/2013\/11\/accenture_logo.jpg","contentUrl":"https:\/\/davidperezalonso.com\/blog\/wp-content\/uploads\/2013\/11\/accenture_logo.jpg","width":"300","height":"250"},{"@type":"BreadcrumbList","@id":"https:\/\/davidperezalonso.com\/blog\/taller-metodologia-de-proyectos-en-entornos-profesionales-accenture\/#breadcrumb","itemListElement":[{"@type":"ListItem","position":1,"name":"Portada","item":"https:\/\/davidperezalonso.com\/blog\/"},{"@type":"ListItem","position":2,"name":"Taller Metodolog\u00eda de proyectos en entornos profesionales: Accenture"}]},{"@type":"WebSite","@id":"https:\/\/davidperezalonso.com\/blog\/#website","url":"https:\/\/davidperezalonso.com\/blog\/","name":"Blog Docente - David P\u00e9rez Alonso","description":"Blog sobre mis clases y docencia en Formaci\u00f3n Profesional, Bachillerato y ESO","potentialAction":[{"@type":"SearchAction","target":{"@type":"EntryPoint","urlTemplate":"https:\/\/davidperezalonso.com\/blog\/?s={search_term_string}"},"query-input":{"@type":"PropertyValueSpecification","valueRequired":true,"valueName":"search_term_string"}}],"inLanguage":"es"},{"@type":"Person","@id":"https:\/\/davidperezalonso.com\/blog\/#\/schema\/person\/1db0dd27700572c6ed41e705a69f7fc3","name":"admin","image":{"@type":"ImageObject","inLanguage":"es","@id":"https:\/\/davidperezalonso.com\/blog\/#\/schema\/person\/image\/","url":"https:\/\/secure.gravatar.com\/avatar\/6da540181b6cb9cf154bdd6b50f2e5989f30a6be1d7ad004e44593af540b72dd?s=96&d=mm&r=g","contentUrl":"https:\/\/secure.gravatar.com\/avatar\/6da540181b6cb9cf154bdd6b50f2e5989f30a6be1d7ad004e44593af540b72dd?s=96&d=mm&r=g","caption":"admin"},"description":"Ingeniero T\u00e9cnico de Telecomunicaci\u00f3n (Especialidad en Sonido e Imagen) por la Universidad Polit\u00e9cnica de Madrid (1997). Experiencia laboral de siete a\u00f1os en el departamento de I+D de la multinacional LIPMAN (Hw\/Sw) pero cambi\u00f3 de nombre y ahora sabr\u00e9is de ella por VERIFONE. Despu\u00e9s trabaj\u00e9 unos 4 a\u00f1os en un centro de Formaci\u00f3n realizando cursos de formaci\u00f3n On-line y mixta en \u00e1reas relacionadas con la inform\u00e1tica, programaci\u00f3n web, I+D, etc. Desde el a\u00f1o 2010 pertenezco al Departamento de Inform\u00e1tica de la UEM como profesor de Ciclos Formativos de Grado Superior en STI y ASIR (\"teleco\" e inform\u00e1tica), as\u00ed que si est\u00e1is viendo este perfil, o bien sois compa\u00f1erxs o alumnxs."}]}},"_links":{"self":[{"href":"https:\/\/davidperezalonso.com\/blog\/wp-json\/wp\/v2\/posts\/457","targetHints":{"allow":["GET"]}}],"collection":[{"href":"https:\/\/davidperezalonso.com\/blog\/wp-json\/wp\/v2\/posts"}],"about":[{"href":"https:\/\/davidperezalonso.com\/blog\/wp-json\/wp\/v2\/types\/post"}],"author":[{"embeddable":true,"href":"https:\/\/davidperezalonso.com\/blog\/wp-json\/wp\/v2\/users\/1"}],"replies":[{"embeddable":true,"href":"https:\/\/davidperezalonso.com\/blog\/wp-json\/wp\/v2\/comments?post=457"}],"version-history":[{"count":1,"href":"https:\/\/davidperezalonso.com\/blog\/wp-json\/wp\/v2\/posts\/457\/revisions"}],"predecessor-version":[{"id":459,"href":"https:\/\/davidperezalonso.com\/blog\/wp-json\/wp\/v2\/posts\/457\/revisions\/459"}],"wp:featuredmedia":[{"embeddable":true,"href":"https:\/\/davidperezalonso.com\/blog\/wp-json\/wp\/v2\/media\/458"}],"wp:attachment":[{"href":"https:\/\/davidperezalonso.com\/blog\/wp-json\/wp\/v2\/media?parent=457"}],"wp:term":[{"taxonomy":"category","embeddable":true,"href":"https:\/\/davidperezalonso.com\/blog\/wp-json\/wp\/v2\/categories?post=457"},{"taxonomy":"post_tag","embeddable":true,"href":"https:\/\/davidperezalonso.com\/blog\/wp-json\/wp\/v2\/tags?post=457"}],"curies":[{"name":"wp","href":"https:\/\/api.w.org\/{rel}","templated":true}]}}