{"id":468,"date":"2013-12-18T23:15:33","date_gmt":"2013-12-18T22:15:33","guid":{"rendered":"http:\/\/davidperezalonso.com\/blog\/?p=468"},"modified":"2013-12-18T23:15:34","modified_gmt":"2013-12-18T22:15:34","slug":"montando-y-desmontando-en-asir-y-en-dam","status":"publish","type":"post","link":"https:\/\/davidperezalonso.com\/blog\/montando-y-desmontando-en-asir-y-en-dam\/","title":{"rendered":"Montando y desmontando&#8230; en ASIR y en DAM"},"content":{"rendered":"<p>La verdad es que no puedo ocultar mi pasi\u00f3n por el cacharreo&#8230; y no lo es menos, el querer trasladarle esa pasi\u00f3n a mis alumnos, el vivir en el taller, utilizar herramientas, desguazar, montar, desmontar equipos y cualquier dispositivo que nos caiga en la mano&#8230;y bueno, la gran mayor\u00eda de los alumnos lo agradecen y poco les cuesta, est\u00e1n deseando tocar y hacer cosas, as\u00ed que, s\u00ed: !!les encanta!! (como a mi)<\/p>\n<p>En el primer trimestre en <strong>Fundamentos de Hardware<\/strong> en <strong>ASIR<\/strong>, arrancamos con nociones muy b\u00e1sicas de inform\u00e1tica: sistemas num\u00e9ricos, binario, c\u00f3digos, evoluci\u00f3n hist\u00f3rica de los sistemas inform\u00e1ticos, el modelo de la arquitectura de Von Neuman, etc, etc&#8230; s\u00f3lo tenemos 3 horas a la semana y van pasando las semanas, llegamos a mediados de noviembre y bueno, lo que promet\u00eda en el d\u00eda de la presentaci\u00f3n de la asignatura de que \u00abeste m\u00f3dulo formativo ser\u00e1 divertido, tocaremos muchos equipos, mucho taller, etc\u00bb va quedando lejos&#8230; pero&#8230; por eso, la primera pr\u00e1ctica es siempre \u00ab<a href=\"http:\/\/davidperezalonso.com\/blog\/wp-content\/uploads\/2013\/12\/FHw_UF2_Pr\u00e1ctica1_Desmontaje-de-un-PC.pdf\">FHw_UF2_Pr\u00e1ctica1_Desmontaje de un PC<\/a>\u00ab. Casi todos los alumnxs llegan a este Ciclo formativo habiendo destripado un PC, pero siempre hay alguno al que \u00abdesvirgamos\u00bb (uyyy&#8230; \u00a1qu\u00e9 mal ha sonado esto!)&#8230; Cogen un PC, se ponen la pulsera anti-est\u00e1tica y luego a desatornillar y de manera ordenada tienen que identificar y extraer todos los elementos (vigilando las conexiones para el posterior armado).<\/p>\n<p>En <strong>Sistemas Inform\u00e1ticos<\/strong> en <strong>DAM<\/strong> pasa algo parecido, aunque tambi\u00e9n este curso hemos visto algo de l\u00f3gica de Boole y circuitos con puertas l\u00f3gicas muy b\u00e1sicas (todo ayuda para pensar como un programador). Tambi\u00e9n en el curso de este a\u00f1o alguno tuvo su primera experiencia abriendo un PC.<\/p>\n<p>Aqu\u00ed muestro algunas fotos de ambas clases&#8230; \u00a1\u00a1la diversi\u00f3n comenz\u00f3!!<\/p>\n<p><a href=\"http:\/\/davidperezalonso.com\/blog\/wp-content\/uploads\/2013\/12\/Montaje-Desmontaje-ASIR-DAM-nov-2013-2.jpg\"><img loading=\"lazy\" decoding=\"async\" class=\"aligncenter size-full wp-image-470\" title=\"Montaje-Desmontaje ASIR-DAM nov 2013 (2)\" src=\"http:\/\/davidperezalonso.com\/blog\/wp-content\/uploads\/2013\/12\/Montaje-Desmontaje-ASIR-DAM-nov-2013-2.jpg\" alt=\"\" width=\"398\" height=\"530\" srcset=\"https:\/\/davidperezalonso.com\/blog\/wp-content\/uploads\/2013\/12\/Montaje-Desmontaje-ASIR-DAM-nov-2013-2.jpg 398w, https:\/\/davidperezalonso.com\/blog\/wp-content\/uploads\/2013\/12\/Montaje-Desmontaje-ASIR-DAM-nov-2013-2-225x300.jpg 225w\" sizes=\"auto, (max-width: 398px) 100vw, 398px\" \/><\/a><a href=\"http:\/\/davidperezalonso.com\/blog\/wp-content\/uploads\/2013\/12\/Montaje-Desmontaje-ASIR-DAM-nov-2013-4.jpg\"><img loading=\"lazy\" decoding=\"async\" class=\"aligncenter size-full wp-image-472\" title=\"Montaje-Desmontaje ASIR-DAM nov 2013 (4)\" src=\"http:\/\/davidperezalonso.com\/blog\/wp-content\/uploads\/2013\/12\/Montaje-Desmontaje-ASIR-DAM-nov-2013-4.jpg\" alt=\"\" width=\"398\" height=\"530\" srcset=\"https:\/\/davidperezalonso.com\/blog\/wp-content\/uploads\/2013\/12\/Montaje-Desmontaje-ASIR-DAM-nov-2013-4.jpg 398w, https:\/\/davidperezalonso.com\/blog\/wp-content\/uploads\/2013\/12\/Montaje-Desmontaje-ASIR-DAM-nov-2013-4-225x300.jpg 225w\" sizes=\"auto, (max-width: 398px) 100vw, 398px\" \/><\/a><a href=\"http:\/\/davidperezalonso.com\/blog\/wp-content\/uploads\/2013\/12\/Montaje-Desmontaje-ASIR-DAM-nov-2013-3.jpg\"><img loading=\"lazy\" decoding=\"async\" class=\"aligncenter size-full wp-image-471\" title=\"Montaje-Desmontaje ASIR-DAM nov 2013 (3)\" src=\"http:\/\/davidperezalonso.com\/blog\/wp-content\/uploads\/2013\/12\/Montaje-Desmontaje-ASIR-DAM-nov-2013-3.jpg\" alt=\"\" width=\"398\" height=\"530\" srcset=\"https:\/\/davidperezalonso.com\/blog\/wp-content\/uploads\/2013\/12\/Montaje-Desmontaje-ASIR-DAM-nov-2013-3.jpg 398w, https:\/\/davidperezalonso.com\/blog\/wp-content\/uploads\/2013\/12\/Montaje-Desmontaje-ASIR-DAM-nov-2013-3-225x300.jpg 225w\" sizes=\"auto, (max-width: 398px) 100vw, 398px\" \/><\/a><a href=\"http:\/\/davidperezalonso.com\/blog\/wp-content\/uploads\/2013\/12\/Montaje-Desmontaje-ASIR-DAM-nov-2013-1.jpg\"><img loading=\"lazy\" decoding=\"async\" class=\"aligncenter size-full wp-image-469\" title=\"Montaje-Desmontaje ASIR-DAM nov 2013 (1)\" src=\"http:\/\/davidperezalonso.com\/blog\/wp-content\/uploads\/2013\/12\/Montaje-Desmontaje-ASIR-DAM-nov-2013-1.jpg\" alt=\"\" width=\"398\" height=\"530\" srcset=\"https:\/\/davidperezalonso.com\/blog\/wp-content\/uploads\/2013\/12\/Montaje-Desmontaje-ASIR-DAM-nov-2013-1.jpg 398w, https:\/\/davidperezalonso.com\/blog\/wp-content\/uploads\/2013\/12\/Montaje-Desmontaje-ASIR-DAM-nov-2013-1-225x300.jpg 225w\" sizes=\"auto, (max-width: 398px) 100vw, 398px\" \/><\/a><a href=\"http:\/\/davidperezalonso.com\/blog\/wp-content\/uploads\/2013\/12\/Montaje-Desmontaje-ASIR-DAM-nov-2013-5.jpg\"><img loading=\"lazy\" decoding=\"async\" class=\"aligncenter size-full wp-image-473\" title=\"Montaje-Desmontaje ASIR-DAM nov 2013 (5)\" src=\"http:\/\/davidperezalonso.com\/blog\/wp-content\/uploads\/2013\/12\/Montaje-Desmontaje-ASIR-DAM-nov-2013-5.jpg\" alt=\"\" width=\"398\" height=\"530\" srcset=\"https:\/\/davidperezalonso.com\/blog\/wp-content\/uploads\/2013\/12\/Montaje-Desmontaje-ASIR-DAM-nov-2013-5.jpg 398w, https:\/\/davidperezalonso.com\/blog\/wp-content\/uploads\/2013\/12\/Montaje-Desmontaje-ASIR-DAM-nov-2013-5-225x300.jpg 225w\" sizes=\"auto, (max-width: 398px) 100vw, 398px\" \/><\/a><\/p>\n","protected":false},"excerpt":{"rendered":"<p>La verdad es que no puedo ocultar mi pasi\u00f3n por el cacharreo&#8230; y no lo es menos, el querer trasladarle esa pasi\u00f3n a mis alumnos, el vivir en el taller, utilizar herramientas, desguazar, montar,&#46;&#46;&#46;<\/p>\n","protected":false},"author":1,"featured_media":472,"comment_status":"open","ping_status":"closed","sticky":false,"template":"","format":"standard","meta":{"footnotes":""},"categories":[3,65,101,89],"tags":[17,52,19,14],"class_list":["post-468","post","type-post","status-publish","format-standard","has-post-thumbnail","hentry","category-asir","category-dam","category-fundamentos-de-hardware","category-sistemas-informaticos","tag-1o","tag-hardware","tag-montajes","tag-primer-trimestre"],"yoast_head":"<!-- This site is optimized with the Yoast SEO plugin v27.0 - https:\/\/yoast.com\/product\/yoast-seo-wordpress\/ -->\n<title>Montando y desmontando... en ASIR y en DAM &#8211; Blog Docente - David P\u00e9rez Alonso<\/title>\n<meta name=\"robots\" content=\"index, follow, max-snippet:-1, max-image-preview:large, max-video-preview:-1\" \/>\n<link rel=\"canonical\" href=\"https:\/\/davidperezalonso.com\/blog\/montando-y-desmontando-en-asir-y-en-dam\/\" \/>\n<meta property=\"og:locale\" content=\"es_ES\" \/>\n<meta property=\"og:type\" content=\"article\" \/>\n<meta property=\"og:title\" content=\"Montando y desmontando... en ASIR y en DAM &#8211; Blog Docente - David P\u00e9rez Alonso\" \/>\n<meta property=\"og:description\" content=\"La verdad es que no puedo ocultar mi pasi\u00f3n por el cacharreo&#8230; y no lo es menos, el querer trasladarle esa pasi\u00f3n a mis alumnos, el vivir en el taller, utilizar herramientas, desguazar, montar,&#046;&#046;&#046;\" \/>\n<meta property=\"og:url\" content=\"https:\/\/davidperezalonso.com\/blog\/montando-y-desmontando-en-asir-y-en-dam\/\" \/>\n<meta property=\"og:site_name\" content=\"Blog Docente - David P\u00e9rez Alonso\" \/>\n<meta property=\"article:published_time\" content=\"2013-12-18T22:15:33+00:00\" \/>\n<meta property=\"article:modified_time\" content=\"2013-12-18T22:15:34+00:00\" \/>\n<meta property=\"og:image\" content=\"https:\/\/davidperezalonso.com\/blog\/wp-content\/uploads\/2013\/12\/Montaje-Desmontaje-ASIR-DAM-nov-2013-4.jpg\" \/>\n\t<meta property=\"og:image:width\" content=\"398\" \/>\n\t<meta property=\"og:image:height\" content=\"530\" \/>\n\t<meta property=\"og:image:type\" content=\"image\/jpeg\" \/>\n<meta name=\"author\" content=\"admin\" \/>\n<meta name=\"twitter:card\" content=\"summary_large_image\" \/>\n<meta name=\"twitter:creator\" content=\"@DavidPerezProfe\" \/>\n<meta name=\"twitter:site\" content=\"@DavidPerezProfe\" \/>\n<meta name=\"twitter:label1\" content=\"Escrito por\" \/>\n\t<meta name=\"twitter:data1\" content=\"admin\" \/>\n\t<meta name=\"twitter:label2\" content=\"Tiempo de lectura\" \/>\n\t<meta name=\"twitter:data2\" content=\"2 minutos\" \/>\n<script type=\"application\/ld+json\" class=\"yoast-schema-graph\">{\"@context\":\"https:\/\/schema.org\",\"@graph\":[{\"@type\":\"Article\",\"@id\":\"https:\/\/davidperezalonso.com\/blog\/montando-y-desmontando-en-asir-y-en-dam\/#article\",\"isPartOf\":{\"@id\":\"https:\/\/davidperezalonso.com\/blog\/montando-y-desmontando-en-asir-y-en-dam\/\"},\"author\":{\"name\":\"admin\",\"@id\":\"https:\/\/davidperezalonso.com\/blog\/#\/schema\/person\/1db0dd27700572c6ed41e705a69f7fc3\"},\"headline\":\"Montando y desmontando&#8230; en ASIR y en DAM\",\"datePublished\":\"2013-12-18T22:15:33+00:00\",\"dateModified\":\"2013-12-18T22:15:34+00:00\",\"mainEntityOfPage\":{\"@id\":\"https:\/\/davidperezalonso.com\/blog\/montando-y-desmontando-en-asir-y-en-dam\/\"},\"wordCount\":321,\"commentCount\":0,\"image\":{\"@id\":\"https:\/\/davidperezalonso.com\/blog\/montando-y-desmontando-en-asir-y-en-dam\/#primaryimage\"},\"thumbnailUrl\":\"https:\/\/davidperezalonso.com\/blog\/wp-content\/uploads\/2013\/12\/Montaje-Desmontaje-ASIR-DAM-nov-2013-4.jpg\",\"keywords\":[\"1\u00ba\",\"hardware\",\"montajes\",\"primer trimestre\"],\"articleSection\":[\"ASIR\",\"DAM\",\"Fundamentos de Hardware\",\"Sistemas Inform\u00e1ticos\"],\"inLanguage\":\"es\",\"potentialAction\":[{\"@type\":\"CommentAction\",\"name\":\"Comment\",\"target\":[\"https:\/\/davidperezalonso.com\/blog\/montando-y-desmontando-en-asir-y-en-dam\/#respond\"]}]},{\"@type\":\"WebPage\",\"@id\":\"https:\/\/davidperezalonso.com\/blog\/montando-y-desmontando-en-asir-y-en-dam\/\",\"url\":\"https:\/\/davidperezalonso.com\/blog\/montando-y-desmontando-en-asir-y-en-dam\/\",\"name\":\"Montando y desmontando... en ASIR y en DAM &#8211; Blog Docente - David P\u00e9rez Alonso\",\"isPartOf\":{\"@id\":\"https:\/\/davidperezalonso.com\/blog\/#website\"},\"primaryImageOfPage\":{\"@id\":\"https:\/\/davidperezalonso.com\/blog\/montando-y-desmontando-en-asir-y-en-dam\/#primaryimage\"},\"image\":{\"@id\":\"https:\/\/davidperezalonso.com\/blog\/montando-y-desmontando-en-asir-y-en-dam\/#primaryimage\"},\"thumbnailUrl\":\"https:\/\/davidperezalonso.com\/blog\/wp-content\/uploads\/2013\/12\/Montaje-Desmontaje-ASIR-DAM-nov-2013-4.jpg\",\"datePublished\":\"2013-12-18T22:15:33+00:00\",\"dateModified\":\"2013-12-18T22:15:34+00:00\",\"author\":{\"@id\":\"https:\/\/davidperezalonso.com\/blog\/#\/schema\/person\/1db0dd27700572c6ed41e705a69f7fc3\"},\"breadcrumb\":{\"@id\":\"https:\/\/davidperezalonso.com\/blog\/montando-y-desmontando-en-asir-y-en-dam\/#breadcrumb\"},\"inLanguage\":\"es\",\"potentialAction\":[{\"@type\":\"ReadAction\",\"target\":[\"https:\/\/davidperezalonso.com\/blog\/montando-y-desmontando-en-asir-y-en-dam\/\"]}]},{\"@type\":\"ImageObject\",\"inLanguage\":\"es\",\"@id\":\"https:\/\/davidperezalonso.com\/blog\/montando-y-desmontando-en-asir-y-en-dam\/#primaryimage\",\"url\":\"https:\/\/davidperezalonso.com\/blog\/wp-content\/uploads\/2013\/12\/Montaje-Desmontaje-ASIR-DAM-nov-2013-4.jpg\",\"contentUrl\":\"https:\/\/davidperezalonso.com\/blog\/wp-content\/uploads\/2013\/12\/Montaje-Desmontaje-ASIR-DAM-nov-2013-4.jpg\",\"width\":\"398\",\"height\":\"530\"},{\"@type\":\"BreadcrumbList\",\"@id\":\"https:\/\/davidperezalonso.com\/blog\/montando-y-desmontando-en-asir-y-en-dam\/#breadcrumb\",\"itemListElement\":[{\"@type\":\"ListItem\",\"position\":1,\"name\":\"Portada\",\"item\":\"https:\/\/davidperezalonso.com\/blog\/\"},{\"@type\":\"ListItem\",\"position\":2,\"name\":\"Montando y desmontando&#8230; en ASIR y en DAM\"}]},{\"@type\":\"WebSite\",\"@id\":\"https:\/\/davidperezalonso.com\/blog\/#website\",\"url\":\"https:\/\/davidperezalonso.com\/blog\/\",\"name\":\"Blog Docente - David P\u00e9rez Alonso\",\"description\":\"Blog sobre mis clases y docencia en Formaci\u00f3n Profesional, Bachillerato y ESO\",\"potentialAction\":[{\"@type\":\"SearchAction\",\"target\":{\"@type\":\"EntryPoint\",\"urlTemplate\":\"https:\/\/davidperezalonso.com\/blog\/?s={search_term_string}\"},\"query-input\":{\"@type\":\"PropertyValueSpecification\",\"valueRequired\":true,\"valueName\":\"search_term_string\"}}],\"inLanguage\":\"es\"},{\"@type\":\"Person\",\"@id\":\"https:\/\/davidperezalonso.com\/blog\/#\/schema\/person\/1db0dd27700572c6ed41e705a69f7fc3\",\"name\":\"admin\",\"image\":{\"@type\":\"ImageObject\",\"inLanguage\":\"es\",\"@id\":\"https:\/\/davidperezalonso.com\/blog\/#\/schema\/person\/image\/\",\"url\":\"https:\/\/secure.gravatar.com\/avatar\/6da540181b6cb9cf154bdd6b50f2e5989f30a6be1d7ad004e44593af540b72dd?s=96&d=mm&r=g\",\"contentUrl\":\"https:\/\/secure.gravatar.com\/avatar\/6da540181b6cb9cf154bdd6b50f2e5989f30a6be1d7ad004e44593af540b72dd?s=96&d=mm&r=g\",\"caption\":\"admin\"},\"description\":\"Ingeniero T\u00e9cnico de Telecomunicaci\u00f3n (Especialidad en Sonido e Imagen) por la Universidad Polit\u00e9cnica de Madrid (1997). Experiencia laboral de siete a\u00f1os en el departamento de I+D de la multinacional LIPMAN (Hw\/Sw) pero cambi\u00f3 de nombre y ahora sabr\u00e9is de ella por VERIFONE. Despu\u00e9s trabaj\u00e9 unos 4 a\u00f1os en un centro de Formaci\u00f3n realizando cursos de formaci\u00f3n On-line y mixta en \u00e1reas relacionadas con la inform\u00e1tica, programaci\u00f3n web, I+D, etc. Desde el a\u00f1o 2010 pertenezco al Departamento de Inform\u00e1tica de la UEM como profesor de Ciclos Formativos de Grado Superior en STI y ASIR (\\\"teleco\\\" e inform\u00e1tica), as\u00ed que si est\u00e1is viendo este perfil, o bien sois compa\u00f1erxs o alumnxs.\"}]}<\/script>\n<!-- \/ Yoast SEO plugin. -->","yoast_head_json":{"title":"Montando y desmontando... en ASIR y en DAM &#8211; Blog Docente - David P\u00e9rez Alonso","robots":{"index":"index","follow":"follow","max-snippet":"max-snippet:-1","max-image-preview":"max-image-preview:large","max-video-preview":"max-video-preview:-1"},"canonical":"https:\/\/davidperezalonso.com\/blog\/montando-y-desmontando-en-asir-y-en-dam\/","og_locale":"es_ES","og_type":"article","og_title":"Montando y desmontando... en ASIR y en DAM &#8211; Blog Docente - David P\u00e9rez Alonso","og_description":"La verdad es que no puedo ocultar mi pasi\u00f3n por el cacharreo&#8230; y no lo es menos, el querer trasladarle esa pasi\u00f3n a mis alumnos, el vivir en el taller, utilizar herramientas, desguazar, montar,&#46;&#46;&#46;","og_url":"https:\/\/davidperezalonso.com\/blog\/montando-y-desmontando-en-asir-y-en-dam\/","og_site_name":"Blog Docente - David P\u00e9rez Alonso","article_published_time":"2013-12-18T22:15:33+00:00","article_modified_time":"2013-12-18T22:15:34+00:00","og_image":[{"width":398,"height":530,"url":"https:\/\/davidperezalonso.com\/blog\/wp-content\/uploads\/2013\/12\/Montaje-Desmontaje-ASIR-DAM-nov-2013-4.jpg","type":"image\/jpeg"}],"author":"admin","twitter_card":"summary_large_image","twitter_creator":"@DavidPerezProfe","twitter_site":"@DavidPerezProfe","twitter_misc":{"Escrito por":"admin","Tiempo de lectura":"2 minutos"},"schema":{"@context":"https:\/\/schema.org","@graph":[{"@type":"Article","@id":"https:\/\/davidperezalonso.com\/blog\/montando-y-desmontando-en-asir-y-en-dam\/#article","isPartOf":{"@id":"https:\/\/davidperezalonso.com\/blog\/montando-y-desmontando-en-asir-y-en-dam\/"},"author":{"name":"admin","@id":"https:\/\/davidperezalonso.com\/blog\/#\/schema\/person\/1db0dd27700572c6ed41e705a69f7fc3"},"headline":"Montando y desmontando&#8230; en ASIR y en DAM","datePublished":"2013-12-18T22:15:33+00:00","dateModified":"2013-12-18T22:15:34+00:00","mainEntityOfPage":{"@id":"https:\/\/davidperezalonso.com\/blog\/montando-y-desmontando-en-asir-y-en-dam\/"},"wordCount":321,"commentCount":0,"image":{"@id":"https:\/\/davidperezalonso.com\/blog\/montando-y-desmontando-en-asir-y-en-dam\/#primaryimage"},"thumbnailUrl":"https:\/\/davidperezalonso.com\/blog\/wp-content\/uploads\/2013\/12\/Montaje-Desmontaje-ASIR-DAM-nov-2013-4.jpg","keywords":["1\u00ba","hardware","montajes","primer trimestre"],"articleSection":["ASIR","DAM","Fundamentos de Hardware","Sistemas Inform\u00e1ticos"],"inLanguage":"es","potentialAction":[{"@type":"CommentAction","name":"Comment","target":["https:\/\/davidperezalonso.com\/blog\/montando-y-desmontando-en-asir-y-en-dam\/#respond"]}]},{"@type":"WebPage","@id":"https:\/\/davidperezalonso.com\/blog\/montando-y-desmontando-en-asir-y-en-dam\/","url":"https:\/\/davidperezalonso.com\/blog\/montando-y-desmontando-en-asir-y-en-dam\/","name":"Montando y desmontando... en ASIR y en DAM &#8211; Blog Docente - David P\u00e9rez Alonso","isPartOf":{"@id":"https:\/\/davidperezalonso.com\/blog\/#website"},"primaryImageOfPage":{"@id":"https:\/\/davidperezalonso.com\/blog\/montando-y-desmontando-en-asir-y-en-dam\/#primaryimage"},"image":{"@id":"https:\/\/davidperezalonso.com\/blog\/montando-y-desmontando-en-asir-y-en-dam\/#primaryimage"},"thumbnailUrl":"https:\/\/davidperezalonso.com\/blog\/wp-content\/uploads\/2013\/12\/Montaje-Desmontaje-ASIR-DAM-nov-2013-4.jpg","datePublished":"2013-12-18T22:15:33+00:00","dateModified":"2013-12-18T22:15:34+00:00","author":{"@id":"https:\/\/davidperezalonso.com\/blog\/#\/schema\/person\/1db0dd27700572c6ed41e705a69f7fc3"},"breadcrumb":{"@id":"https:\/\/davidperezalonso.com\/blog\/montando-y-desmontando-en-asir-y-en-dam\/#breadcrumb"},"inLanguage":"es","potentialAction":[{"@type":"ReadAction","target":["https:\/\/davidperezalonso.com\/blog\/montando-y-desmontando-en-asir-y-en-dam\/"]}]},{"@type":"ImageObject","inLanguage":"es","@id":"https:\/\/davidperezalonso.com\/blog\/montando-y-desmontando-en-asir-y-en-dam\/#primaryimage","url":"https:\/\/davidperezalonso.com\/blog\/wp-content\/uploads\/2013\/12\/Montaje-Desmontaje-ASIR-DAM-nov-2013-4.jpg","contentUrl":"https:\/\/davidperezalonso.com\/blog\/wp-content\/uploads\/2013\/12\/Montaje-Desmontaje-ASIR-DAM-nov-2013-4.jpg","width":"398","height":"530"},{"@type":"BreadcrumbList","@id":"https:\/\/davidperezalonso.com\/blog\/montando-y-desmontando-en-asir-y-en-dam\/#breadcrumb","itemListElement":[{"@type":"ListItem","position":1,"name":"Portada","item":"https:\/\/davidperezalonso.com\/blog\/"},{"@type":"ListItem","position":2,"name":"Montando y desmontando&#8230; en ASIR y en DAM"}]},{"@type":"WebSite","@id":"https:\/\/davidperezalonso.com\/blog\/#website","url":"https:\/\/davidperezalonso.com\/blog\/","name":"Blog Docente - David P\u00e9rez Alonso","description":"Blog sobre mis clases y docencia en Formaci\u00f3n Profesional, Bachillerato y ESO","potentialAction":[{"@type":"SearchAction","target":{"@type":"EntryPoint","urlTemplate":"https:\/\/davidperezalonso.com\/blog\/?s={search_term_string}"},"query-input":{"@type":"PropertyValueSpecification","valueRequired":true,"valueName":"search_term_string"}}],"inLanguage":"es"},{"@type":"Person","@id":"https:\/\/davidperezalonso.com\/blog\/#\/schema\/person\/1db0dd27700572c6ed41e705a69f7fc3","name":"admin","image":{"@type":"ImageObject","inLanguage":"es","@id":"https:\/\/davidperezalonso.com\/blog\/#\/schema\/person\/image\/","url":"https:\/\/secure.gravatar.com\/avatar\/6da540181b6cb9cf154bdd6b50f2e5989f30a6be1d7ad004e44593af540b72dd?s=96&d=mm&r=g","contentUrl":"https:\/\/secure.gravatar.com\/avatar\/6da540181b6cb9cf154bdd6b50f2e5989f30a6be1d7ad004e44593af540b72dd?s=96&d=mm&r=g","caption":"admin"},"description":"Ingeniero T\u00e9cnico de Telecomunicaci\u00f3n (Especialidad en Sonido e Imagen) por la Universidad Polit\u00e9cnica de Madrid (1997). Experiencia laboral de siete a\u00f1os en el departamento de I+D de la multinacional LIPMAN (Hw\/Sw) pero cambi\u00f3 de nombre y ahora sabr\u00e9is de ella por VERIFONE. Despu\u00e9s trabaj\u00e9 unos 4 a\u00f1os en un centro de Formaci\u00f3n realizando cursos de formaci\u00f3n On-line y mixta en \u00e1reas relacionadas con la inform\u00e1tica, programaci\u00f3n web, I+D, etc. Desde el a\u00f1o 2010 pertenezco al Departamento de Inform\u00e1tica de la UEM como profesor de Ciclos Formativos de Grado Superior en STI y ASIR (\"teleco\" e inform\u00e1tica), as\u00ed que si est\u00e1is viendo este perfil, o bien sois compa\u00f1erxs o alumnxs."}]}},"_links":{"self":[{"href":"https:\/\/davidperezalonso.com\/blog\/wp-json\/wp\/v2\/posts\/468","targetHints":{"allow":["GET"]}}],"collection":[{"href":"https:\/\/davidperezalonso.com\/blog\/wp-json\/wp\/v2\/posts"}],"about":[{"href":"https:\/\/davidperezalonso.com\/blog\/wp-json\/wp\/v2\/types\/post"}],"author":[{"embeddable":true,"href":"https:\/\/davidperezalonso.com\/blog\/wp-json\/wp\/v2\/users\/1"}],"replies":[{"embeddable":true,"href":"https:\/\/davidperezalonso.com\/blog\/wp-json\/wp\/v2\/comments?post=468"}],"version-history":[{"count":1,"href":"https:\/\/davidperezalonso.com\/blog\/wp-json\/wp\/v2\/posts\/468\/revisions"}],"predecessor-version":[{"id":475,"href":"https:\/\/davidperezalonso.com\/blog\/wp-json\/wp\/v2\/posts\/468\/revisions\/475"}],"wp:featuredmedia":[{"embeddable":true,"href":"https:\/\/davidperezalonso.com\/blog\/wp-json\/wp\/v2\/media\/472"}],"wp:attachment":[{"href":"https:\/\/davidperezalonso.com\/blog\/wp-json\/wp\/v2\/media?parent=468"}],"wp:term":[{"taxonomy":"category","embeddable":true,"href":"https:\/\/davidperezalonso.com\/blog\/wp-json\/wp\/v2\/categories?post=468"},{"taxonomy":"post_tag","embeddable":true,"href":"https:\/\/davidperezalonso.com\/blog\/wp-json\/wp\/v2\/tags?post=468"}],"curies":[{"name":"wp","href":"https:\/\/api.w.org\/{rel}","templated":true}]}}