{"id":512,"date":"2014-02-10T18:29:18","date_gmt":"2014-02-10T17:29:18","guid":{"rendered":"http:\/\/davidperezalonso.com\/blog\/?p=512"},"modified":"2014-02-10T18:29:18","modified_gmt":"2014-02-10T17:29:18","slug":"visita-de-nuestros-alumnos-de-2o-asir-y-2o-dam-a-medialab-prado","status":"publish","type":"post","link":"https:\/\/davidperezalonso.com\/blog\/visita-de-nuestros-alumnos-de-2o-asir-y-2o-dam-a-medialab-prado\/","title":{"rendered":"Visita de nuestros alumnos de 2\u00ba ASIR y 2\u00ba DAM a Medialab Prado"},"content":{"rendered":"<p>Hace un par de semanas visitamos con los alumnos de 2\u00baDAM y 2\u00baASIR de CFGS de la UEM el <strong>MEDIALAB-PRADO<\/strong>; un espacio multidisciplinar dedicado a la promoci\u00f3n de la cultura libre y a la investigaci\u00f3n con tecnolog\u00edas abiertas. La sede del MEDIALAB es un espectacular edificio a 5m de la estaci\u00f3n de Atocha, frente al Caixaforum y en \u00e9l se encuentran diferentes grupos de trabajo y colectivos que con el apoyo del Ayto. de Madrid reflexionan y desarrollan diferentes proyectos muy interesantes como<br \/>\nlos que se pueden visitar aqu\u00ed: <a href=\"http:\/\/medialab-prado.es\/grupos_de_trabajo\">http:\/\/medialab-prado.es\/grupos_de_trabajo<\/a><\/p>\n<p>Algunos temas alrededor de los cuales gira la actividad de este centro de investigaci\u00f3n y desarrollo tecnol\u00f3gicos: electronics \u00b7 Do It Yourself \u00b7 Prototyping \u00b7 Meeting people with common interests \u00b7 Arduino \u00b7 Makers \u00b7 3D Printing \u00b7 Commons \u00b7 peer to peer learning \u00b7 DIY Technology \u00b7 Open Source Hardware \u00b7 Open Source Community \u00b7 Open Source Software \u00b7 Internet Technology Professionals &amp; Startups \u00b7 Open source tools<\/p>\n<p>En definitiva, una gran experiencia y una mejor oportunidad para conectar con personas y establecer v\u00ednculos personales y profesionales alrededor de la cada vez m\u00e1s extendida y necesaria idea de las Open Communities.<\/p>\n<p>Aqu\u00ed os dejamos un v\u00eddeo con las fotos de la visita:<\/p>\n<p><iframe loading=\"lazy\" src=\"\/\/player.vimeo.com\/video\/85913935\" frameborder=\"0\" width=\"500\" height=\"281\"><\/iframe><\/p>\n<p><a href=\"http:\/\/vimeo.com\/85913935\">Visita MEDIALAB<\/a> from <a href=\"http:\/\/vimeo.com\/user16113222\">Ernesto Ramiro<\/a> on <a href=\"https:\/\/vimeo.com\">Vimeo<\/a>.<\/p>\n","protected":false},"excerpt":{"rendered":"<p>Hace un par de semanas visitamos con los alumnos de 2\u00baDAM y 2\u00baASIR de CFGS de la UEM el MEDIALAB-PRADO; un espacio multidisciplinar dedicado a la promoci\u00f3n de la cultura libre y a la&#46;&#46;&#46;<\/p>\n","protected":false},"author":1,"featured_media":0,"comment_status":"open","ping_status":"closed","sticky":false,"template":"","format":"standard","meta":{"footnotes":""},"categories":[79,3,65],"tags":[13,155,35,33],"class_list":["post-512","post","type-post","status-publish","format-standard","hentry","category-alumnxs","category-asir","category-dam","tag-2o","tag-medialab","tag-segundo-trimestre","tag-visitas-y-salidas"],"yoast_head":"<!-- This site is optimized with the Yoast SEO plugin v27.0 - https:\/\/yoast.com\/product\/yoast-seo-wordpress\/ -->\n<title>Visita de nuestros alumnos de 2\u00ba ASIR y 2\u00ba DAM a Medialab Prado &#8211; Blog Docente - David P\u00e9rez Alonso<\/title>\n<meta name=\"robots\" content=\"index, follow, max-snippet:-1, max-image-preview:large, max-video-preview:-1\" \/>\n<link rel=\"canonical\" href=\"https:\/\/davidperezalonso.com\/blog\/visita-de-nuestros-alumnos-de-2o-asir-y-2o-dam-a-medialab-prado\/\" \/>\n<meta property=\"og:locale\" content=\"es_ES\" \/>\n<meta property=\"og:type\" content=\"article\" \/>\n<meta property=\"og:title\" content=\"Visita de nuestros alumnos de 2\u00ba ASIR y 2\u00ba DAM a Medialab Prado &#8211; Blog Docente - David P\u00e9rez Alonso\" \/>\n<meta property=\"og:description\" content=\"Hace un par de semanas visitamos con los alumnos de 2\u00baDAM y 2\u00baASIR de CFGS de la UEM el MEDIALAB-PRADO; un espacio multidisciplinar dedicado a la promoci\u00f3n de la cultura libre y a la&#046;&#046;&#046;\" \/>\n<meta property=\"og:url\" content=\"https:\/\/davidperezalonso.com\/blog\/visita-de-nuestros-alumnos-de-2o-asir-y-2o-dam-a-medialab-prado\/\" \/>\n<meta property=\"og:site_name\" content=\"Blog Docente - David P\u00e9rez Alonso\" \/>\n<meta property=\"article:published_time\" content=\"2014-02-10T17:29:18+00:00\" \/>\n<meta name=\"author\" content=\"admin\" \/>\n<meta name=\"twitter:card\" content=\"summary_large_image\" \/>\n<meta name=\"twitter:creator\" content=\"@DavidPerezProfe\" \/>\n<meta name=\"twitter:site\" content=\"@DavidPerezProfe\" \/>\n<meta name=\"twitter:label1\" content=\"Escrito por\" \/>\n\t<meta name=\"twitter:data1\" content=\"admin\" \/>\n\t<meta name=\"twitter:label2\" content=\"Tiempo de lectura\" \/>\n\t<meta name=\"twitter:data2\" content=\"1 minuto\" \/>\n<script type=\"application\/ld+json\" class=\"yoast-schema-graph\">{\"@context\":\"https:\/\/schema.org\",\"@graph\":[{\"@type\":\"Article\",\"@id\":\"https:\/\/davidperezalonso.com\/blog\/visita-de-nuestros-alumnos-de-2o-asir-y-2o-dam-a-medialab-prado\/#article\",\"isPartOf\":{\"@id\":\"https:\/\/davidperezalonso.com\/blog\/visita-de-nuestros-alumnos-de-2o-asir-y-2o-dam-a-medialab-prado\/\"},\"author\":{\"name\":\"admin\",\"@id\":\"https:\/\/davidperezalonso.com\/blog\/#\/schema\/person\/1db0dd27700572c6ed41e705a69f7fc3\"},\"headline\":\"Visita de nuestros alumnos de 2\u00ba ASIR y 2\u00ba DAM a Medialab Prado\",\"datePublished\":\"2014-02-10T17:29:18+00:00\",\"mainEntityOfPage\":{\"@id\":\"https:\/\/davidperezalonso.com\/blog\/visita-de-nuestros-alumnos-de-2o-asir-y-2o-dam-a-medialab-prado\/\"},\"wordCount\":221,\"commentCount\":0,\"keywords\":[\"2\u00ba\",\"medialab\",\"segundo trimestre\",\"visitas y salidas\"],\"articleSection\":[\"alumnxs\",\"ASIR\",\"DAM\"],\"inLanguage\":\"es\",\"potentialAction\":[{\"@type\":\"CommentAction\",\"name\":\"Comment\",\"target\":[\"https:\/\/davidperezalonso.com\/blog\/visita-de-nuestros-alumnos-de-2o-asir-y-2o-dam-a-medialab-prado\/#respond\"]}]},{\"@type\":\"WebPage\",\"@id\":\"https:\/\/davidperezalonso.com\/blog\/visita-de-nuestros-alumnos-de-2o-asir-y-2o-dam-a-medialab-prado\/\",\"url\":\"https:\/\/davidperezalonso.com\/blog\/visita-de-nuestros-alumnos-de-2o-asir-y-2o-dam-a-medialab-prado\/\",\"name\":\"Visita de nuestros alumnos de 2\u00ba ASIR y 2\u00ba DAM a Medialab Prado &#8211; Blog Docente - David P\u00e9rez Alonso\",\"isPartOf\":{\"@id\":\"https:\/\/davidperezalonso.com\/blog\/#website\"},\"datePublished\":\"2014-02-10T17:29:18+00:00\",\"author\":{\"@id\":\"https:\/\/davidperezalonso.com\/blog\/#\/schema\/person\/1db0dd27700572c6ed41e705a69f7fc3\"},\"breadcrumb\":{\"@id\":\"https:\/\/davidperezalonso.com\/blog\/visita-de-nuestros-alumnos-de-2o-asir-y-2o-dam-a-medialab-prado\/#breadcrumb\"},\"inLanguage\":\"es\",\"potentialAction\":[{\"@type\":\"ReadAction\",\"target\":[\"https:\/\/davidperezalonso.com\/blog\/visita-de-nuestros-alumnos-de-2o-asir-y-2o-dam-a-medialab-prado\/\"]}]},{\"@type\":\"BreadcrumbList\",\"@id\":\"https:\/\/davidperezalonso.com\/blog\/visita-de-nuestros-alumnos-de-2o-asir-y-2o-dam-a-medialab-prado\/#breadcrumb\",\"itemListElement\":[{\"@type\":\"ListItem\",\"position\":1,\"name\":\"Portada\",\"item\":\"https:\/\/davidperezalonso.com\/blog\/\"},{\"@type\":\"ListItem\",\"position\":2,\"name\":\"Visita de nuestros alumnos de 2\u00ba ASIR y 2\u00ba DAM a Medialab Prado\"}]},{\"@type\":\"WebSite\",\"@id\":\"https:\/\/davidperezalonso.com\/blog\/#website\",\"url\":\"https:\/\/davidperezalonso.com\/blog\/\",\"name\":\"Blog Docente - David P\u00e9rez Alonso\",\"description\":\"Blog sobre mis clases y docencia en Formaci\u00f3n Profesional, Bachillerato y ESO\",\"potentialAction\":[{\"@type\":\"SearchAction\",\"target\":{\"@type\":\"EntryPoint\",\"urlTemplate\":\"https:\/\/davidperezalonso.com\/blog\/?s={search_term_string}\"},\"query-input\":{\"@type\":\"PropertyValueSpecification\",\"valueRequired\":true,\"valueName\":\"search_term_string\"}}],\"inLanguage\":\"es\"},{\"@type\":\"Person\",\"@id\":\"https:\/\/davidperezalonso.com\/blog\/#\/schema\/person\/1db0dd27700572c6ed41e705a69f7fc3\",\"name\":\"admin\",\"image\":{\"@type\":\"ImageObject\",\"inLanguage\":\"es\",\"@id\":\"https:\/\/davidperezalonso.com\/blog\/#\/schema\/person\/image\/\",\"url\":\"https:\/\/secure.gravatar.com\/avatar\/6da540181b6cb9cf154bdd6b50f2e5989f30a6be1d7ad004e44593af540b72dd?s=96&d=mm&r=g\",\"contentUrl\":\"https:\/\/secure.gravatar.com\/avatar\/6da540181b6cb9cf154bdd6b50f2e5989f30a6be1d7ad004e44593af540b72dd?s=96&d=mm&r=g\",\"caption\":\"admin\"},\"description\":\"Ingeniero T\u00e9cnico de Telecomunicaci\u00f3n (Especialidad en Sonido e Imagen) por la Universidad Polit\u00e9cnica de Madrid (1997). Experiencia laboral de siete a\u00f1os en el departamento de I+D de la multinacional LIPMAN (Hw\/Sw) pero cambi\u00f3 de nombre y ahora sabr\u00e9is de ella por VERIFONE. Despu\u00e9s trabaj\u00e9 unos 4 a\u00f1os en un centro de Formaci\u00f3n realizando cursos de formaci\u00f3n On-line y mixta en \u00e1reas relacionadas con la inform\u00e1tica, programaci\u00f3n web, I+D, etc. Desde el a\u00f1o 2010 pertenezco al Departamento de Inform\u00e1tica de la UEM como profesor de Ciclos Formativos de Grado Superior en STI y ASIR (\\\"teleco\\\" e inform\u00e1tica), as\u00ed que si est\u00e1is viendo este perfil, o bien sois compa\u00f1erxs o alumnxs.\"}]}<\/script>\n<!-- \/ Yoast SEO plugin. -->","yoast_head_json":{"title":"Visita de nuestros alumnos de 2\u00ba ASIR y 2\u00ba DAM a Medialab Prado &#8211; Blog Docente - David P\u00e9rez Alonso","robots":{"index":"index","follow":"follow","max-snippet":"max-snippet:-1","max-image-preview":"max-image-preview:large","max-video-preview":"max-video-preview:-1"},"canonical":"https:\/\/davidperezalonso.com\/blog\/visita-de-nuestros-alumnos-de-2o-asir-y-2o-dam-a-medialab-prado\/","og_locale":"es_ES","og_type":"article","og_title":"Visita de nuestros alumnos de 2\u00ba ASIR y 2\u00ba DAM a Medialab Prado &#8211; Blog Docente - David P\u00e9rez Alonso","og_description":"Hace un par de semanas visitamos con los alumnos de 2\u00baDAM y 2\u00baASIR de CFGS de la UEM el MEDIALAB-PRADO; un espacio multidisciplinar dedicado a la promoci\u00f3n de la cultura libre y a la&#46;&#46;&#46;","og_url":"https:\/\/davidperezalonso.com\/blog\/visita-de-nuestros-alumnos-de-2o-asir-y-2o-dam-a-medialab-prado\/","og_site_name":"Blog Docente - David P\u00e9rez Alonso","article_published_time":"2014-02-10T17:29:18+00:00","author":"admin","twitter_card":"summary_large_image","twitter_creator":"@DavidPerezProfe","twitter_site":"@DavidPerezProfe","twitter_misc":{"Escrito por":"admin","Tiempo de lectura":"1 minuto"},"schema":{"@context":"https:\/\/schema.org","@graph":[{"@type":"Article","@id":"https:\/\/davidperezalonso.com\/blog\/visita-de-nuestros-alumnos-de-2o-asir-y-2o-dam-a-medialab-prado\/#article","isPartOf":{"@id":"https:\/\/davidperezalonso.com\/blog\/visita-de-nuestros-alumnos-de-2o-asir-y-2o-dam-a-medialab-prado\/"},"author":{"name":"admin","@id":"https:\/\/davidperezalonso.com\/blog\/#\/schema\/person\/1db0dd27700572c6ed41e705a69f7fc3"},"headline":"Visita de nuestros alumnos de 2\u00ba ASIR y 2\u00ba DAM a Medialab Prado","datePublished":"2014-02-10T17:29:18+00:00","mainEntityOfPage":{"@id":"https:\/\/davidperezalonso.com\/blog\/visita-de-nuestros-alumnos-de-2o-asir-y-2o-dam-a-medialab-prado\/"},"wordCount":221,"commentCount":0,"keywords":["2\u00ba","medialab","segundo trimestre","visitas y salidas"],"articleSection":["alumnxs","ASIR","DAM"],"inLanguage":"es","potentialAction":[{"@type":"CommentAction","name":"Comment","target":["https:\/\/davidperezalonso.com\/blog\/visita-de-nuestros-alumnos-de-2o-asir-y-2o-dam-a-medialab-prado\/#respond"]}]},{"@type":"WebPage","@id":"https:\/\/davidperezalonso.com\/blog\/visita-de-nuestros-alumnos-de-2o-asir-y-2o-dam-a-medialab-prado\/","url":"https:\/\/davidperezalonso.com\/blog\/visita-de-nuestros-alumnos-de-2o-asir-y-2o-dam-a-medialab-prado\/","name":"Visita de nuestros alumnos de 2\u00ba ASIR y 2\u00ba DAM a Medialab Prado &#8211; Blog Docente - David P\u00e9rez Alonso","isPartOf":{"@id":"https:\/\/davidperezalonso.com\/blog\/#website"},"datePublished":"2014-02-10T17:29:18+00:00","author":{"@id":"https:\/\/davidperezalonso.com\/blog\/#\/schema\/person\/1db0dd27700572c6ed41e705a69f7fc3"},"breadcrumb":{"@id":"https:\/\/davidperezalonso.com\/blog\/visita-de-nuestros-alumnos-de-2o-asir-y-2o-dam-a-medialab-prado\/#breadcrumb"},"inLanguage":"es","potentialAction":[{"@type":"ReadAction","target":["https:\/\/davidperezalonso.com\/blog\/visita-de-nuestros-alumnos-de-2o-asir-y-2o-dam-a-medialab-prado\/"]}]},{"@type":"BreadcrumbList","@id":"https:\/\/davidperezalonso.com\/blog\/visita-de-nuestros-alumnos-de-2o-asir-y-2o-dam-a-medialab-prado\/#breadcrumb","itemListElement":[{"@type":"ListItem","position":1,"name":"Portada","item":"https:\/\/davidperezalonso.com\/blog\/"},{"@type":"ListItem","position":2,"name":"Visita de nuestros alumnos de 2\u00ba ASIR y 2\u00ba DAM a Medialab Prado"}]},{"@type":"WebSite","@id":"https:\/\/davidperezalonso.com\/blog\/#website","url":"https:\/\/davidperezalonso.com\/blog\/","name":"Blog Docente - David P\u00e9rez Alonso","description":"Blog sobre mis clases y docencia en Formaci\u00f3n Profesional, Bachillerato y ESO","potentialAction":[{"@type":"SearchAction","target":{"@type":"EntryPoint","urlTemplate":"https:\/\/davidperezalonso.com\/blog\/?s={search_term_string}"},"query-input":{"@type":"PropertyValueSpecification","valueRequired":true,"valueName":"search_term_string"}}],"inLanguage":"es"},{"@type":"Person","@id":"https:\/\/davidperezalonso.com\/blog\/#\/schema\/person\/1db0dd27700572c6ed41e705a69f7fc3","name":"admin","image":{"@type":"ImageObject","inLanguage":"es","@id":"https:\/\/davidperezalonso.com\/blog\/#\/schema\/person\/image\/","url":"https:\/\/secure.gravatar.com\/avatar\/6da540181b6cb9cf154bdd6b50f2e5989f30a6be1d7ad004e44593af540b72dd?s=96&d=mm&r=g","contentUrl":"https:\/\/secure.gravatar.com\/avatar\/6da540181b6cb9cf154bdd6b50f2e5989f30a6be1d7ad004e44593af540b72dd?s=96&d=mm&r=g","caption":"admin"},"description":"Ingeniero T\u00e9cnico de Telecomunicaci\u00f3n (Especialidad en Sonido e Imagen) por la Universidad Polit\u00e9cnica de Madrid (1997). Experiencia laboral de siete a\u00f1os en el departamento de I+D de la multinacional LIPMAN (Hw\/Sw) pero cambi\u00f3 de nombre y ahora sabr\u00e9is de ella por VERIFONE. Despu\u00e9s trabaj\u00e9 unos 4 a\u00f1os en un centro de Formaci\u00f3n realizando cursos de formaci\u00f3n On-line y mixta en \u00e1reas relacionadas con la inform\u00e1tica, programaci\u00f3n web, I+D, etc. Desde el a\u00f1o 2010 pertenezco al Departamento de Inform\u00e1tica de la UEM como profesor de Ciclos Formativos de Grado Superior en STI y ASIR (\"teleco\" e inform\u00e1tica), as\u00ed que si est\u00e1is viendo este perfil, o bien sois compa\u00f1erxs o alumnxs."}]}},"_links":{"self":[{"href":"https:\/\/davidperezalonso.com\/blog\/wp-json\/wp\/v2\/posts\/512","targetHints":{"allow":["GET"]}}],"collection":[{"href":"https:\/\/davidperezalonso.com\/blog\/wp-json\/wp\/v2\/posts"}],"about":[{"href":"https:\/\/davidperezalonso.com\/blog\/wp-json\/wp\/v2\/types\/post"}],"author":[{"embeddable":true,"href":"https:\/\/davidperezalonso.com\/blog\/wp-json\/wp\/v2\/users\/1"}],"replies":[{"embeddable":true,"href":"https:\/\/davidperezalonso.com\/blog\/wp-json\/wp\/v2\/comments?post=512"}],"version-history":[{"count":1,"href":"https:\/\/davidperezalonso.com\/blog\/wp-json\/wp\/v2\/posts\/512\/revisions"}],"predecessor-version":[{"id":513,"href":"https:\/\/davidperezalonso.com\/blog\/wp-json\/wp\/v2\/posts\/512\/revisions\/513"}],"wp:attachment":[{"href":"https:\/\/davidperezalonso.com\/blog\/wp-json\/wp\/v2\/media?parent=512"}],"wp:term":[{"taxonomy":"category","embeddable":true,"href":"https:\/\/davidperezalonso.com\/blog\/wp-json\/wp\/v2\/categories?post=512"},{"taxonomy":"post_tag","embeddable":true,"href":"https:\/\/davidperezalonso.com\/blog\/wp-json\/wp\/v2\/tags?post=512"}],"curies":[{"name":"wp","href":"https:\/\/api.w.org\/{rel}","templated":true}]}}