{"id":528,"date":"2014-02-20T23:24:06","date_gmt":"2014-02-20T22:24:06","guid":{"rendered":"http:\/\/davidperezalonso.com\/blog\/?p=528"},"modified":"2014-02-20T23:24:06","modified_gmt":"2014-02-20T22:24:06","slug":"charla-sobre-implantar-y-ampliar-un-sistema-informatico-en-la-pyme","status":"publish","type":"post","link":"https:\/\/davidperezalonso.com\/blog\/charla-sobre-implantar-y-ampliar-un-sistema-informatico-en-la-pyme\/","title":{"rendered":"Charla sobre implantar y ampliar un sistema inform\u00e1tico en la PYME"},"content":{"rendered":"<p>El pasado lunes 17 de febrero acudi\u00f3 nuestro ex-alumno de ASIR, <strong>Oscar Fern\u00e1ndez<\/strong> para realizar una peque\u00f1a charla sobre c\u00f3mo implantar\/ampliar un sistema inform\u00e1tico en una PYME. Desde que termin\u00f3 sus estudios en junio de 2012, hemos seguido en contacto (al igual que con la gran mayor\u00eda de ex-alumnos) y los profesores sab\u00edamos de las muchas cosas que estaba realizando en el sistema inform\u00e1tico en su empresa <strong>Dinacell<\/strong>. Como \u00e9l nos contaba, la empresa se vio sometido a un crecimiento y expansi\u00f3n con la apertura de dos sedes diferentes a la de Madrid, y todo eso con un sistema inform\u00e1tico bastante \u00abdom\u00e9stico\u00bb que necesit\u00f3 de una reestructuraci\u00f3n y redise\u00f1o. Todas esas operaciones que \u00e9l llev\u00f3 a cabo lo ve\u00edamos como un soberbio trabajo relacionado con los estudios de ASIR porque tocaba de todos las l\u00edneas de actuaci\u00f3n: hardware, redes, servidores, base de datos, web, etc&#8230; y adem\u00e1s, cada uno de ellos con una determinada casu\u00edstica y problem\u00e1tica.<\/p>\n<p>As\u00ed que lo ve\u00edamos claro, Oscar ten\u00eda que venir a contar a los alumnos de 2\u00ba de ASIR a lo que pod\u00edan enfrentarse en muy corto espacio de tiempo en sus pr\u00e1cticas y su futuro inmediato. Pero tambi\u00e9n a los alumnos de 1\u00ba de ASIR, para que vieran lo mucho que tienen que aprender y c\u00f3mo podr\u00eda ser su futuro profesional. La verdad es que el caso de Oscar puede ser especial, seguramente muchos de ellos acabar\u00e1n en puestos m\u00e1s espec\u00edficos dentro de una empresa de servicios o m\u00e1s grande, pero&#8230; por qu\u00e9 no, es posible entrar en una empresa para optimizar el sistema inform\u00e1tico, dar soporte puntual y que luego creciera, en ese caso, su percepci\u00f3n y consejos ser\u00eda estupenda.<\/p>\n<p><a href=\"http:\/\/davidperezalonso.com\/blog\/wp-content\/uploads\/2014\/02\/20140217_172515.jpg\"><img loading=\"lazy\" decoding=\"async\" class=\"aligncenter size-full wp-image-529\" title=\"Oscar Dinacell\" src=\"http:\/\/davidperezalonso.com\/blog\/wp-content\/uploads\/2014\/02\/20140217_172515.jpg\" alt=\"\" width=\"826\" height=\"465\" srcset=\"https:\/\/davidperezalonso.com\/blog\/wp-content\/uploads\/2014\/02\/20140217_172515.jpg 826w, https:\/\/davidperezalonso.com\/blog\/wp-content\/uploads\/2014\/02\/20140217_172515-300x168.jpg 300w, https:\/\/davidperezalonso.com\/blog\/wp-content\/uploads\/2014\/02\/20140217_172515-500x281.jpg 500w\" sizes=\"auto, (max-width: 826px) 100vw, 826px\" \/><\/a>Durante la charla Oscar lanzaba preguntas, explicaba su punto de vista y por qu\u00e9 escogi\u00f3 tal o cual soluci\u00f3n: habl\u00f3 de servidores, de racks, de qu\u00e9 SS.OO operativo escogi\u00f3 para los servidores, de la soluci\u00f3n de red para enlazar las sedes, de los avisos de madrugada, de las auditor\u00edas, etc&#8230; A los alumnos le vino de maravilla, pero tambi\u00e9n a los profes, para apuntalar muchas de las cosas que trabajamos en clase y reforzar algunos de los mensajes que transmitimos diariamente.<\/p>\n<p>\u00a1Gracias, Oscar!<\/p>\n","protected":false},"excerpt":{"rendered":"<p>El pasado lunes 17 de febrero acudi\u00f3 nuestro ex-alumno de ASIR, Oscar Fern\u00e1ndez para realizar una peque\u00f1a charla sobre c\u00f3mo implantar\/ampliar un sistema inform\u00e1tico en una PYME. Desde que termin\u00f3 sus estudios en junio&#46;&#46;&#46;<\/p>\n","protected":false},"author":1,"featured_media":529,"comment_status":"open","ping_status":"closed","sticky":false,"template":"","format":"standard","meta":{"footnotes":""},"categories":[79,3],"tags":[17,13,92],"class_list":["post-528","post","type-post","status-publish","format-standard","has-post-thumbnail","hentry","category-alumnxs","category-asir","tag-1o","tag-2o","tag-charlas-expertos"],"yoast_head":"<!-- This site is optimized with the Yoast SEO plugin v27.0 - https:\/\/yoast.com\/product\/yoast-seo-wordpress\/ -->\n<title>Charla sobre implantar y ampliar un sistema inform\u00e1tico en la PYME &#8211; Blog Docente - David P\u00e9rez Alonso<\/title>\n<meta name=\"robots\" content=\"index, follow, max-snippet:-1, max-image-preview:large, max-video-preview:-1\" \/>\n<link rel=\"canonical\" href=\"https:\/\/davidperezalonso.com\/blog\/charla-sobre-implantar-y-ampliar-un-sistema-informatico-en-la-pyme\/\" \/>\n<meta property=\"og:locale\" content=\"es_ES\" \/>\n<meta property=\"og:type\" content=\"article\" \/>\n<meta property=\"og:title\" content=\"Charla sobre implantar y ampliar un sistema inform\u00e1tico en la PYME &#8211; Blog Docente - David P\u00e9rez Alonso\" \/>\n<meta property=\"og:description\" content=\"El pasado lunes 17 de febrero acudi\u00f3 nuestro ex-alumno de ASIR, Oscar Fern\u00e1ndez para realizar una peque\u00f1a charla sobre c\u00f3mo implantar\/ampliar un sistema inform\u00e1tico en una PYME. Desde que termin\u00f3 sus estudios en junio&#046;&#046;&#046;\" \/>\n<meta property=\"og:url\" content=\"https:\/\/davidperezalonso.com\/blog\/charla-sobre-implantar-y-ampliar-un-sistema-informatico-en-la-pyme\/\" \/>\n<meta property=\"og:site_name\" content=\"Blog Docente - David P\u00e9rez Alonso\" \/>\n<meta property=\"article:published_time\" content=\"2014-02-20T22:24:06+00:00\" \/>\n<meta property=\"og:image\" content=\"https:\/\/davidperezalonso.com\/blog\/wp-content\/uploads\/2014\/02\/20140217_172515.jpg\" \/>\n\t<meta property=\"og:image:width\" content=\"826\" \/>\n\t<meta property=\"og:image:height\" content=\"465\" \/>\n\t<meta property=\"og:image:type\" content=\"image\/jpeg\" \/>\n<meta name=\"author\" content=\"admin\" \/>\n<meta name=\"twitter:card\" content=\"summary_large_image\" \/>\n<meta name=\"twitter:creator\" content=\"@DavidPerezProfe\" \/>\n<meta name=\"twitter:site\" content=\"@DavidPerezProfe\" \/>\n<meta name=\"twitter:label1\" content=\"Escrito por\" \/>\n\t<meta name=\"twitter:data1\" content=\"admin\" \/>\n\t<meta name=\"twitter:label2\" content=\"Tiempo de lectura\" \/>\n\t<meta name=\"twitter:data2\" content=\"2 minutos\" \/>\n<script type=\"application\/ld+json\" class=\"yoast-schema-graph\">{\"@context\":\"https:\/\/schema.org\",\"@graph\":[{\"@type\":\"Article\",\"@id\":\"https:\/\/davidperezalonso.com\/blog\/charla-sobre-implantar-y-ampliar-un-sistema-informatico-en-la-pyme\/#article\",\"isPartOf\":{\"@id\":\"https:\/\/davidperezalonso.com\/blog\/charla-sobre-implantar-y-ampliar-un-sistema-informatico-en-la-pyme\/\"},\"author\":{\"name\":\"admin\",\"@id\":\"https:\/\/davidperezalonso.com\/blog\/#\/schema\/person\/1db0dd27700572c6ed41e705a69f7fc3\"},\"headline\":\"Charla sobre implantar y ampliar un sistema inform\u00e1tico en la PYME\",\"datePublished\":\"2014-02-20T22:24:06+00:00\",\"mainEntityOfPage\":{\"@id\":\"https:\/\/davidperezalonso.com\/blog\/charla-sobre-implantar-y-ampliar-un-sistema-informatico-en-la-pyme\/\"},\"wordCount\":407,\"commentCount\":0,\"image\":{\"@id\":\"https:\/\/davidperezalonso.com\/blog\/charla-sobre-implantar-y-ampliar-un-sistema-informatico-en-la-pyme\/#primaryimage\"},\"thumbnailUrl\":\"https:\/\/davidperezalonso.com\/blog\/wp-content\/uploads\/2014\/02\/20140217_172515.jpg\",\"keywords\":[\"1\u00ba\",\"2\u00ba\",\"charlas expertos\"],\"articleSection\":[\"alumnxs\",\"ASIR\"],\"inLanguage\":\"es\",\"potentialAction\":[{\"@type\":\"CommentAction\",\"name\":\"Comment\",\"target\":[\"https:\/\/davidperezalonso.com\/blog\/charla-sobre-implantar-y-ampliar-un-sistema-informatico-en-la-pyme\/#respond\"]}]},{\"@type\":\"WebPage\",\"@id\":\"https:\/\/davidperezalonso.com\/blog\/charla-sobre-implantar-y-ampliar-un-sistema-informatico-en-la-pyme\/\",\"url\":\"https:\/\/davidperezalonso.com\/blog\/charla-sobre-implantar-y-ampliar-un-sistema-informatico-en-la-pyme\/\",\"name\":\"Charla sobre implantar y ampliar un sistema inform\u00e1tico en la PYME &#8211; Blog Docente - David P\u00e9rez Alonso\",\"isPartOf\":{\"@id\":\"https:\/\/davidperezalonso.com\/blog\/#website\"},\"primaryImageOfPage\":{\"@id\":\"https:\/\/davidperezalonso.com\/blog\/charla-sobre-implantar-y-ampliar-un-sistema-informatico-en-la-pyme\/#primaryimage\"},\"image\":{\"@id\":\"https:\/\/davidperezalonso.com\/blog\/charla-sobre-implantar-y-ampliar-un-sistema-informatico-en-la-pyme\/#primaryimage\"},\"thumbnailUrl\":\"https:\/\/davidperezalonso.com\/blog\/wp-content\/uploads\/2014\/02\/20140217_172515.jpg\",\"datePublished\":\"2014-02-20T22:24:06+00:00\",\"author\":{\"@id\":\"https:\/\/davidperezalonso.com\/blog\/#\/schema\/person\/1db0dd27700572c6ed41e705a69f7fc3\"},\"breadcrumb\":{\"@id\":\"https:\/\/davidperezalonso.com\/blog\/charla-sobre-implantar-y-ampliar-un-sistema-informatico-en-la-pyme\/#breadcrumb\"},\"inLanguage\":\"es\",\"potentialAction\":[{\"@type\":\"ReadAction\",\"target\":[\"https:\/\/davidperezalonso.com\/blog\/charla-sobre-implantar-y-ampliar-un-sistema-informatico-en-la-pyme\/\"]}]},{\"@type\":\"ImageObject\",\"inLanguage\":\"es\",\"@id\":\"https:\/\/davidperezalonso.com\/blog\/charla-sobre-implantar-y-ampliar-un-sistema-informatico-en-la-pyme\/#primaryimage\",\"url\":\"https:\/\/davidperezalonso.com\/blog\/wp-content\/uploads\/2014\/02\/20140217_172515.jpg\",\"contentUrl\":\"https:\/\/davidperezalonso.com\/blog\/wp-content\/uploads\/2014\/02\/20140217_172515.jpg\",\"width\":\"826\",\"height\":\"465\"},{\"@type\":\"BreadcrumbList\",\"@id\":\"https:\/\/davidperezalonso.com\/blog\/charla-sobre-implantar-y-ampliar-un-sistema-informatico-en-la-pyme\/#breadcrumb\",\"itemListElement\":[{\"@type\":\"ListItem\",\"position\":1,\"name\":\"Portada\",\"item\":\"https:\/\/davidperezalonso.com\/blog\/\"},{\"@type\":\"ListItem\",\"position\":2,\"name\":\"Charla sobre implantar y ampliar un sistema inform\u00e1tico en la PYME\"}]},{\"@type\":\"WebSite\",\"@id\":\"https:\/\/davidperezalonso.com\/blog\/#website\",\"url\":\"https:\/\/davidperezalonso.com\/blog\/\",\"name\":\"Blog Docente - David P\u00e9rez Alonso\",\"description\":\"Blog sobre mis clases y docencia en Formaci\u00f3n Profesional, Bachillerato y ESO\",\"potentialAction\":[{\"@type\":\"SearchAction\",\"target\":{\"@type\":\"EntryPoint\",\"urlTemplate\":\"https:\/\/davidperezalonso.com\/blog\/?s={search_term_string}\"},\"query-input\":{\"@type\":\"PropertyValueSpecification\",\"valueRequired\":true,\"valueName\":\"search_term_string\"}}],\"inLanguage\":\"es\"},{\"@type\":\"Person\",\"@id\":\"https:\/\/davidperezalonso.com\/blog\/#\/schema\/person\/1db0dd27700572c6ed41e705a69f7fc3\",\"name\":\"admin\",\"image\":{\"@type\":\"ImageObject\",\"inLanguage\":\"es\",\"@id\":\"https:\/\/davidperezalonso.com\/blog\/#\/schema\/person\/image\/\",\"url\":\"https:\/\/secure.gravatar.com\/avatar\/6da540181b6cb9cf154bdd6b50f2e5989f30a6be1d7ad004e44593af540b72dd?s=96&d=mm&r=g\",\"contentUrl\":\"https:\/\/secure.gravatar.com\/avatar\/6da540181b6cb9cf154bdd6b50f2e5989f30a6be1d7ad004e44593af540b72dd?s=96&d=mm&r=g\",\"caption\":\"admin\"},\"description\":\"Ingeniero T\u00e9cnico de Telecomunicaci\u00f3n (Especialidad en Sonido e Imagen) por la Universidad Polit\u00e9cnica de Madrid (1997). Experiencia laboral de siete a\u00f1os en el departamento de I+D de la multinacional LIPMAN (Hw\/Sw) pero cambi\u00f3 de nombre y ahora sabr\u00e9is de ella por VERIFONE. Despu\u00e9s trabaj\u00e9 unos 4 a\u00f1os en un centro de Formaci\u00f3n realizando cursos de formaci\u00f3n On-line y mixta en \u00e1reas relacionadas con la inform\u00e1tica, programaci\u00f3n web, I+D, etc. Desde el a\u00f1o 2010 pertenezco al Departamento de Inform\u00e1tica de la UEM como profesor de Ciclos Formativos de Grado Superior en STI y ASIR (\\\"teleco\\\" e inform\u00e1tica), as\u00ed que si est\u00e1is viendo este perfil, o bien sois compa\u00f1erxs o alumnxs.\"}]}<\/script>\n<!-- \/ Yoast SEO plugin. -->","yoast_head_json":{"title":"Charla sobre implantar y ampliar un sistema inform\u00e1tico en la PYME &#8211; Blog Docente - David P\u00e9rez Alonso","robots":{"index":"index","follow":"follow","max-snippet":"max-snippet:-1","max-image-preview":"max-image-preview:large","max-video-preview":"max-video-preview:-1"},"canonical":"https:\/\/davidperezalonso.com\/blog\/charla-sobre-implantar-y-ampliar-un-sistema-informatico-en-la-pyme\/","og_locale":"es_ES","og_type":"article","og_title":"Charla sobre implantar y ampliar un sistema inform\u00e1tico en la PYME &#8211; Blog Docente - David P\u00e9rez Alonso","og_description":"El pasado lunes 17 de febrero acudi\u00f3 nuestro ex-alumno de ASIR, Oscar Fern\u00e1ndez para realizar una peque\u00f1a charla sobre c\u00f3mo implantar\/ampliar un sistema inform\u00e1tico en una PYME. Desde que termin\u00f3 sus estudios en junio&#46;&#46;&#46;","og_url":"https:\/\/davidperezalonso.com\/blog\/charla-sobre-implantar-y-ampliar-un-sistema-informatico-en-la-pyme\/","og_site_name":"Blog Docente - David P\u00e9rez Alonso","article_published_time":"2014-02-20T22:24:06+00:00","og_image":[{"width":826,"height":465,"url":"https:\/\/davidperezalonso.com\/blog\/wp-content\/uploads\/2014\/02\/20140217_172515.jpg","type":"image\/jpeg"}],"author":"admin","twitter_card":"summary_large_image","twitter_creator":"@DavidPerezProfe","twitter_site":"@DavidPerezProfe","twitter_misc":{"Escrito por":"admin","Tiempo de lectura":"2 minutos"},"schema":{"@context":"https:\/\/schema.org","@graph":[{"@type":"Article","@id":"https:\/\/davidperezalonso.com\/blog\/charla-sobre-implantar-y-ampliar-un-sistema-informatico-en-la-pyme\/#article","isPartOf":{"@id":"https:\/\/davidperezalonso.com\/blog\/charla-sobre-implantar-y-ampliar-un-sistema-informatico-en-la-pyme\/"},"author":{"name":"admin","@id":"https:\/\/davidperezalonso.com\/blog\/#\/schema\/person\/1db0dd27700572c6ed41e705a69f7fc3"},"headline":"Charla sobre implantar y ampliar un sistema inform\u00e1tico en la PYME","datePublished":"2014-02-20T22:24:06+00:00","mainEntityOfPage":{"@id":"https:\/\/davidperezalonso.com\/blog\/charla-sobre-implantar-y-ampliar-un-sistema-informatico-en-la-pyme\/"},"wordCount":407,"commentCount":0,"image":{"@id":"https:\/\/davidperezalonso.com\/blog\/charla-sobre-implantar-y-ampliar-un-sistema-informatico-en-la-pyme\/#primaryimage"},"thumbnailUrl":"https:\/\/davidperezalonso.com\/blog\/wp-content\/uploads\/2014\/02\/20140217_172515.jpg","keywords":["1\u00ba","2\u00ba","charlas expertos"],"articleSection":["alumnxs","ASIR"],"inLanguage":"es","potentialAction":[{"@type":"CommentAction","name":"Comment","target":["https:\/\/davidperezalonso.com\/blog\/charla-sobre-implantar-y-ampliar-un-sistema-informatico-en-la-pyme\/#respond"]}]},{"@type":"WebPage","@id":"https:\/\/davidperezalonso.com\/blog\/charla-sobre-implantar-y-ampliar-un-sistema-informatico-en-la-pyme\/","url":"https:\/\/davidperezalonso.com\/blog\/charla-sobre-implantar-y-ampliar-un-sistema-informatico-en-la-pyme\/","name":"Charla sobre implantar y ampliar un sistema inform\u00e1tico en la PYME &#8211; Blog Docente - David P\u00e9rez Alonso","isPartOf":{"@id":"https:\/\/davidperezalonso.com\/blog\/#website"},"primaryImageOfPage":{"@id":"https:\/\/davidperezalonso.com\/blog\/charla-sobre-implantar-y-ampliar-un-sistema-informatico-en-la-pyme\/#primaryimage"},"image":{"@id":"https:\/\/davidperezalonso.com\/blog\/charla-sobre-implantar-y-ampliar-un-sistema-informatico-en-la-pyme\/#primaryimage"},"thumbnailUrl":"https:\/\/davidperezalonso.com\/blog\/wp-content\/uploads\/2014\/02\/20140217_172515.jpg","datePublished":"2014-02-20T22:24:06+00:00","author":{"@id":"https:\/\/davidperezalonso.com\/blog\/#\/schema\/person\/1db0dd27700572c6ed41e705a69f7fc3"},"breadcrumb":{"@id":"https:\/\/davidperezalonso.com\/blog\/charla-sobre-implantar-y-ampliar-un-sistema-informatico-en-la-pyme\/#breadcrumb"},"inLanguage":"es","potentialAction":[{"@type":"ReadAction","target":["https:\/\/davidperezalonso.com\/blog\/charla-sobre-implantar-y-ampliar-un-sistema-informatico-en-la-pyme\/"]}]},{"@type":"ImageObject","inLanguage":"es","@id":"https:\/\/davidperezalonso.com\/blog\/charla-sobre-implantar-y-ampliar-un-sistema-informatico-en-la-pyme\/#primaryimage","url":"https:\/\/davidperezalonso.com\/blog\/wp-content\/uploads\/2014\/02\/20140217_172515.jpg","contentUrl":"https:\/\/davidperezalonso.com\/blog\/wp-content\/uploads\/2014\/02\/20140217_172515.jpg","width":"826","height":"465"},{"@type":"BreadcrumbList","@id":"https:\/\/davidperezalonso.com\/blog\/charla-sobre-implantar-y-ampliar-un-sistema-informatico-en-la-pyme\/#breadcrumb","itemListElement":[{"@type":"ListItem","position":1,"name":"Portada","item":"https:\/\/davidperezalonso.com\/blog\/"},{"@type":"ListItem","position":2,"name":"Charla sobre implantar y ampliar un sistema inform\u00e1tico en la PYME"}]},{"@type":"WebSite","@id":"https:\/\/davidperezalonso.com\/blog\/#website","url":"https:\/\/davidperezalonso.com\/blog\/","name":"Blog Docente - David P\u00e9rez Alonso","description":"Blog sobre mis clases y docencia en Formaci\u00f3n Profesional, Bachillerato y ESO","potentialAction":[{"@type":"SearchAction","target":{"@type":"EntryPoint","urlTemplate":"https:\/\/davidperezalonso.com\/blog\/?s={search_term_string}"},"query-input":{"@type":"PropertyValueSpecification","valueRequired":true,"valueName":"search_term_string"}}],"inLanguage":"es"},{"@type":"Person","@id":"https:\/\/davidperezalonso.com\/blog\/#\/schema\/person\/1db0dd27700572c6ed41e705a69f7fc3","name":"admin","image":{"@type":"ImageObject","inLanguage":"es","@id":"https:\/\/davidperezalonso.com\/blog\/#\/schema\/person\/image\/","url":"https:\/\/secure.gravatar.com\/avatar\/6da540181b6cb9cf154bdd6b50f2e5989f30a6be1d7ad004e44593af540b72dd?s=96&d=mm&r=g","contentUrl":"https:\/\/secure.gravatar.com\/avatar\/6da540181b6cb9cf154bdd6b50f2e5989f30a6be1d7ad004e44593af540b72dd?s=96&d=mm&r=g","caption":"admin"},"description":"Ingeniero T\u00e9cnico de Telecomunicaci\u00f3n (Especialidad en Sonido e Imagen) por la Universidad Polit\u00e9cnica de Madrid (1997). Experiencia laboral de siete a\u00f1os en el departamento de I+D de la multinacional LIPMAN (Hw\/Sw) pero cambi\u00f3 de nombre y ahora sabr\u00e9is de ella por VERIFONE. Despu\u00e9s trabaj\u00e9 unos 4 a\u00f1os en un centro de Formaci\u00f3n realizando cursos de formaci\u00f3n On-line y mixta en \u00e1reas relacionadas con la inform\u00e1tica, programaci\u00f3n web, I+D, etc. Desde el a\u00f1o 2010 pertenezco al Departamento de Inform\u00e1tica de la UEM como profesor de Ciclos Formativos de Grado Superior en STI y ASIR (\"teleco\" e inform\u00e1tica), as\u00ed que si est\u00e1is viendo este perfil, o bien sois compa\u00f1erxs o alumnxs."}]}},"_links":{"self":[{"href":"https:\/\/davidperezalonso.com\/blog\/wp-json\/wp\/v2\/posts\/528","targetHints":{"allow":["GET"]}}],"collection":[{"href":"https:\/\/davidperezalonso.com\/blog\/wp-json\/wp\/v2\/posts"}],"about":[{"href":"https:\/\/davidperezalonso.com\/blog\/wp-json\/wp\/v2\/types\/post"}],"author":[{"embeddable":true,"href":"https:\/\/davidperezalonso.com\/blog\/wp-json\/wp\/v2\/users\/1"}],"replies":[{"embeddable":true,"href":"https:\/\/davidperezalonso.com\/blog\/wp-json\/wp\/v2\/comments?post=528"}],"version-history":[{"count":1,"href":"https:\/\/davidperezalonso.com\/blog\/wp-json\/wp\/v2\/posts\/528\/revisions"}],"predecessor-version":[{"id":530,"href":"https:\/\/davidperezalonso.com\/blog\/wp-json\/wp\/v2\/posts\/528\/revisions\/530"}],"wp:featuredmedia":[{"embeddable":true,"href":"https:\/\/davidperezalonso.com\/blog\/wp-json\/wp\/v2\/media\/529"}],"wp:attachment":[{"href":"https:\/\/davidperezalonso.com\/blog\/wp-json\/wp\/v2\/media?parent=528"}],"wp:term":[{"taxonomy":"category","embeddable":true,"href":"https:\/\/davidperezalonso.com\/blog\/wp-json\/wp\/v2\/categories?post=528"},{"taxonomy":"post_tag","embeddable":true,"href":"https:\/\/davidperezalonso.com\/blog\/wp-json\/wp\/v2\/tags?post=528"}],"curies":[{"name":"wp","href":"https:\/\/api.w.org\/{rel}","templated":true}]}}