{"id":683,"date":"2015-06-18T08:49:28","date_gmt":"2015-06-18T06:49:28","guid":{"rendered":"http:\/\/davidperezalonso.com\/blog\/?p=683"},"modified":"2015-06-18T08:49:28","modified_gmt":"2015-06-18T06:49:28","slug":"tarea-final-en-lenguaje-marcas-1dam-campusalcobendas","status":"publish","type":"post","link":"https:\/\/davidperezalonso.com\/blog\/tarea-final-en-lenguaje-marcas-1dam-campusalcobendas\/","title":{"rendered":"Tarea final en Lenguaje Marcas 1DAM &#8211; CampusAlcobendas"},"content":{"rendered":"<p>Este a\u00f1o, en el curso de <strong>1\u00ba de DAM<\/strong> del <strong>Campus Norte de la UEM<\/strong> he podido avanzar en contenidos y llegar a la actividad final con tiempo suficiente para que los alumnxs construyeran su primera APP en HTML5 + CSS3 + JavaScript.<\/p>\n<p>Tal y como estructuro el curso de <strong>Lenguaje de Marcas<\/strong>, en el T1 vemos con detenimiento HTML (ahora ya mucho de HTML5) y CSS, para al final del trimestre saber manipular plantillas y poder hacer una web m\u00e1s o menos chula y funcional. En T2 se lo dedicamos \u00edntegramente a conocer XML, DTD, Esquemas XSD, un poco de Transformaciones XSL y complicarnos la vida todo lo que queramos con XPath. Dependiendo del grupo, c\u00f3mo se les d\u00e9 y otros factores conseguimos avanzar m\u00e1s o menos. En T3 vemos RSS, jugamos con Feedly y luego, todo lo que dure pues JavaScript, tratando de que al final se pueda combinar HTML+CSS+JavaScript+XML.<\/p>\n<p>Cada comienzo de curso les ense\u00f1o esto, y les digo, que aunque ambicioso, al final del curso podr\u00edamos conseguir hacer algo parecido a esto: <a href=\"http:\/\/resultados.elpais.com\/elecciones\/2015\/municipales\/\" target=\"_blank\">http:\/\/resultados.elpais.com\/elecciones\/2015\/municipales\/<\/a><\/p>\n<p>Desde que descubr\u00ed el \u00abenciclop\u00e9dico\u00bb XML de Geograf\u00eda Mundial factbook.xml (al leer el fabuloso y recomendable libro de texto de <a href=\"http:\/\/www.garceta.es\/libro.php?ISBN=978-84-1545-217-1\" target=\"_blank\"><em>Lenguaje de Marcas y Sistemas de Gesti\u00f3n de la Informaci\u00f3n de<\/em> <\/a>JM Castro de Ed. Garceta) mis ejercicios sobre ese archivo se multiplicaron, y el curso pasado ide\u00e9, este ejercicio: una especie de app que recorriera los pa\u00edses de Europa mostrando informaci\u00f3n detallada de cada pa\u00eds que ven\u00eda en ese archivo. Se combinaba HTML, CSS y JavaScript sobre XML&#8230; El curso pasado s\u00f3lo conseguimos hacer alg\u00fan esbozo pero este a\u00f1o los alumnxs del grupo de 1DAM &#8211; Alcobendas han conseguido construir esa app, haciendo un men\u00fa din\u00e1mico que obtuviese datos de cada pa\u00eds, obtiendo las posiciones de latitud y longitud que actualizan una peque\u00f1a funci\u00f3n de Google Maps y tambi\u00e9n, rizando el rizo, utilizando las librer\u00edas de chart.js para mostrar informaci\u00f3n gr\u00e1fica de etnias y religi\u00f3n. !!!HURRA!!!<\/p>\n<p><img loading=\"lazy\" decoding=\"async\" class=\"alignnone\" src=\"https:\/\/pbs.twimg.com\/media\/CGkOcw6WoAAX1Kr.jpg\" alt=\"\" width=\"600\" height=\"450\" \/><\/p>\n<p>En la \u00faltima clase he podido ense\u00f1arles el <a href=\"https:\/\/software.intel.com\/es-es\/html5\/tools\" target=\"_blank\"><strong>Intel XDK<\/strong><\/a> y hemos conseguido el APK&#8230; ahora la tienen instaladas en sus m\u00f3viles (Android) y ahora,\u00a0 est\u00e1 en Google Play Store con el nombre de <strong>EuropApp 1.0<\/strong> pod\u00e9is descargar y aprender un poco de geograf\u00eda ;-))<\/p>\n<p>&nbsp;<\/p>\n<p>&nbsp;<\/p>\n","protected":false},"excerpt":{"rendered":"<p>Este a\u00f1o, en el curso de 1\u00ba de DAM del Campus Norte de la UEM he podido avanzar en contenidos y llegar a la actividad final con tiempo suficiente para que los alumnxs construyeran&#46;&#46;&#46;<\/p>\n","protected":false},"author":1,"featured_media":0,"comment_status":"open","ping_status":"closed","sticky":false,"template":"","format":"standard","meta":{"footnotes":""},"categories":[65,5],"tags":[17,198,205,204,195,197,196,88],"class_list":["post-683","post","type-post","status-publish","format-standard","hentry","category-dam","category-lenguaje-de-marcas","tag-1o","tag-app","tag-europapp","tag-google-play-store","tag-html5","tag-intel-xdk","tag-javascript","tag-programacion"],"yoast_head":"<!-- This site is optimized with the Yoast SEO plugin v27.0 - https:\/\/yoast.com\/product\/yoast-seo-wordpress\/ -->\n<title>Tarea final en Lenguaje Marcas 1DAM - CampusAlcobendas &#8211; Blog Docente - David P\u00e9rez Alonso<\/title>\n<meta name=\"robots\" content=\"index, follow, max-snippet:-1, max-image-preview:large, max-video-preview:-1\" \/>\n<link rel=\"canonical\" href=\"https:\/\/davidperezalonso.com\/blog\/tarea-final-en-lenguaje-marcas-1dam-campusalcobendas\/\" \/>\n<meta property=\"og:locale\" content=\"es_ES\" \/>\n<meta property=\"og:type\" content=\"article\" \/>\n<meta property=\"og:title\" content=\"Tarea final en Lenguaje Marcas 1DAM - CampusAlcobendas &#8211; Blog Docente - David P\u00e9rez Alonso\" \/>\n<meta property=\"og:description\" content=\"Este a\u00f1o, en el curso de 1\u00ba de DAM del Campus Norte de la UEM he podido avanzar en contenidos y llegar a la actividad final con tiempo suficiente para que los alumnxs construyeran&#046;&#046;&#046;\" \/>\n<meta property=\"og:url\" content=\"https:\/\/davidperezalonso.com\/blog\/tarea-final-en-lenguaje-marcas-1dam-campusalcobendas\/\" \/>\n<meta property=\"og:site_name\" content=\"Blog Docente - David P\u00e9rez Alonso\" \/>\n<meta property=\"article:published_time\" content=\"2015-06-18T06:49:28+00:00\" \/>\n<meta property=\"og:image\" content=\"https:\/\/pbs.twimg.com\/media\/CGkOcw6WoAAX1Kr.jpg\" \/>\n<meta name=\"author\" content=\"admin\" \/>\n<meta name=\"twitter:card\" content=\"summary_large_image\" \/>\n<meta name=\"twitter:creator\" content=\"@DavidPerezProfe\" \/>\n<meta name=\"twitter:site\" content=\"@DavidPerezProfe\" \/>\n<meta name=\"twitter:label1\" content=\"Escrito por\" \/>\n\t<meta name=\"twitter:data1\" content=\"admin\" \/>\n\t<meta name=\"twitter:label2\" content=\"Tiempo de lectura\" \/>\n\t<meta name=\"twitter:data2\" content=\"2 minutos\" \/>\n<script type=\"application\/ld+json\" class=\"yoast-schema-graph\">{\"@context\":\"https:\/\/schema.org\",\"@graph\":[{\"@type\":\"Article\",\"@id\":\"https:\/\/davidperezalonso.com\/blog\/tarea-final-en-lenguaje-marcas-1dam-campusalcobendas\/#article\",\"isPartOf\":{\"@id\":\"https:\/\/davidperezalonso.com\/blog\/tarea-final-en-lenguaje-marcas-1dam-campusalcobendas\/\"},\"author\":{\"name\":\"admin\",\"@id\":\"https:\/\/davidperezalonso.com\/blog\/#\/schema\/person\/1db0dd27700572c6ed41e705a69f7fc3\"},\"headline\":\"Tarea final en Lenguaje Marcas 1DAM &#8211; CampusAlcobendas\",\"datePublished\":\"2015-06-18T06:49:28+00:00\",\"mainEntityOfPage\":{\"@id\":\"https:\/\/davidperezalonso.com\/blog\/tarea-final-en-lenguaje-marcas-1dam-campusalcobendas\/\"},\"wordCount\":415,\"commentCount\":2,\"image\":{\"@id\":\"https:\/\/davidperezalonso.com\/blog\/tarea-final-en-lenguaje-marcas-1dam-campusalcobendas\/#primaryimage\"},\"thumbnailUrl\":\"https:\/\/pbs.twimg.com\/media\/CGkOcw6WoAAX1Kr.jpg\",\"keywords\":[\"1\u00ba\",\"App\",\"EuropApp\",\"Google Play Store\",\"HTML5\",\"Intel XDK\",\"JavaScript\",\"programaci\u00f3n\"],\"articleSection\":[\"DAM\",\"Lenguaje de Marcas\"],\"inLanguage\":\"es\",\"potentialAction\":[{\"@type\":\"CommentAction\",\"name\":\"Comment\",\"target\":[\"https:\/\/davidperezalonso.com\/blog\/tarea-final-en-lenguaje-marcas-1dam-campusalcobendas\/#respond\"]}]},{\"@type\":\"WebPage\",\"@id\":\"https:\/\/davidperezalonso.com\/blog\/tarea-final-en-lenguaje-marcas-1dam-campusalcobendas\/\",\"url\":\"https:\/\/davidperezalonso.com\/blog\/tarea-final-en-lenguaje-marcas-1dam-campusalcobendas\/\",\"name\":\"Tarea final en Lenguaje Marcas 1DAM - CampusAlcobendas &#8211; Blog Docente - David P\u00e9rez Alonso\",\"isPartOf\":{\"@id\":\"https:\/\/davidperezalonso.com\/blog\/#website\"},\"primaryImageOfPage\":{\"@id\":\"https:\/\/davidperezalonso.com\/blog\/tarea-final-en-lenguaje-marcas-1dam-campusalcobendas\/#primaryimage\"},\"image\":{\"@id\":\"https:\/\/davidperezalonso.com\/blog\/tarea-final-en-lenguaje-marcas-1dam-campusalcobendas\/#primaryimage\"},\"thumbnailUrl\":\"https:\/\/pbs.twimg.com\/media\/CGkOcw6WoAAX1Kr.jpg\",\"datePublished\":\"2015-06-18T06:49:28+00:00\",\"author\":{\"@id\":\"https:\/\/davidperezalonso.com\/blog\/#\/schema\/person\/1db0dd27700572c6ed41e705a69f7fc3\"},\"breadcrumb\":{\"@id\":\"https:\/\/davidperezalonso.com\/blog\/tarea-final-en-lenguaje-marcas-1dam-campusalcobendas\/#breadcrumb\"},\"inLanguage\":\"es\",\"potentialAction\":[{\"@type\":\"ReadAction\",\"target\":[\"https:\/\/davidperezalonso.com\/blog\/tarea-final-en-lenguaje-marcas-1dam-campusalcobendas\/\"]}]},{\"@type\":\"ImageObject\",\"inLanguage\":\"es\",\"@id\":\"https:\/\/davidperezalonso.com\/blog\/tarea-final-en-lenguaje-marcas-1dam-campusalcobendas\/#primaryimage\",\"url\":\"https:\/\/pbs.twimg.com\/media\/CGkOcw6WoAAX1Kr.jpg\",\"contentUrl\":\"https:\/\/pbs.twimg.com\/media\/CGkOcw6WoAAX1Kr.jpg\"},{\"@type\":\"BreadcrumbList\",\"@id\":\"https:\/\/davidperezalonso.com\/blog\/tarea-final-en-lenguaje-marcas-1dam-campusalcobendas\/#breadcrumb\",\"itemListElement\":[{\"@type\":\"ListItem\",\"position\":1,\"name\":\"Portada\",\"item\":\"https:\/\/davidperezalonso.com\/blog\/\"},{\"@type\":\"ListItem\",\"position\":2,\"name\":\"Tarea final en Lenguaje Marcas 1DAM &#8211; CampusAlcobendas\"}]},{\"@type\":\"WebSite\",\"@id\":\"https:\/\/davidperezalonso.com\/blog\/#website\",\"url\":\"https:\/\/davidperezalonso.com\/blog\/\",\"name\":\"Blog Docente - David P\u00e9rez Alonso\",\"description\":\"Blog sobre mis clases y docencia en Formaci\u00f3n Profesional, Bachillerato y ESO\",\"potentialAction\":[{\"@type\":\"SearchAction\",\"target\":{\"@type\":\"EntryPoint\",\"urlTemplate\":\"https:\/\/davidperezalonso.com\/blog\/?s={search_term_string}\"},\"query-input\":{\"@type\":\"PropertyValueSpecification\",\"valueRequired\":true,\"valueName\":\"search_term_string\"}}],\"inLanguage\":\"es\"},{\"@type\":\"Person\",\"@id\":\"https:\/\/davidperezalonso.com\/blog\/#\/schema\/person\/1db0dd27700572c6ed41e705a69f7fc3\",\"name\":\"admin\",\"image\":{\"@type\":\"ImageObject\",\"inLanguage\":\"es\",\"@id\":\"https:\/\/davidperezalonso.com\/blog\/#\/schema\/person\/image\/\",\"url\":\"https:\/\/secure.gravatar.com\/avatar\/6da540181b6cb9cf154bdd6b50f2e5989f30a6be1d7ad004e44593af540b72dd?s=96&d=mm&r=g\",\"contentUrl\":\"https:\/\/secure.gravatar.com\/avatar\/6da540181b6cb9cf154bdd6b50f2e5989f30a6be1d7ad004e44593af540b72dd?s=96&d=mm&r=g\",\"caption\":\"admin\"},\"description\":\"Ingeniero T\u00e9cnico de Telecomunicaci\u00f3n (Especialidad en Sonido e Imagen) por la Universidad Polit\u00e9cnica de Madrid (1997). Experiencia laboral de siete a\u00f1os en el departamento de I+D de la multinacional LIPMAN (Hw\/Sw) pero cambi\u00f3 de nombre y ahora sabr\u00e9is de ella por VERIFONE. Despu\u00e9s trabaj\u00e9 unos 4 a\u00f1os en un centro de Formaci\u00f3n realizando cursos de formaci\u00f3n On-line y mixta en \u00e1reas relacionadas con la inform\u00e1tica, programaci\u00f3n web, I+D, etc. Desde el a\u00f1o 2010 pertenezco al Departamento de Inform\u00e1tica de la UEM como profesor de Ciclos Formativos de Grado Superior en STI y ASIR (\\\"teleco\\\" e inform\u00e1tica), as\u00ed que si est\u00e1is viendo este perfil, o bien sois compa\u00f1erxs o alumnxs.\"}]}<\/script>\n<!-- \/ Yoast SEO plugin. -->","yoast_head_json":{"title":"Tarea final en Lenguaje Marcas 1DAM - CampusAlcobendas &#8211; Blog Docente - David P\u00e9rez Alonso","robots":{"index":"index","follow":"follow","max-snippet":"max-snippet:-1","max-image-preview":"max-image-preview:large","max-video-preview":"max-video-preview:-1"},"canonical":"https:\/\/davidperezalonso.com\/blog\/tarea-final-en-lenguaje-marcas-1dam-campusalcobendas\/","og_locale":"es_ES","og_type":"article","og_title":"Tarea final en Lenguaje Marcas 1DAM - CampusAlcobendas &#8211; Blog Docente - David P\u00e9rez Alonso","og_description":"Este a\u00f1o, en el curso de 1\u00ba de DAM del Campus Norte de la UEM he podido avanzar en contenidos y llegar a la actividad final con tiempo suficiente para que los alumnxs construyeran&#46;&#46;&#46;","og_url":"https:\/\/davidperezalonso.com\/blog\/tarea-final-en-lenguaje-marcas-1dam-campusalcobendas\/","og_site_name":"Blog Docente - David P\u00e9rez Alonso","article_published_time":"2015-06-18T06:49:28+00:00","og_image":[{"url":"https:\/\/pbs.twimg.com\/media\/CGkOcw6WoAAX1Kr.jpg","type":"","width":"","height":""}],"author":"admin","twitter_card":"summary_large_image","twitter_creator":"@DavidPerezProfe","twitter_site":"@DavidPerezProfe","twitter_misc":{"Escrito por":"admin","Tiempo de lectura":"2 minutos"},"schema":{"@context":"https:\/\/schema.org","@graph":[{"@type":"Article","@id":"https:\/\/davidperezalonso.com\/blog\/tarea-final-en-lenguaje-marcas-1dam-campusalcobendas\/#article","isPartOf":{"@id":"https:\/\/davidperezalonso.com\/blog\/tarea-final-en-lenguaje-marcas-1dam-campusalcobendas\/"},"author":{"name":"admin","@id":"https:\/\/davidperezalonso.com\/blog\/#\/schema\/person\/1db0dd27700572c6ed41e705a69f7fc3"},"headline":"Tarea final en Lenguaje Marcas 1DAM &#8211; CampusAlcobendas","datePublished":"2015-06-18T06:49:28+00:00","mainEntityOfPage":{"@id":"https:\/\/davidperezalonso.com\/blog\/tarea-final-en-lenguaje-marcas-1dam-campusalcobendas\/"},"wordCount":415,"commentCount":2,"image":{"@id":"https:\/\/davidperezalonso.com\/blog\/tarea-final-en-lenguaje-marcas-1dam-campusalcobendas\/#primaryimage"},"thumbnailUrl":"https:\/\/pbs.twimg.com\/media\/CGkOcw6WoAAX1Kr.jpg","keywords":["1\u00ba","App","EuropApp","Google Play Store","HTML5","Intel XDK","JavaScript","programaci\u00f3n"],"articleSection":["DAM","Lenguaje de Marcas"],"inLanguage":"es","potentialAction":[{"@type":"CommentAction","name":"Comment","target":["https:\/\/davidperezalonso.com\/blog\/tarea-final-en-lenguaje-marcas-1dam-campusalcobendas\/#respond"]}]},{"@type":"WebPage","@id":"https:\/\/davidperezalonso.com\/blog\/tarea-final-en-lenguaje-marcas-1dam-campusalcobendas\/","url":"https:\/\/davidperezalonso.com\/blog\/tarea-final-en-lenguaje-marcas-1dam-campusalcobendas\/","name":"Tarea final en Lenguaje Marcas 1DAM - CampusAlcobendas &#8211; Blog Docente - David P\u00e9rez Alonso","isPartOf":{"@id":"https:\/\/davidperezalonso.com\/blog\/#website"},"primaryImageOfPage":{"@id":"https:\/\/davidperezalonso.com\/blog\/tarea-final-en-lenguaje-marcas-1dam-campusalcobendas\/#primaryimage"},"image":{"@id":"https:\/\/davidperezalonso.com\/blog\/tarea-final-en-lenguaje-marcas-1dam-campusalcobendas\/#primaryimage"},"thumbnailUrl":"https:\/\/pbs.twimg.com\/media\/CGkOcw6WoAAX1Kr.jpg","datePublished":"2015-06-18T06:49:28+00:00","author":{"@id":"https:\/\/davidperezalonso.com\/blog\/#\/schema\/person\/1db0dd27700572c6ed41e705a69f7fc3"},"breadcrumb":{"@id":"https:\/\/davidperezalonso.com\/blog\/tarea-final-en-lenguaje-marcas-1dam-campusalcobendas\/#breadcrumb"},"inLanguage":"es","potentialAction":[{"@type":"ReadAction","target":["https:\/\/davidperezalonso.com\/blog\/tarea-final-en-lenguaje-marcas-1dam-campusalcobendas\/"]}]},{"@type":"ImageObject","inLanguage":"es","@id":"https:\/\/davidperezalonso.com\/blog\/tarea-final-en-lenguaje-marcas-1dam-campusalcobendas\/#primaryimage","url":"https:\/\/pbs.twimg.com\/media\/CGkOcw6WoAAX1Kr.jpg","contentUrl":"https:\/\/pbs.twimg.com\/media\/CGkOcw6WoAAX1Kr.jpg"},{"@type":"BreadcrumbList","@id":"https:\/\/davidperezalonso.com\/blog\/tarea-final-en-lenguaje-marcas-1dam-campusalcobendas\/#breadcrumb","itemListElement":[{"@type":"ListItem","position":1,"name":"Portada","item":"https:\/\/davidperezalonso.com\/blog\/"},{"@type":"ListItem","position":2,"name":"Tarea final en Lenguaje Marcas 1DAM &#8211; CampusAlcobendas"}]},{"@type":"WebSite","@id":"https:\/\/davidperezalonso.com\/blog\/#website","url":"https:\/\/davidperezalonso.com\/blog\/","name":"Blog Docente - David P\u00e9rez Alonso","description":"Blog sobre mis clases y docencia en Formaci\u00f3n Profesional, Bachillerato y ESO","potentialAction":[{"@type":"SearchAction","target":{"@type":"EntryPoint","urlTemplate":"https:\/\/davidperezalonso.com\/blog\/?s={search_term_string}"},"query-input":{"@type":"PropertyValueSpecification","valueRequired":true,"valueName":"search_term_string"}}],"inLanguage":"es"},{"@type":"Person","@id":"https:\/\/davidperezalonso.com\/blog\/#\/schema\/person\/1db0dd27700572c6ed41e705a69f7fc3","name":"admin","image":{"@type":"ImageObject","inLanguage":"es","@id":"https:\/\/davidperezalonso.com\/blog\/#\/schema\/person\/image\/","url":"https:\/\/secure.gravatar.com\/avatar\/6da540181b6cb9cf154bdd6b50f2e5989f30a6be1d7ad004e44593af540b72dd?s=96&d=mm&r=g","contentUrl":"https:\/\/secure.gravatar.com\/avatar\/6da540181b6cb9cf154bdd6b50f2e5989f30a6be1d7ad004e44593af540b72dd?s=96&d=mm&r=g","caption":"admin"},"description":"Ingeniero T\u00e9cnico de Telecomunicaci\u00f3n (Especialidad en Sonido e Imagen) por la Universidad Polit\u00e9cnica de Madrid (1997). Experiencia laboral de siete a\u00f1os en el departamento de I+D de la multinacional LIPMAN (Hw\/Sw) pero cambi\u00f3 de nombre y ahora sabr\u00e9is de ella por VERIFONE. Despu\u00e9s trabaj\u00e9 unos 4 a\u00f1os en un centro de Formaci\u00f3n realizando cursos de formaci\u00f3n On-line y mixta en \u00e1reas relacionadas con la inform\u00e1tica, programaci\u00f3n web, I+D, etc. Desde el a\u00f1o 2010 pertenezco al Departamento de Inform\u00e1tica de la UEM como profesor de Ciclos Formativos de Grado Superior en STI y ASIR (\"teleco\" e inform\u00e1tica), as\u00ed que si est\u00e1is viendo este perfil, o bien sois compa\u00f1erxs o alumnxs."}]}},"_links":{"self":[{"href":"https:\/\/davidperezalonso.com\/blog\/wp-json\/wp\/v2\/posts\/683","targetHints":{"allow":["GET"]}}],"collection":[{"href":"https:\/\/davidperezalonso.com\/blog\/wp-json\/wp\/v2\/posts"}],"about":[{"href":"https:\/\/davidperezalonso.com\/blog\/wp-json\/wp\/v2\/types\/post"}],"author":[{"embeddable":true,"href":"https:\/\/davidperezalonso.com\/blog\/wp-json\/wp\/v2\/users\/1"}],"replies":[{"embeddable":true,"href":"https:\/\/davidperezalonso.com\/blog\/wp-json\/wp\/v2\/comments?post=683"}],"version-history":[{"count":2,"href":"https:\/\/davidperezalonso.com\/blog\/wp-json\/wp\/v2\/posts\/683\/revisions"}],"predecessor-version":[{"id":689,"href":"https:\/\/davidperezalonso.com\/blog\/wp-json\/wp\/v2\/posts\/683\/revisions\/689"}],"wp:attachment":[{"href":"https:\/\/davidperezalonso.com\/blog\/wp-json\/wp\/v2\/media?parent=683"}],"wp:term":[{"taxonomy":"category","embeddable":true,"href":"https:\/\/davidperezalonso.com\/blog\/wp-json\/wp\/v2\/categories?post=683"},{"taxonomy":"post_tag","embeddable":true,"href":"https:\/\/davidperezalonso.com\/blog\/wp-json\/wp\/v2\/tags?post=683"}],"curies":[{"name":"wp","href":"https:\/\/api.w.org\/{rel}","templated":true}]}}