{"id":708,"date":"2015-09-21T21:25:25","date_gmt":"2015-09-21T19:25:25","guid":{"rendered":"http:\/\/davidperezalonso.com\/blog\/?p=708"},"modified":"2015-09-21T21:25:25","modified_gmt":"2015-09-21T19:25:25","slug":"arrancamos-nuevo-curso","status":"publish","type":"post","link":"https:\/\/davidperezalonso.com\/blog\/arrancamos-nuevo-curso\/","title":{"rendered":"\u00a1Arrancamos nuevo curso!"},"content":{"rendered":"<p>Este pr\u00f3ximo mi\u00e9rcoles arrancamos nuevo curso de <strong>Ciclos Formativos de Grado Superior<\/strong> en el <strong>Centro Profesional<\/strong> de la <strong>Universidad Europea de Madrid<\/strong>. \u00a1Y ya van seis!<\/p>\n<p>Este a\u00f1o, el curso 15\/16, sin ning\u00fan puesto de gesti\u00f3n me dedicar\u00e9 a la docencia en los dos campus en los que la UEM tiene docencia de CFGS en el \u00e1rea de Inform\u00e1tica: el campus de Villaviciosa y el de Alcobendas. Repetir\u00e9 m\u00f3dulos formativos de otros cursos como <em><strong>Lenguaje de Marcas<\/strong><\/em>, <em><strong>Sistemas Inform\u00e1ticos, Fundamentos de Hardware, Sistemas de Gesti\u00f3n Empresarial<\/strong> <\/em>y debuto con uno nuevo, aunque sus contenidos me son muy familiares: <em><strong>Implantaci\u00f3n de Aplicaciones Web<\/strong><\/em>. As\u00ed que, en breve vuelvo a pisar el aula y tener contacto con los alumnos a los que ya di el curso pasado y otros nuevos que comenzar\u00e1n el pr\u00f3ximo d\u00eda 5 de octubre.<\/p>\n<p>Estoy a tope realizando tareas de actualizaci\u00f3n de contenidos en modo \u00abajuste fino\u00bb (el hardware y las tecnolog\u00edas va muy r\u00e1pido amigos), mejorando y ampliando actividades, preparando proyectos integradores&#8230; y nada, desenado empezar.<\/p>\n<p>Seguir\u00e9 informando&#8230;.<\/p>\n","protected":false},"excerpt":{"rendered":"<p>Este pr\u00f3ximo mi\u00e9rcoles arrancamos nuevo curso de Ciclos Formativos de Grado Superior en el Centro Profesional de la Universidad Europea de Madrid. \u00a1Y ya van seis! Este a\u00f1o, el curso 15\/16, sin ning\u00fan puesto&#46;&#46;&#46;<\/p>\n","protected":false},"author":1,"featured_media":0,"comment_status":"open","ping_status":"closed","sticky":false,"template":"","format":"standard","meta":{"footnotes":""},"categories":[3,65,173],"tags":[215],"class_list":["post-708","post","type-post","status-publish","format-standard","hentry","category-asir","category-dam","category-sobre-mi","tag-215"],"yoast_head":"<!-- This site is optimized with the Yoast SEO plugin v27.0 - https:\/\/yoast.com\/product\/yoast-seo-wordpress\/ -->\n<title>\u00a1Arrancamos nuevo curso! &#8211; Blog Docente - David P\u00e9rez Alonso<\/title>\n<meta name=\"robots\" content=\"index, follow, max-snippet:-1, max-image-preview:large, max-video-preview:-1\" \/>\n<link rel=\"canonical\" href=\"https:\/\/davidperezalonso.com\/blog\/arrancamos-nuevo-curso\/\" \/>\n<meta property=\"og:locale\" content=\"es_ES\" \/>\n<meta property=\"og:type\" content=\"article\" \/>\n<meta property=\"og:title\" content=\"\u00a1Arrancamos nuevo curso! &#8211; Blog Docente - David P\u00e9rez Alonso\" \/>\n<meta property=\"og:description\" content=\"Este pr\u00f3ximo mi\u00e9rcoles arrancamos nuevo curso de Ciclos Formativos de Grado Superior en el Centro Profesional de la Universidad Europea de Madrid. \u00a1Y ya van seis! Este a\u00f1o, el curso 15\/16, sin ning\u00fan puesto&#046;&#046;&#046;\" \/>\n<meta property=\"og:url\" content=\"https:\/\/davidperezalonso.com\/blog\/arrancamos-nuevo-curso\/\" \/>\n<meta property=\"og:site_name\" content=\"Blog Docente - David P\u00e9rez Alonso\" \/>\n<meta property=\"article:published_time\" content=\"2015-09-21T19:25:25+00:00\" \/>\n<meta name=\"author\" content=\"admin\" \/>\n<meta name=\"twitter:card\" content=\"summary_large_image\" \/>\n<meta name=\"twitter:creator\" content=\"@DavidPerezProfe\" \/>\n<meta name=\"twitter:site\" content=\"@DavidPerezProfe\" \/>\n<meta name=\"twitter:label1\" content=\"Escrito por\" \/>\n\t<meta name=\"twitter:data1\" content=\"admin\" \/>\n\t<meta name=\"twitter:label2\" content=\"Tiempo de lectura\" \/>\n\t<meta name=\"twitter:data2\" content=\"1 minuto\" \/>\n<script type=\"application\/ld+json\" class=\"yoast-schema-graph\">{\"@context\":\"https:\/\/schema.org\",\"@graph\":[{\"@type\":\"Article\",\"@id\":\"https:\/\/davidperezalonso.com\/blog\/arrancamos-nuevo-curso\/#article\",\"isPartOf\":{\"@id\":\"https:\/\/davidperezalonso.com\/blog\/arrancamos-nuevo-curso\/\"},\"author\":{\"name\":\"admin\",\"@id\":\"https:\/\/davidperezalonso.com\/blog\/#\/schema\/person\/1db0dd27700572c6ed41e705a69f7fc3\"},\"headline\":\"\u00a1Arrancamos nuevo curso!\",\"datePublished\":\"2015-09-21T19:25:25+00:00\",\"mainEntityOfPage\":{\"@id\":\"https:\/\/davidperezalonso.com\/blog\/arrancamos-nuevo-curso\/\"},\"wordCount\":188,\"commentCount\":0,\"keywords\":[\"15\/16\"],\"articleSection\":[\"ASIR\",\"DAM\",\"Sobre mi\"],\"inLanguage\":\"es\",\"potentialAction\":[{\"@type\":\"CommentAction\",\"name\":\"Comment\",\"target\":[\"https:\/\/davidperezalonso.com\/blog\/arrancamos-nuevo-curso\/#respond\"]}]},{\"@type\":\"WebPage\",\"@id\":\"https:\/\/davidperezalonso.com\/blog\/arrancamos-nuevo-curso\/\",\"url\":\"https:\/\/davidperezalonso.com\/blog\/arrancamos-nuevo-curso\/\",\"name\":\"\u00a1Arrancamos nuevo curso! &#8211; Blog Docente - David P\u00e9rez Alonso\",\"isPartOf\":{\"@id\":\"https:\/\/davidperezalonso.com\/blog\/#website\"},\"datePublished\":\"2015-09-21T19:25:25+00:00\",\"author\":{\"@id\":\"https:\/\/davidperezalonso.com\/blog\/#\/schema\/person\/1db0dd27700572c6ed41e705a69f7fc3\"},\"breadcrumb\":{\"@id\":\"https:\/\/davidperezalonso.com\/blog\/arrancamos-nuevo-curso\/#breadcrumb\"},\"inLanguage\":\"es\",\"potentialAction\":[{\"@type\":\"ReadAction\",\"target\":[\"https:\/\/davidperezalonso.com\/blog\/arrancamos-nuevo-curso\/\"]}]},{\"@type\":\"BreadcrumbList\",\"@id\":\"https:\/\/davidperezalonso.com\/blog\/arrancamos-nuevo-curso\/#breadcrumb\",\"itemListElement\":[{\"@type\":\"ListItem\",\"position\":1,\"name\":\"Portada\",\"item\":\"https:\/\/davidperezalonso.com\/blog\/\"},{\"@type\":\"ListItem\",\"position\":2,\"name\":\"\u00a1Arrancamos nuevo curso!\"}]},{\"@type\":\"WebSite\",\"@id\":\"https:\/\/davidperezalonso.com\/blog\/#website\",\"url\":\"https:\/\/davidperezalonso.com\/blog\/\",\"name\":\"Blog Docente - David P\u00e9rez Alonso\",\"description\":\"Blog sobre mis clases y docencia en Formaci\u00f3n Profesional, Bachillerato y ESO\",\"potentialAction\":[{\"@type\":\"SearchAction\",\"target\":{\"@type\":\"EntryPoint\",\"urlTemplate\":\"https:\/\/davidperezalonso.com\/blog\/?s={search_term_string}\"},\"query-input\":{\"@type\":\"PropertyValueSpecification\",\"valueRequired\":true,\"valueName\":\"search_term_string\"}}],\"inLanguage\":\"es\"},{\"@type\":\"Person\",\"@id\":\"https:\/\/davidperezalonso.com\/blog\/#\/schema\/person\/1db0dd27700572c6ed41e705a69f7fc3\",\"name\":\"admin\",\"image\":{\"@type\":\"ImageObject\",\"inLanguage\":\"es\",\"@id\":\"https:\/\/davidperezalonso.com\/blog\/#\/schema\/person\/image\/\",\"url\":\"https:\/\/secure.gravatar.com\/avatar\/6da540181b6cb9cf154bdd6b50f2e5989f30a6be1d7ad004e44593af540b72dd?s=96&d=mm&r=g\",\"contentUrl\":\"https:\/\/secure.gravatar.com\/avatar\/6da540181b6cb9cf154bdd6b50f2e5989f30a6be1d7ad004e44593af540b72dd?s=96&d=mm&r=g\",\"caption\":\"admin\"},\"description\":\"Ingeniero T\u00e9cnico de Telecomunicaci\u00f3n (Especialidad en Sonido e Imagen) por la Universidad Polit\u00e9cnica de Madrid (1997). Experiencia laboral de siete a\u00f1os en el departamento de I+D de la multinacional LIPMAN (Hw\/Sw) pero cambi\u00f3 de nombre y ahora sabr\u00e9is de ella por VERIFONE. Despu\u00e9s trabaj\u00e9 unos 4 a\u00f1os en un centro de Formaci\u00f3n realizando cursos de formaci\u00f3n On-line y mixta en \u00e1reas relacionadas con la inform\u00e1tica, programaci\u00f3n web, I+D, etc. Desde el a\u00f1o 2010 pertenezco al Departamento de Inform\u00e1tica de la UEM como profesor de Ciclos Formativos de Grado Superior en STI y ASIR (\\\"teleco\\\" e inform\u00e1tica), as\u00ed que si est\u00e1is viendo este perfil, o bien sois compa\u00f1erxs o alumnxs.\"}]}<\/script>\n<!-- \/ Yoast SEO plugin. -->","yoast_head_json":{"title":"\u00a1Arrancamos nuevo curso! &#8211; Blog Docente - David P\u00e9rez Alonso","robots":{"index":"index","follow":"follow","max-snippet":"max-snippet:-1","max-image-preview":"max-image-preview:large","max-video-preview":"max-video-preview:-1"},"canonical":"https:\/\/davidperezalonso.com\/blog\/arrancamos-nuevo-curso\/","og_locale":"es_ES","og_type":"article","og_title":"\u00a1Arrancamos nuevo curso! &#8211; Blog Docente - David P\u00e9rez Alonso","og_description":"Este pr\u00f3ximo mi\u00e9rcoles arrancamos nuevo curso de Ciclos Formativos de Grado Superior en el Centro Profesional de la Universidad Europea de Madrid. \u00a1Y ya van seis! Este a\u00f1o, el curso 15\/16, sin ning\u00fan puesto&#46;&#46;&#46;","og_url":"https:\/\/davidperezalonso.com\/blog\/arrancamos-nuevo-curso\/","og_site_name":"Blog Docente - David P\u00e9rez Alonso","article_published_time":"2015-09-21T19:25:25+00:00","author":"admin","twitter_card":"summary_large_image","twitter_creator":"@DavidPerezProfe","twitter_site":"@DavidPerezProfe","twitter_misc":{"Escrito por":"admin","Tiempo de lectura":"1 minuto"},"schema":{"@context":"https:\/\/schema.org","@graph":[{"@type":"Article","@id":"https:\/\/davidperezalonso.com\/blog\/arrancamos-nuevo-curso\/#article","isPartOf":{"@id":"https:\/\/davidperezalonso.com\/blog\/arrancamos-nuevo-curso\/"},"author":{"name":"admin","@id":"https:\/\/davidperezalonso.com\/blog\/#\/schema\/person\/1db0dd27700572c6ed41e705a69f7fc3"},"headline":"\u00a1Arrancamos nuevo curso!","datePublished":"2015-09-21T19:25:25+00:00","mainEntityOfPage":{"@id":"https:\/\/davidperezalonso.com\/blog\/arrancamos-nuevo-curso\/"},"wordCount":188,"commentCount":0,"keywords":["15\/16"],"articleSection":["ASIR","DAM","Sobre mi"],"inLanguage":"es","potentialAction":[{"@type":"CommentAction","name":"Comment","target":["https:\/\/davidperezalonso.com\/blog\/arrancamos-nuevo-curso\/#respond"]}]},{"@type":"WebPage","@id":"https:\/\/davidperezalonso.com\/blog\/arrancamos-nuevo-curso\/","url":"https:\/\/davidperezalonso.com\/blog\/arrancamos-nuevo-curso\/","name":"\u00a1Arrancamos nuevo curso! &#8211; Blog Docente - David P\u00e9rez Alonso","isPartOf":{"@id":"https:\/\/davidperezalonso.com\/blog\/#website"},"datePublished":"2015-09-21T19:25:25+00:00","author":{"@id":"https:\/\/davidperezalonso.com\/blog\/#\/schema\/person\/1db0dd27700572c6ed41e705a69f7fc3"},"breadcrumb":{"@id":"https:\/\/davidperezalonso.com\/blog\/arrancamos-nuevo-curso\/#breadcrumb"},"inLanguage":"es","potentialAction":[{"@type":"ReadAction","target":["https:\/\/davidperezalonso.com\/blog\/arrancamos-nuevo-curso\/"]}]},{"@type":"BreadcrumbList","@id":"https:\/\/davidperezalonso.com\/blog\/arrancamos-nuevo-curso\/#breadcrumb","itemListElement":[{"@type":"ListItem","position":1,"name":"Portada","item":"https:\/\/davidperezalonso.com\/blog\/"},{"@type":"ListItem","position":2,"name":"\u00a1Arrancamos nuevo curso!"}]},{"@type":"WebSite","@id":"https:\/\/davidperezalonso.com\/blog\/#website","url":"https:\/\/davidperezalonso.com\/blog\/","name":"Blog Docente - David P\u00e9rez Alonso","description":"Blog sobre mis clases y docencia en Formaci\u00f3n Profesional, Bachillerato y ESO","potentialAction":[{"@type":"SearchAction","target":{"@type":"EntryPoint","urlTemplate":"https:\/\/davidperezalonso.com\/blog\/?s={search_term_string}"},"query-input":{"@type":"PropertyValueSpecification","valueRequired":true,"valueName":"search_term_string"}}],"inLanguage":"es"},{"@type":"Person","@id":"https:\/\/davidperezalonso.com\/blog\/#\/schema\/person\/1db0dd27700572c6ed41e705a69f7fc3","name":"admin","image":{"@type":"ImageObject","inLanguage":"es","@id":"https:\/\/davidperezalonso.com\/blog\/#\/schema\/person\/image\/","url":"https:\/\/secure.gravatar.com\/avatar\/6da540181b6cb9cf154bdd6b50f2e5989f30a6be1d7ad004e44593af540b72dd?s=96&d=mm&r=g","contentUrl":"https:\/\/secure.gravatar.com\/avatar\/6da540181b6cb9cf154bdd6b50f2e5989f30a6be1d7ad004e44593af540b72dd?s=96&d=mm&r=g","caption":"admin"},"description":"Ingeniero T\u00e9cnico de Telecomunicaci\u00f3n (Especialidad en Sonido e Imagen) por la Universidad Polit\u00e9cnica de Madrid (1997). Experiencia laboral de siete a\u00f1os en el departamento de I+D de la multinacional LIPMAN (Hw\/Sw) pero cambi\u00f3 de nombre y ahora sabr\u00e9is de ella por VERIFONE. Despu\u00e9s trabaj\u00e9 unos 4 a\u00f1os en un centro de Formaci\u00f3n realizando cursos de formaci\u00f3n On-line y mixta en \u00e1reas relacionadas con la inform\u00e1tica, programaci\u00f3n web, I+D, etc. Desde el a\u00f1o 2010 pertenezco al Departamento de Inform\u00e1tica de la UEM como profesor de Ciclos Formativos de Grado Superior en STI y ASIR (\"teleco\" e inform\u00e1tica), as\u00ed que si est\u00e1is viendo este perfil, o bien sois compa\u00f1erxs o alumnxs."}]}},"_links":{"self":[{"href":"https:\/\/davidperezalonso.com\/blog\/wp-json\/wp\/v2\/posts\/708","targetHints":{"allow":["GET"]}}],"collection":[{"href":"https:\/\/davidperezalonso.com\/blog\/wp-json\/wp\/v2\/posts"}],"about":[{"href":"https:\/\/davidperezalonso.com\/blog\/wp-json\/wp\/v2\/types\/post"}],"author":[{"embeddable":true,"href":"https:\/\/davidperezalonso.com\/blog\/wp-json\/wp\/v2\/users\/1"}],"replies":[{"embeddable":true,"href":"https:\/\/davidperezalonso.com\/blog\/wp-json\/wp\/v2\/comments?post=708"}],"version-history":[{"count":1,"href":"https:\/\/davidperezalonso.com\/blog\/wp-json\/wp\/v2\/posts\/708\/revisions"}],"predecessor-version":[{"id":709,"href":"https:\/\/davidperezalonso.com\/blog\/wp-json\/wp\/v2\/posts\/708\/revisions\/709"}],"wp:attachment":[{"href":"https:\/\/davidperezalonso.com\/blog\/wp-json\/wp\/v2\/media?parent=708"}],"wp:term":[{"taxonomy":"category","embeddable":true,"href":"https:\/\/davidperezalonso.com\/blog\/wp-json\/wp\/v2\/categories?post=708"},{"taxonomy":"post_tag","embeddable":true,"href":"https:\/\/davidperezalonso.com\/blog\/wp-json\/wp\/v2\/tags?post=708"}],"curies":[{"name":"wp","href":"https:\/\/api.w.org\/{rel}","templated":true}]}}