{"id":711,"date":"2015-09-29T18:50:55","date_gmt":"2015-09-29T16:50:55","guid":{"rendered":"http:\/\/davidperezalonso.com\/blog\/?p=711"},"modified":"2015-09-29T18:50:55","modified_gmt":"2015-09-29T16:50:55","slug":"entrega-de-premios-pbs-curso-2014-15","status":"publish","type":"post","link":"https:\/\/davidperezalonso.com\/blog\/entrega-de-premios-pbs-curso-2014-15\/","title":{"rendered":"Entrega de Premios PBS Curso 2014-15"},"content":{"rendered":"<p>Ma\u00f1ana, mi\u00e9rcoles 30 de septiembre, a las 16:00h en el Auditorio del Edificio B del Campus de Villaviciosa de la UEM se realizar\u00e1 la entrega de premios de los <strong>proyectos integrados del curso acad\u00e9mico 2014-15. <\/strong>Ya os he hablado en muchas ocasiones sobre estos proyectos integradores que involucran a varios m\u00f3dulos formativos y donde desarrollamos la metodolog\u00eda de Aprendizaje Basado en Proyectos.<\/p>\n<p><img loading=\"lazy\" decoding=\"async\" class=\"alignnone\" src=\"http:\/\/projectbasedschool.universidadeuropea.es\/img\/noticia\/4483_PREMIOS.jpg\" alt=\"\" width=\"644\" height=\"362\" \/><\/p>\n<p>En este link aparecen todos los proyectos finalistas de las diferentes \u00e1reas del \u00e1rea de Grados en\u00a0Ingenieria ( Inform\u00e1tica,Telecomunicacones, Industriales, Civil y Aeroespacial)\u00a0\u00a0y de Ciclos Formativos de Grado Superior son los siguientes: <a href=\"http:\/\/projectbasedschool.universidadeuropea.es\/find\/finalista-premios-PBES-2015\/308\">http:\/\/projectbasedschool.universidadeuropea.es\/find\/finalista-premios-PBES-2015\/308<\/a><\/p>\n<p>Los de CFGS son:<\/p>\n<p><a href=\"http:\/\/projectbasedschool.universidadeuropea.es\/escuela\/estudiantes\/pbs\/Health2\/0\/32\/124\/10309\">Health2<\/a> 2ASIR &#8211; Sistema y Servicios Inform\u00e1ticos de una cl\u00ednica<\/p>\n<p><a href=\"http:\/\/projectbasedschool.universidadeuropea.es\/escuela\/estudiantes\/pbs\/Memorit\/0\/32\/88\/10154\">Memorit<\/a> 2DAM &#8211; App Educativa<\/p>\n<p><a href=\"http:\/\/projectbasedschool.universidadeuropea.es\/escuela\/estudiantes\/pbs\/Base+de+datos+de+materiales+de+construcci%F3n\/0\/32\/124\/10310\">Base de datos de materiales de construcci\u00f3n<\/a> &#8211; 1DAM<\/p>\n<p>Entre los tres finalistas de Ciclos no tengo una participaci\u00f3n activa como profe, aunque bueno, cuando era Coordinador Acad\u00e9mico el curso pasado s\u00ed que daba la matraca a los profes y a los alumnos con la elaboraci\u00f3n de la metodolog\u00eda, el dise\u00f1o y la elaboraci\u00f3n, etc, etc&#8230; as\u00ed que, en cierta medida algo tengo que ver. \u00a1Mucha suerte!<\/p>\n<p><strong>Durante la sesi\u00f3n de entrega de premios, votar\u00e1n en directo los representantes de las empresas que har\u00e1n de jurado <\/strong>para cada\u00a0\u00e1rea\u00a0el que mayor n\u00famero de votos obtenga ser\u00e1 el ganador para su \u00e1rea.<\/p>\n<p>Las empresas que participaran en la Jornada ser\u00e1n :<\/p>\n<p>&#8211; EVERIS<\/p>\n<p>&#8211; C.O.I.T.I.M<\/p>\n<p>&#8211; C.O.I.T.O.P<\/p>\n<p>&#8211; UNISYS<\/p>\n<p>&#8211; cInk EMPRENDE<\/p>\n<p>&#8211; VASS Consultor\u00eda de Sistemas<\/p>\n<p>&#8211; GOOGLE<\/p>\n<p>&#8211; Centro de Referencia Estatal de Autonomia Personal y Ayudas T\u00e9cnicas C.E.A.P.AT<\/p>\n<p>&#8211; Centro de Referencia Estatal de Atenci\u00f3n al Da\u00f1o Cerebral C.E.A.D.A.C<\/p>\n<p>&#8211; Centro de Normalizaci\u00f3n de la Lengua de Signos Espa\u00f1ola<\/p>\n","protected":false},"excerpt":{"rendered":"<p>Ma\u00f1ana, mi\u00e9rcoles 30 de septiembre, a las 16:00h en el Auditorio del Edificio B del Campus de Villaviciosa de la UEM se realizar\u00e1 la entrega de premios de los proyectos integrados del curso acad\u00e9mico&#46;&#46;&#46;<\/p>\n","protected":false},"author":1,"featured_media":0,"comment_status":"open","ping_status":"closed","sticky":false,"template":"","format":"standard","meta":{"footnotes":""},"categories":[79,3,65,71,10],"tags":[165,132,183,164],"class_list":["post-711","post","type-post","status-publish","format-standard","hentry","category-alumnxs","category-asir","category-dam","category-proyectos","category-uem","tag-pbe","tag-pbes","tag-proyecto-integrador","tag-proyectos-integradores"],"yoast_head":"<!-- This site is optimized with the Yoast SEO plugin v27.0 - https:\/\/yoast.com\/product\/yoast-seo-wordpress\/ -->\n<title>Entrega de Premios PBS Curso 2014-15 &#8211; Blog Docente - David P\u00e9rez Alonso<\/title>\n<meta name=\"robots\" content=\"index, follow, max-snippet:-1, max-image-preview:large, max-video-preview:-1\" \/>\n<link rel=\"canonical\" href=\"https:\/\/davidperezalonso.com\/blog\/entrega-de-premios-pbs-curso-2014-15\/\" \/>\n<meta property=\"og:locale\" content=\"es_ES\" \/>\n<meta property=\"og:type\" content=\"article\" \/>\n<meta property=\"og:title\" content=\"Entrega de Premios PBS Curso 2014-15 &#8211; Blog Docente - David P\u00e9rez Alonso\" \/>\n<meta property=\"og:description\" content=\"Ma\u00f1ana, mi\u00e9rcoles 30 de septiembre, a las 16:00h en el Auditorio del Edificio B del Campus de Villaviciosa de la UEM se realizar\u00e1 la entrega de premios de los proyectos integrados del curso acad\u00e9mico&#046;&#046;&#046;\" \/>\n<meta property=\"og:url\" content=\"https:\/\/davidperezalonso.com\/blog\/entrega-de-premios-pbs-curso-2014-15\/\" \/>\n<meta property=\"og:site_name\" content=\"Blog Docente - David P\u00e9rez Alonso\" \/>\n<meta property=\"article:published_time\" content=\"2015-09-29T16:50:55+00:00\" \/>\n<meta property=\"og:image\" content=\"http:\/\/projectbasedschool.universidadeuropea.es\/img\/noticia\/4483_PREMIOS.jpg\" \/>\n<meta name=\"author\" content=\"admin\" \/>\n<meta name=\"twitter:card\" content=\"summary_large_image\" \/>\n<meta name=\"twitter:creator\" content=\"@DavidPerezProfe\" \/>\n<meta name=\"twitter:site\" content=\"@DavidPerezProfe\" \/>\n<meta name=\"twitter:label1\" content=\"Escrito por\" \/>\n\t<meta name=\"twitter:data1\" content=\"admin\" \/>\n\t<meta name=\"twitter:label2\" content=\"Tiempo de lectura\" \/>\n\t<meta name=\"twitter:data2\" content=\"2 minutos\" \/>\n<script type=\"application\/ld+json\" class=\"yoast-schema-graph\">{\"@context\":\"https:\/\/schema.org\",\"@graph\":[{\"@type\":\"Article\",\"@id\":\"https:\/\/davidperezalonso.com\/blog\/entrega-de-premios-pbs-curso-2014-15\/#article\",\"isPartOf\":{\"@id\":\"https:\/\/davidperezalonso.com\/blog\/entrega-de-premios-pbs-curso-2014-15\/\"},\"author\":{\"name\":\"admin\",\"@id\":\"https:\/\/davidperezalonso.com\/blog\/#\/schema\/person\/1db0dd27700572c6ed41e705a69f7fc3\"},\"headline\":\"Entrega de Premios PBS Curso 2014-15\",\"datePublished\":\"2015-09-29T16:50:55+00:00\",\"mainEntityOfPage\":{\"@id\":\"https:\/\/davidperezalonso.com\/blog\/entrega-de-premios-pbs-curso-2014-15\/\"},\"wordCount\":332,\"commentCount\":0,\"image\":{\"@id\":\"https:\/\/davidperezalonso.com\/blog\/entrega-de-premios-pbs-curso-2014-15\/#primaryimage\"},\"thumbnailUrl\":\"http:\/\/projectbasedschool.universidadeuropea.es\/img\/noticia\/4483_PREMIOS.jpg\",\"keywords\":[\"PBE\",\"PBES\",\"Proyecto Integrador\",\"proyectos integradores\"],\"articleSection\":[\"alumnxs\",\"ASIR\",\"DAM\",\"Proyectos\",\"UEM\"],\"inLanguage\":\"es\",\"potentialAction\":[{\"@type\":\"CommentAction\",\"name\":\"Comment\",\"target\":[\"https:\/\/davidperezalonso.com\/blog\/entrega-de-premios-pbs-curso-2014-15\/#respond\"]}]},{\"@type\":\"WebPage\",\"@id\":\"https:\/\/davidperezalonso.com\/blog\/entrega-de-premios-pbs-curso-2014-15\/\",\"url\":\"https:\/\/davidperezalonso.com\/blog\/entrega-de-premios-pbs-curso-2014-15\/\",\"name\":\"Entrega de Premios PBS Curso 2014-15 &#8211; Blog Docente - David P\u00e9rez Alonso\",\"isPartOf\":{\"@id\":\"https:\/\/davidperezalonso.com\/blog\/#website\"},\"primaryImageOfPage\":{\"@id\":\"https:\/\/davidperezalonso.com\/blog\/entrega-de-premios-pbs-curso-2014-15\/#primaryimage\"},\"image\":{\"@id\":\"https:\/\/davidperezalonso.com\/blog\/entrega-de-premios-pbs-curso-2014-15\/#primaryimage\"},\"thumbnailUrl\":\"http:\/\/projectbasedschool.universidadeuropea.es\/img\/noticia\/4483_PREMIOS.jpg\",\"datePublished\":\"2015-09-29T16:50:55+00:00\",\"author\":{\"@id\":\"https:\/\/davidperezalonso.com\/blog\/#\/schema\/person\/1db0dd27700572c6ed41e705a69f7fc3\"},\"breadcrumb\":{\"@id\":\"https:\/\/davidperezalonso.com\/blog\/entrega-de-premios-pbs-curso-2014-15\/#breadcrumb\"},\"inLanguage\":\"es\",\"potentialAction\":[{\"@type\":\"ReadAction\",\"target\":[\"https:\/\/davidperezalonso.com\/blog\/entrega-de-premios-pbs-curso-2014-15\/\"]}]},{\"@type\":\"ImageObject\",\"inLanguage\":\"es\",\"@id\":\"https:\/\/davidperezalonso.com\/blog\/entrega-de-premios-pbs-curso-2014-15\/#primaryimage\",\"url\":\"http:\/\/projectbasedschool.universidadeuropea.es\/img\/noticia\/4483_PREMIOS.jpg\",\"contentUrl\":\"http:\/\/projectbasedschool.universidadeuropea.es\/img\/noticia\/4483_PREMIOS.jpg\"},{\"@type\":\"BreadcrumbList\",\"@id\":\"https:\/\/davidperezalonso.com\/blog\/entrega-de-premios-pbs-curso-2014-15\/#breadcrumb\",\"itemListElement\":[{\"@type\":\"ListItem\",\"position\":1,\"name\":\"Portada\",\"item\":\"https:\/\/davidperezalonso.com\/blog\/\"},{\"@type\":\"ListItem\",\"position\":2,\"name\":\"Entrega de Premios PBS Curso 2014-15\"}]},{\"@type\":\"WebSite\",\"@id\":\"https:\/\/davidperezalonso.com\/blog\/#website\",\"url\":\"https:\/\/davidperezalonso.com\/blog\/\",\"name\":\"Blog Docente - David P\u00e9rez Alonso\",\"description\":\"Blog sobre mis clases y docencia en Formaci\u00f3n Profesional, Bachillerato y ESO\",\"potentialAction\":[{\"@type\":\"SearchAction\",\"target\":{\"@type\":\"EntryPoint\",\"urlTemplate\":\"https:\/\/davidperezalonso.com\/blog\/?s={search_term_string}\"},\"query-input\":{\"@type\":\"PropertyValueSpecification\",\"valueRequired\":true,\"valueName\":\"search_term_string\"}}],\"inLanguage\":\"es\"},{\"@type\":\"Person\",\"@id\":\"https:\/\/davidperezalonso.com\/blog\/#\/schema\/person\/1db0dd27700572c6ed41e705a69f7fc3\",\"name\":\"admin\",\"image\":{\"@type\":\"ImageObject\",\"inLanguage\":\"es\",\"@id\":\"https:\/\/davidperezalonso.com\/blog\/#\/schema\/person\/image\/\",\"url\":\"https:\/\/secure.gravatar.com\/avatar\/6da540181b6cb9cf154bdd6b50f2e5989f30a6be1d7ad004e44593af540b72dd?s=96&d=mm&r=g\",\"contentUrl\":\"https:\/\/secure.gravatar.com\/avatar\/6da540181b6cb9cf154bdd6b50f2e5989f30a6be1d7ad004e44593af540b72dd?s=96&d=mm&r=g\",\"caption\":\"admin\"},\"description\":\"Ingeniero T\u00e9cnico de Telecomunicaci\u00f3n (Especialidad en Sonido e Imagen) por la Universidad Polit\u00e9cnica de Madrid (1997). Experiencia laboral de siete a\u00f1os en el departamento de I+D de la multinacional LIPMAN (Hw\/Sw) pero cambi\u00f3 de nombre y ahora sabr\u00e9is de ella por VERIFONE. Despu\u00e9s trabaj\u00e9 unos 4 a\u00f1os en un centro de Formaci\u00f3n realizando cursos de formaci\u00f3n On-line y mixta en \u00e1reas relacionadas con la inform\u00e1tica, programaci\u00f3n web, I+D, etc. Desde el a\u00f1o 2010 pertenezco al Departamento de Inform\u00e1tica de la UEM como profesor de Ciclos Formativos de Grado Superior en STI y ASIR (\\\"teleco\\\" e inform\u00e1tica), as\u00ed que si est\u00e1is viendo este perfil, o bien sois compa\u00f1erxs o alumnxs.\"}]}<\/script>\n<!-- \/ Yoast SEO plugin. -->","yoast_head_json":{"title":"Entrega de Premios PBS Curso 2014-15 &#8211; Blog Docente - David P\u00e9rez Alonso","robots":{"index":"index","follow":"follow","max-snippet":"max-snippet:-1","max-image-preview":"max-image-preview:large","max-video-preview":"max-video-preview:-1"},"canonical":"https:\/\/davidperezalonso.com\/blog\/entrega-de-premios-pbs-curso-2014-15\/","og_locale":"es_ES","og_type":"article","og_title":"Entrega de Premios PBS Curso 2014-15 &#8211; Blog Docente - David P\u00e9rez Alonso","og_description":"Ma\u00f1ana, mi\u00e9rcoles 30 de septiembre, a las 16:00h en el Auditorio del Edificio B del Campus de Villaviciosa de la UEM se realizar\u00e1 la entrega de premios de los proyectos integrados del curso acad\u00e9mico&#46;&#46;&#46;","og_url":"https:\/\/davidperezalonso.com\/blog\/entrega-de-premios-pbs-curso-2014-15\/","og_site_name":"Blog Docente - David P\u00e9rez Alonso","article_published_time":"2015-09-29T16:50:55+00:00","og_image":[{"url":"http:\/\/projectbasedschool.universidadeuropea.es\/img\/noticia\/4483_PREMIOS.jpg","type":"","width":"","height":""}],"author":"admin","twitter_card":"summary_large_image","twitter_creator":"@DavidPerezProfe","twitter_site":"@DavidPerezProfe","twitter_misc":{"Escrito por":"admin","Tiempo de lectura":"2 minutos"},"schema":{"@context":"https:\/\/schema.org","@graph":[{"@type":"Article","@id":"https:\/\/davidperezalonso.com\/blog\/entrega-de-premios-pbs-curso-2014-15\/#article","isPartOf":{"@id":"https:\/\/davidperezalonso.com\/blog\/entrega-de-premios-pbs-curso-2014-15\/"},"author":{"name":"admin","@id":"https:\/\/davidperezalonso.com\/blog\/#\/schema\/person\/1db0dd27700572c6ed41e705a69f7fc3"},"headline":"Entrega de Premios PBS Curso 2014-15","datePublished":"2015-09-29T16:50:55+00:00","mainEntityOfPage":{"@id":"https:\/\/davidperezalonso.com\/blog\/entrega-de-premios-pbs-curso-2014-15\/"},"wordCount":332,"commentCount":0,"image":{"@id":"https:\/\/davidperezalonso.com\/blog\/entrega-de-premios-pbs-curso-2014-15\/#primaryimage"},"thumbnailUrl":"http:\/\/projectbasedschool.universidadeuropea.es\/img\/noticia\/4483_PREMIOS.jpg","keywords":["PBE","PBES","Proyecto Integrador","proyectos integradores"],"articleSection":["alumnxs","ASIR","DAM","Proyectos","UEM"],"inLanguage":"es","potentialAction":[{"@type":"CommentAction","name":"Comment","target":["https:\/\/davidperezalonso.com\/blog\/entrega-de-premios-pbs-curso-2014-15\/#respond"]}]},{"@type":"WebPage","@id":"https:\/\/davidperezalonso.com\/blog\/entrega-de-premios-pbs-curso-2014-15\/","url":"https:\/\/davidperezalonso.com\/blog\/entrega-de-premios-pbs-curso-2014-15\/","name":"Entrega de Premios PBS Curso 2014-15 &#8211; Blog Docente - David P\u00e9rez Alonso","isPartOf":{"@id":"https:\/\/davidperezalonso.com\/blog\/#website"},"primaryImageOfPage":{"@id":"https:\/\/davidperezalonso.com\/blog\/entrega-de-premios-pbs-curso-2014-15\/#primaryimage"},"image":{"@id":"https:\/\/davidperezalonso.com\/blog\/entrega-de-premios-pbs-curso-2014-15\/#primaryimage"},"thumbnailUrl":"http:\/\/projectbasedschool.universidadeuropea.es\/img\/noticia\/4483_PREMIOS.jpg","datePublished":"2015-09-29T16:50:55+00:00","author":{"@id":"https:\/\/davidperezalonso.com\/blog\/#\/schema\/person\/1db0dd27700572c6ed41e705a69f7fc3"},"breadcrumb":{"@id":"https:\/\/davidperezalonso.com\/blog\/entrega-de-premios-pbs-curso-2014-15\/#breadcrumb"},"inLanguage":"es","potentialAction":[{"@type":"ReadAction","target":["https:\/\/davidperezalonso.com\/blog\/entrega-de-premios-pbs-curso-2014-15\/"]}]},{"@type":"ImageObject","inLanguage":"es","@id":"https:\/\/davidperezalonso.com\/blog\/entrega-de-premios-pbs-curso-2014-15\/#primaryimage","url":"http:\/\/projectbasedschool.universidadeuropea.es\/img\/noticia\/4483_PREMIOS.jpg","contentUrl":"http:\/\/projectbasedschool.universidadeuropea.es\/img\/noticia\/4483_PREMIOS.jpg"},{"@type":"BreadcrumbList","@id":"https:\/\/davidperezalonso.com\/blog\/entrega-de-premios-pbs-curso-2014-15\/#breadcrumb","itemListElement":[{"@type":"ListItem","position":1,"name":"Portada","item":"https:\/\/davidperezalonso.com\/blog\/"},{"@type":"ListItem","position":2,"name":"Entrega de Premios PBS Curso 2014-15"}]},{"@type":"WebSite","@id":"https:\/\/davidperezalonso.com\/blog\/#website","url":"https:\/\/davidperezalonso.com\/blog\/","name":"Blog Docente - David P\u00e9rez Alonso","description":"Blog sobre mis clases y docencia en Formaci\u00f3n Profesional, Bachillerato y ESO","potentialAction":[{"@type":"SearchAction","target":{"@type":"EntryPoint","urlTemplate":"https:\/\/davidperezalonso.com\/blog\/?s={search_term_string}"},"query-input":{"@type":"PropertyValueSpecification","valueRequired":true,"valueName":"search_term_string"}}],"inLanguage":"es"},{"@type":"Person","@id":"https:\/\/davidperezalonso.com\/blog\/#\/schema\/person\/1db0dd27700572c6ed41e705a69f7fc3","name":"admin","image":{"@type":"ImageObject","inLanguage":"es","@id":"https:\/\/davidperezalonso.com\/blog\/#\/schema\/person\/image\/","url":"https:\/\/secure.gravatar.com\/avatar\/6da540181b6cb9cf154bdd6b50f2e5989f30a6be1d7ad004e44593af540b72dd?s=96&d=mm&r=g","contentUrl":"https:\/\/secure.gravatar.com\/avatar\/6da540181b6cb9cf154bdd6b50f2e5989f30a6be1d7ad004e44593af540b72dd?s=96&d=mm&r=g","caption":"admin"},"description":"Ingeniero T\u00e9cnico de Telecomunicaci\u00f3n (Especialidad en Sonido e Imagen) por la Universidad Polit\u00e9cnica de Madrid (1997). Experiencia laboral de siete a\u00f1os en el departamento de I+D de la multinacional LIPMAN (Hw\/Sw) pero cambi\u00f3 de nombre y ahora sabr\u00e9is de ella por VERIFONE. Despu\u00e9s trabaj\u00e9 unos 4 a\u00f1os en un centro de Formaci\u00f3n realizando cursos de formaci\u00f3n On-line y mixta en \u00e1reas relacionadas con la inform\u00e1tica, programaci\u00f3n web, I+D, etc. Desde el a\u00f1o 2010 pertenezco al Departamento de Inform\u00e1tica de la UEM como profesor de Ciclos Formativos de Grado Superior en STI y ASIR (\"teleco\" e inform\u00e1tica), as\u00ed que si est\u00e1is viendo este perfil, o bien sois compa\u00f1erxs o alumnxs."}]}},"_links":{"self":[{"href":"https:\/\/davidperezalonso.com\/blog\/wp-json\/wp\/v2\/posts\/711","targetHints":{"allow":["GET"]}}],"collection":[{"href":"https:\/\/davidperezalonso.com\/blog\/wp-json\/wp\/v2\/posts"}],"about":[{"href":"https:\/\/davidperezalonso.com\/blog\/wp-json\/wp\/v2\/types\/post"}],"author":[{"embeddable":true,"href":"https:\/\/davidperezalonso.com\/blog\/wp-json\/wp\/v2\/users\/1"}],"replies":[{"embeddable":true,"href":"https:\/\/davidperezalonso.com\/blog\/wp-json\/wp\/v2\/comments?post=711"}],"version-history":[{"count":1,"href":"https:\/\/davidperezalonso.com\/blog\/wp-json\/wp\/v2\/posts\/711\/revisions"}],"predecessor-version":[{"id":712,"href":"https:\/\/davidperezalonso.com\/blog\/wp-json\/wp\/v2\/posts\/711\/revisions\/712"}],"wp:attachment":[{"href":"https:\/\/davidperezalonso.com\/blog\/wp-json\/wp\/v2\/media?parent=711"}],"wp:term":[{"taxonomy":"category","embeddable":true,"href":"https:\/\/davidperezalonso.com\/blog\/wp-json\/wp\/v2\/categories?post=711"},{"taxonomy":"post_tag","embeddable":true,"href":"https:\/\/davidperezalonso.com\/blog\/wp-json\/wp\/v2\/tags?post=711"}],"curies":[{"name":"wp","href":"https:\/\/api.w.org\/{rel}","templated":true}]}}