{"id":914,"date":"2017-01-09T19:56:44","date_gmt":"2017-01-09T18:56:44","guid":{"rendered":"http:\/\/davidperezalonso.com\/blog\/?p=914"},"modified":"2017-01-09T19:56:44","modified_gmt":"2017-01-09T18:56:44","slug":"primer-trimestre-en-lenguaje-de-marcas-1o-damp-u-tad-con-jaime-latorre","status":"publish","type":"post","link":"https:\/\/davidperezalonso.com\/blog\/primer-trimestre-en-lenguaje-de-marcas-1o-damp-u-tad-con-jaime-latorre\/","title":{"rendered":"Primer Trimestre en Lenguaje de Marcas 1\u00ba DAMP U-tad con Jaime Latorre"},"content":{"rendered":"<p class=\"x_MsoNormal\">Este curso, para ajustar las modificaciones que hemos realizado en el M\u00f3dulo formativo de <i>Lenguaje de Marcas<\/i> acorde al <a href=\"http:\/\/davidperezalonso.com\/blog\/proyecto-propio-ts-desarrollo-aplicaciones-multiplataforma-damp-en-utad\/\" target=\"_blank\"><b>Proyecto Propio de DAMP en U-tad<\/b><\/a>, hemos comenzado fuertes.<u><\/u><u><\/u><\/p>\n<p class=\"x_MsoNormal\"><b>Jaime Latorre,<\/b> el profesor de este primer trimestre, ha visto todos los contenidos de HTML5 y CSS3. Los alumnos han trabajado desde los conocimientos b\u00e1sicos hasta efectos de CSS m\u00e1s avanzados, haciendo especial hincapi\u00e9 en posicionamiento, uso de elementos sem\u00e1nticos HTML5 (header, footer, section, etc.) y validaci\u00f3n.<u><\/u><u><\/u><\/p>\n<p class=\"x_MsoNormal\">Adem\u00e1s, otra de las cosas importantes que los alumnos trabajan este primer trimestre en <i>Entornos de Desarrollo<\/i> con el profesor <b>Pedro Camacho<\/b>, es conocer e incorporar a su d\u00eda a d\u00eda como futuros desarrolladores, trabajar con el repositorio <a href=\"https:\/\/github.com\/\" target=\"_blank\">Github<\/a>, lo que nos ha permitido que una de las pr\u00e1cticas finales de los alumnos de 1\u00ba de DAMP, sea subir su CV a las <a href=\"https:\/\/pages.github.com\/\" target=\"_blank\"><strong>githubs pages<\/strong><\/a>, y que desde el primer momento, los alumnos trabajen su <strong>marca personal.<\/strong><u><\/u><u><\/u><\/p>\n<p class=\"x_MsoNormal\"><a href=\"http:\/\/davidperezalonso.com\/blog\/wp-content\/uploads\/2017\/01\/thumbnail_Sergio-Arranza-CV-Web.jpg\"><img loading=\"lazy\" decoding=\"async\" class=\"alignleft size-large wp-image-915\" src=\"http:\/\/davidperezalonso.com\/blog\/wp-content\/uploads\/2017\/01\/thumbnail_Sergio-Arranza-CV-Web-1024x763.jpg\" alt=\"\" width=\"584\" height=\"435\" srcset=\"https:\/\/davidperezalonso.com\/blog\/wp-content\/uploads\/2017\/01\/thumbnail_Sergio-Arranza-CV-Web-1024x763.jpg 1024w, https:\/\/davidperezalonso.com\/blog\/wp-content\/uploads\/2017\/01\/thumbnail_Sergio-Arranza-CV-Web-300x224.jpg 300w, https:\/\/davidperezalonso.com\/blog\/wp-content\/uploads\/2017\/01\/thumbnail_Sergio-Arranza-CV-Web-768x572.jpg 768w, https:\/\/davidperezalonso.com\/blog\/wp-content\/uploads\/2017\/01\/thumbnail_Sergio-Arranza-CV-Web-403x300.jpg 403w, https:\/\/davidperezalonso.com\/blog\/wp-content\/uploads\/2017\/01\/thumbnail_Sergio-Arranza-CV-Web.jpg 1197w\" sizes=\"auto, (max-width: 584px) 100vw, 584px\" \/><\/a><\/p>\n<p class=\"x_MsoNormal\"><u><\/u>\u00a0Aqu\u00ed destacamos algunos de los trabajos:<u><\/u><u><\/u><\/p>\n<p class=\"x_MsoNormal\">Rams\u00e9s D\u00edaz\u00a0 <a href=\"https:\/\/zombiuu.github.io\/\" target=\"_blank\">https:\/\/zombiuu.github.io\/<\/a><u><\/u><u><\/u><\/p>\n<p class=\"x_MsoNormal\">Sergio Arranz <a href=\"https:\/\/sergioarranz.github.io\/CV\/\" target=\"_blank\">https:\/\/sergioarranz.github.<wbr \/>io\/CV\/<\/a><u><\/u><u><\/u><\/p>\n<p class=\"x_MsoNormal\">Iv\u00e1n G\u00e1lvez \u00a0<a href=\"https:\/\/mixtomeister.github.io\/CV\/\" target=\"_blank\">https:\/\/mixtomeister.github.<wbr \/>io\/CV\/<\/a><u><\/u><u><\/u><\/p>\n<p class=\"x_MsoNormal\">Borja Alonso <a href=\"https:\/\/balonsom.github.io\/\" target=\"_blank\">https:\/\/balonsom.github.io\/<\/a><u><\/u><u><\/u><\/p>\n<p class=\"x_MsoNormal\">Alberto Jacinto\u00a0<a id=\"LPlnk722614\" href=\"https:\/\/neock96.github.io\/CV\/Index.html\" target=\"_blank\">https:\/\/neock96.github.io\/CV\/Index.html<\/a><\/p>\n<p class=\"x_MsoNormal\"><u><\/u>\u00a0En el segundo trimestre comenzar\u00e1n a ver aspectos de JavaScript, AJAX (por lo que a\u00fan continuar\u00e1n trabajando estas webs) y tambi\u00e9n avanzar\u00e1n en dominio de CSS avanzado como media queries para hacer dise\u00f1o adaptativo, web responsive y aplicaciones m\u00f3viles h\u00edbridas. Para esto, repartiremos las 4h a la semana en dos caminos paralelos con dos profesores: <strong>Jaime La Torre<\/strong> y <strong>Esther D\u00edaz<\/strong>.<u><\/u><u><\/u><\/p>\n<p class=\"x_MsoNormal\"><u><\/u>\u00a0Como planteamos en el <a href=\"http:\/\/davidperezalonso.com\/blog\/proyecto-propio-ts-desarrollo-aplicaciones-multiplataforma-damp-en-utad\/\" target=\"_blank\"><b>Proyecto Propio de DAMP en U-tad<\/b><\/a>, los nuevos desarrolladores multiplataforma deben tener m\u00e1s competencias y herramientas de programaci\u00f3n Web, y de ah\u00ed, que hayamos potenciado este m\u00f3dulo formativo.<u><\/u><u><\/u><\/p>\n<p class=\"x_MsoNormal\"><u><\/u><\/p>\n","protected":false},"excerpt":{"rendered":"<p>Este curso, para ajustar las modificaciones que hemos realizado en el M\u00f3dulo formativo de Lenguaje de Marcas acorde al Proyecto Propio de DAMP en U-tad, hemos comenzado fuertes. Jaime Latorre, el profesor de este&#46;&#46;&#46;<\/p>\n","protected":false},"author":1,"featured_media":915,"comment_status":"open","ping_status":"closed","sticky":false,"template":"","format":"standard","meta":{"footnotes":""},"categories":[79,65,5],"tags":[289,290,17,287,127,262,20,196,288,14,234],"class_list":["post-914","post","type-post","status-publish","format-standard","has-post-thumbnail","hentry","category-alumnxs","category-dam","category-lenguaje-de-marcas","tag-alumnosu_tad","tag-claustrou_tad","tag-1o","tag-cv","tag-desarrollo-de-software","tag-github","tag-html","tag-javascript","tag-marca-personal","tag-primer-trimestre","tag-web"],"yoast_head":"<!-- This site is optimized with the Yoast SEO plugin v27.0 - https:\/\/yoast.com\/product\/yoast-seo-wordpress\/ -->\n<title>Primer Trimestre en Lenguaje de Marcas 1\u00ba DAMP U-tad con Jaime Latorre &#8211; Blog Docente - David P\u00e9rez Alonso<\/title>\n<meta name=\"robots\" content=\"index, follow, max-snippet:-1, max-image-preview:large, max-video-preview:-1\" \/>\n<link rel=\"canonical\" href=\"https:\/\/davidperezalonso.com\/blog\/primer-trimestre-en-lenguaje-de-marcas-1o-damp-u-tad-con-jaime-latorre\/\" \/>\n<meta property=\"og:locale\" content=\"es_ES\" \/>\n<meta property=\"og:type\" content=\"article\" \/>\n<meta property=\"og:title\" content=\"Primer Trimestre en Lenguaje de Marcas 1\u00ba DAMP U-tad con Jaime Latorre &#8211; Blog Docente - David P\u00e9rez Alonso\" \/>\n<meta property=\"og:description\" content=\"Este curso, para ajustar las modificaciones que hemos realizado en el M\u00f3dulo formativo de Lenguaje de Marcas acorde al Proyecto Propio de DAMP en U-tad, hemos comenzado fuertes. Jaime Latorre, el profesor de este&#046;&#046;&#046;\" \/>\n<meta property=\"og:url\" content=\"https:\/\/davidperezalonso.com\/blog\/primer-trimestre-en-lenguaje-de-marcas-1o-damp-u-tad-con-jaime-latorre\/\" \/>\n<meta property=\"og:site_name\" content=\"Blog Docente - David P\u00e9rez Alonso\" \/>\n<meta property=\"article:published_time\" content=\"2017-01-09T18:56:44+00:00\" \/>\n<meta property=\"og:image\" content=\"https:\/\/davidperezalonso.com\/blog\/wp-content\/uploads\/2017\/01\/thumbnail_Sergio-Arranza-CV-Web.jpg\" \/>\n\t<meta property=\"og:image:width\" content=\"1197\" \/>\n\t<meta property=\"og:image:height\" content=\"892\" \/>\n\t<meta property=\"og:image:type\" content=\"image\/jpeg\" \/>\n<meta name=\"author\" content=\"admin\" \/>\n<meta name=\"twitter:card\" content=\"summary_large_image\" \/>\n<meta name=\"twitter:creator\" content=\"@DavidPerezProfe\" \/>\n<meta name=\"twitter:site\" content=\"@DavidPerezProfe\" \/>\n<meta name=\"twitter:label1\" content=\"Escrito por\" \/>\n\t<meta name=\"twitter:data1\" content=\"admin\" \/>\n\t<meta name=\"twitter:label2\" content=\"Tiempo de lectura\" \/>\n\t<meta name=\"twitter:data2\" content=\"2 minutos\" \/>\n<script type=\"application\/ld+json\" class=\"yoast-schema-graph\">{\"@context\":\"https:\/\/schema.org\",\"@graph\":[{\"@type\":\"Article\",\"@id\":\"https:\/\/davidperezalonso.com\/blog\/primer-trimestre-en-lenguaje-de-marcas-1o-damp-u-tad-con-jaime-latorre\/#article\",\"isPartOf\":{\"@id\":\"https:\/\/davidperezalonso.com\/blog\/primer-trimestre-en-lenguaje-de-marcas-1o-damp-u-tad-con-jaime-latorre\/\"},\"author\":{\"name\":\"admin\",\"@id\":\"https:\/\/davidperezalonso.com\/blog\/#\/schema\/person\/1db0dd27700572c6ed41e705a69f7fc3\"},\"headline\":\"Primer Trimestre en Lenguaje de Marcas 1\u00ba DAMP U-tad con Jaime Latorre\",\"datePublished\":\"2017-01-09T18:56:44+00:00\",\"mainEntityOfPage\":{\"@id\":\"https:\/\/davidperezalonso.com\/blog\/primer-trimestre-en-lenguaje-de-marcas-1o-damp-u-tad-con-jaime-latorre\/\"},\"wordCount\":321,\"commentCount\":0,\"image\":{\"@id\":\"https:\/\/davidperezalonso.com\/blog\/primer-trimestre-en-lenguaje-de-marcas-1o-damp-u-tad-con-jaime-latorre\/#primaryimage\"},\"thumbnailUrl\":\"https:\/\/davidperezalonso.com\/blog\/wp-content\/uploads\/2017\/01\/thumbnail_Sergio-Arranza-CV-Web.jpg\",\"keywords\":[\"#AlumnosU_tad\",\"#ClaustroU_tad\",\"1\u00ba\",\"CV\",\"desarrollo de software\",\"GitHub\",\"HTML\",\"JavaScript\",\"marca personal\",\"primer trimestre\",\"Web\"],\"articleSection\":[\"alumnxs\",\"DAM\",\"Lenguaje de Marcas\"],\"inLanguage\":\"es\",\"potentialAction\":[{\"@type\":\"CommentAction\",\"name\":\"Comment\",\"target\":[\"https:\/\/davidperezalonso.com\/blog\/primer-trimestre-en-lenguaje-de-marcas-1o-damp-u-tad-con-jaime-latorre\/#respond\"]}]},{\"@type\":\"WebPage\",\"@id\":\"https:\/\/davidperezalonso.com\/blog\/primer-trimestre-en-lenguaje-de-marcas-1o-damp-u-tad-con-jaime-latorre\/\",\"url\":\"https:\/\/davidperezalonso.com\/blog\/primer-trimestre-en-lenguaje-de-marcas-1o-damp-u-tad-con-jaime-latorre\/\",\"name\":\"Primer Trimestre en Lenguaje de Marcas 1\u00ba DAMP U-tad con Jaime Latorre &#8211; Blog Docente - David P\u00e9rez Alonso\",\"isPartOf\":{\"@id\":\"https:\/\/davidperezalonso.com\/blog\/#website\"},\"primaryImageOfPage\":{\"@id\":\"https:\/\/davidperezalonso.com\/blog\/primer-trimestre-en-lenguaje-de-marcas-1o-damp-u-tad-con-jaime-latorre\/#primaryimage\"},\"image\":{\"@id\":\"https:\/\/davidperezalonso.com\/blog\/primer-trimestre-en-lenguaje-de-marcas-1o-damp-u-tad-con-jaime-latorre\/#primaryimage\"},\"thumbnailUrl\":\"https:\/\/davidperezalonso.com\/blog\/wp-content\/uploads\/2017\/01\/thumbnail_Sergio-Arranza-CV-Web.jpg\",\"datePublished\":\"2017-01-09T18:56:44+00:00\",\"author\":{\"@id\":\"https:\/\/davidperezalonso.com\/blog\/#\/schema\/person\/1db0dd27700572c6ed41e705a69f7fc3\"},\"breadcrumb\":{\"@id\":\"https:\/\/davidperezalonso.com\/blog\/primer-trimestre-en-lenguaje-de-marcas-1o-damp-u-tad-con-jaime-latorre\/#breadcrumb\"},\"inLanguage\":\"es\",\"potentialAction\":[{\"@type\":\"ReadAction\",\"target\":[\"https:\/\/davidperezalonso.com\/blog\/primer-trimestre-en-lenguaje-de-marcas-1o-damp-u-tad-con-jaime-latorre\/\"]}]},{\"@type\":\"ImageObject\",\"inLanguage\":\"es\",\"@id\":\"https:\/\/davidperezalonso.com\/blog\/primer-trimestre-en-lenguaje-de-marcas-1o-damp-u-tad-con-jaime-latorre\/#primaryimage\",\"url\":\"https:\/\/davidperezalonso.com\/blog\/wp-content\/uploads\/2017\/01\/thumbnail_Sergio-Arranza-CV-Web.jpg\",\"contentUrl\":\"https:\/\/davidperezalonso.com\/blog\/wp-content\/uploads\/2017\/01\/thumbnail_Sergio-Arranza-CV-Web.jpg\",\"width\":1197,\"height\":892},{\"@type\":\"BreadcrumbList\",\"@id\":\"https:\/\/davidperezalonso.com\/blog\/primer-trimestre-en-lenguaje-de-marcas-1o-damp-u-tad-con-jaime-latorre\/#breadcrumb\",\"itemListElement\":[{\"@type\":\"ListItem\",\"position\":1,\"name\":\"Portada\",\"item\":\"https:\/\/davidperezalonso.com\/blog\/\"},{\"@type\":\"ListItem\",\"position\":2,\"name\":\"Primer Trimestre en Lenguaje de Marcas 1\u00ba DAMP U-tad con Jaime Latorre\"}]},{\"@type\":\"WebSite\",\"@id\":\"https:\/\/davidperezalonso.com\/blog\/#website\",\"url\":\"https:\/\/davidperezalonso.com\/blog\/\",\"name\":\"Blog Docente - David P\u00e9rez Alonso\",\"description\":\"Blog sobre mis clases y docencia en Formaci\u00f3n Profesional, Bachillerato y ESO\",\"potentialAction\":[{\"@type\":\"SearchAction\",\"target\":{\"@type\":\"EntryPoint\",\"urlTemplate\":\"https:\/\/davidperezalonso.com\/blog\/?s={search_term_string}\"},\"query-input\":{\"@type\":\"PropertyValueSpecification\",\"valueRequired\":true,\"valueName\":\"search_term_string\"}}],\"inLanguage\":\"es\"},{\"@type\":\"Person\",\"@id\":\"https:\/\/davidperezalonso.com\/blog\/#\/schema\/person\/1db0dd27700572c6ed41e705a69f7fc3\",\"name\":\"admin\",\"image\":{\"@type\":\"ImageObject\",\"inLanguage\":\"es\",\"@id\":\"https:\/\/davidperezalonso.com\/blog\/#\/schema\/person\/image\/\",\"url\":\"https:\/\/secure.gravatar.com\/avatar\/6da540181b6cb9cf154bdd6b50f2e5989f30a6be1d7ad004e44593af540b72dd?s=96&d=mm&r=g\",\"contentUrl\":\"https:\/\/secure.gravatar.com\/avatar\/6da540181b6cb9cf154bdd6b50f2e5989f30a6be1d7ad004e44593af540b72dd?s=96&d=mm&r=g\",\"caption\":\"admin\"},\"description\":\"Ingeniero T\u00e9cnico de Telecomunicaci\u00f3n (Especialidad en Sonido e Imagen) por la Universidad Polit\u00e9cnica de Madrid (1997). Experiencia laboral de siete a\u00f1os en el departamento de I+D de la multinacional LIPMAN (Hw\/Sw) pero cambi\u00f3 de nombre y ahora sabr\u00e9is de ella por VERIFONE. Despu\u00e9s trabaj\u00e9 unos 4 a\u00f1os en un centro de Formaci\u00f3n realizando cursos de formaci\u00f3n On-line y mixta en \u00e1reas relacionadas con la inform\u00e1tica, programaci\u00f3n web, I+D, etc. Desde el a\u00f1o 2010 pertenezco al Departamento de Inform\u00e1tica de la UEM como profesor de Ciclos Formativos de Grado Superior en STI y ASIR (\\\"teleco\\\" e inform\u00e1tica), as\u00ed que si est\u00e1is viendo este perfil, o bien sois compa\u00f1erxs o alumnxs.\"}]}<\/script>\n<!-- \/ Yoast SEO plugin. -->","yoast_head_json":{"title":"Primer Trimestre en Lenguaje de Marcas 1\u00ba DAMP U-tad con Jaime Latorre &#8211; Blog Docente - David P\u00e9rez Alonso","robots":{"index":"index","follow":"follow","max-snippet":"max-snippet:-1","max-image-preview":"max-image-preview:large","max-video-preview":"max-video-preview:-1"},"canonical":"https:\/\/davidperezalonso.com\/blog\/primer-trimestre-en-lenguaje-de-marcas-1o-damp-u-tad-con-jaime-latorre\/","og_locale":"es_ES","og_type":"article","og_title":"Primer Trimestre en Lenguaje de Marcas 1\u00ba DAMP U-tad con Jaime Latorre &#8211; Blog Docente - David P\u00e9rez Alonso","og_description":"Este curso, para ajustar las modificaciones que hemos realizado en el M\u00f3dulo formativo de Lenguaje de Marcas acorde al Proyecto Propio de DAMP en U-tad, hemos comenzado fuertes. Jaime Latorre, el profesor de este&#46;&#46;&#46;","og_url":"https:\/\/davidperezalonso.com\/blog\/primer-trimestre-en-lenguaje-de-marcas-1o-damp-u-tad-con-jaime-latorre\/","og_site_name":"Blog Docente - David P\u00e9rez Alonso","article_published_time":"2017-01-09T18:56:44+00:00","og_image":[{"width":1197,"height":892,"url":"https:\/\/davidperezalonso.com\/blog\/wp-content\/uploads\/2017\/01\/thumbnail_Sergio-Arranza-CV-Web.jpg","type":"image\/jpeg"}],"author":"admin","twitter_card":"summary_large_image","twitter_creator":"@DavidPerezProfe","twitter_site":"@DavidPerezProfe","twitter_misc":{"Escrito por":"admin","Tiempo de lectura":"2 minutos"},"schema":{"@context":"https:\/\/schema.org","@graph":[{"@type":"Article","@id":"https:\/\/davidperezalonso.com\/blog\/primer-trimestre-en-lenguaje-de-marcas-1o-damp-u-tad-con-jaime-latorre\/#article","isPartOf":{"@id":"https:\/\/davidperezalonso.com\/blog\/primer-trimestre-en-lenguaje-de-marcas-1o-damp-u-tad-con-jaime-latorre\/"},"author":{"name":"admin","@id":"https:\/\/davidperezalonso.com\/blog\/#\/schema\/person\/1db0dd27700572c6ed41e705a69f7fc3"},"headline":"Primer Trimestre en Lenguaje de Marcas 1\u00ba DAMP U-tad con Jaime Latorre","datePublished":"2017-01-09T18:56:44+00:00","mainEntityOfPage":{"@id":"https:\/\/davidperezalonso.com\/blog\/primer-trimestre-en-lenguaje-de-marcas-1o-damp-u-tad-con-jaime-latorre\/"},"wordCount":321,"commentCount":0,"image":{"@id":"https:\/\/davidperezalonso.com\/blog\/primer-trimestre-en-lenguaje-de-marcas-1o-damp-u-tad-con-jaime-latorre\/#primaryimage"},"thumbnailUrl":"https:\/\/davidperezalonso.com\/blog\/wp-content\/uploads\/2017\/01\/thumbnail_Sergio-Arranza-CV-Web.jpg","keywords":["#AlumnosU_tad","#ClaustroU_tad","1\u00ba","CV","desarrollo de software","GitHub","HTML","JavaScript","marca personal","primer trimestre","Web"],"articleSection":["alumnxs","DAM","Lenguaje de Marcas"],"inLanguage":"es","potentialAction":[{"@type":"CommentAction","name":"Comment","target":["https:\/\/davidperezalonso.com\/blog\/primer-trimestre-en-lenguaje-de-marcas-1o-damp-u-tad-con-jaime-latorre\/#respond"]}]},{"@type":"WebPage","@id":"https:\/\/davidperezalonso.com\/blog\/primer-trimestre-en-lenguaje-de-marcas-1o-damp-u-tad-con-jaime-latorre\/","url":"https:\/\/davidperezalonso.com\/blog\/primer-trimestre-en-lenguaje-de-marcas-1o-damp-u-tad-con-jaime-latorre\/","name":"Primer Trimestre en Lenguaje de Marcas 1\u00ba DAMP U-tad con Jaime Latorre &#8211; Blog Docente - David P\u00e9rez Alonso","isPartOf":{"@id":"https:\/\/davidperezalonso.com\/blog\/#website"},"primaryImageOfPage":{"@id":"https:\/\/davidperezalonso.com\/blog\/primer-trimestre-en-lenguaje-de-marcas-1o-damp-u-tad-con-jaime-latorre\/#primaryimage"},"image":{"@id":"https:\/\/davidperezalonso.com\/blog\/primer-trimestre-en-lenguaje-de-marcas-1o-damp-u-tad-con-jaime-latorre\/#primaryimage"},"thumbnailUrl":"https:\/\/davidperezalonso.com\/blog\/wp-content\/uploads\/2017\/01\/thumbnail_Sergio-Arranza-CV-Web.jpg","datePublished":"2017-01-09T18:56:44+00:00","author":{"@id":"https:\/\/davidperezalonso.com\/blog\/#\/schema\/person\/1db0dd27700572c6ed41e705a69f7fc3"},"breadcrumb":{"@id":"https:\/\/davidperezalonso.com\/blog\/primer-trimestre-en-lenguaje-de-marcas-1o-damp-u-tad-con-jaime-latorre\/#breadcrumb"},"inLanguage":"es","potentialAction":[{"@type":"ReadAction","target":["https:\/\/davidperezalonso.com\/blog\/primer-trimestre-en-lenguaje-de-marcas-1o-damp-u-tad-con-jaime-latorre\/"]}]},{"@type":"ImageObject","inLanguage":"es","@id":"https:\/\/davidperezalonso.com\/blog\/primer-trimestre-en-lenguaje-de-marcas-1o-damp-u-tad-con-jaime-latorre\/#primaryimage","url":"https:\/\/davidperezalonso.com\/blog\/wp-content\/uploads\/2017\/01\/thumbnail_Sergio-Arranza-CV-Web.jpg","contentUrl":"https:\/\/davidperezalonso.com\/blog\/wp-content\/uploads\/2017\/01\/thumbnail_Sergio-Arranza-CV-Web.jpg","width":1197,"height":892},{"@type":"BreadcrumbList","@id":"https:\/\/davidperezalonso.com\/blog\/primer-trimestre-en-lenguaje-de-marcas-1o-damp-u-tad-con-jaime-latorre\/#breadcrumb","itemListElement":[{"@type":"ListItem","position":1,"name":"Portada","item":"https:\/\/davidperezalonso.com\/blog\/"},{"@type":"ListItem","position":2,"name":"Primer Trimestre en Lenguaje de Marcas 1\u00ba DAMP U-tad con Jaime Latorre"}]},{"@type":"WebSite","@id":"https:\/\/davidperezalonso.com\/blog\/#website","url":"https:\/\/davidperezalonso.com\/blog\/","name":"Blog Docente - David P\u00e9rez Alonso","description":"Blog sobre mis clases y docencia en Formaci\u00f3n Profesional, Bachillerato y ESO","potentialAction":[{"@type":"SearchAction","target":{"@type":"EntryPoint","urlTemplate":"https:\/\/davidperezalonso.com\/blog\/?s={search_term_string}"},"query-input":{"@type":"PropertyValueSpecification","valueRequired":true,"valueName":"search_term_string"}}],"inLanguage":"es"},{"@type":"Person","@id":"https:\/\/davidperezalonso.com\/blog\/#\/schema\/person\/1db0dd27700572c6ed41e705a69f7fc3","name":"admin","image":{"@type":"ImageObject","inLanguage":"es","@id":"https:\/\/davidperezalonso.com\/blog\/#\/schema\/person\/image\/","url":"https:\/\/secure.gravatar.com\/avatar\/6da540181b6cb9cf154bdd6b50f2e5989f30a6be1d7ad004e44593af540b72dd?s=96&d=mm&r=g","contentUrl":"https:\/\/secure.gravatar.com\/avatar\/6da540181b6cb9cf154bdd6b50f2e5989f30a6be1d7ad004e44593af540b72dd?s=96&d=mm&r=g","caption":"admin"},"description":"Ingeniero T\u00e9cnico de Telecomunicaci\u00f3n (Especialidad en Sonido e Imagen) por la Universidad Polit\u00e9cnica de Madrid (1997). Experiencia laboral de siete a\u00f1os en el departamento de I+D de la multinacional LIPMAN (Hw\/Sw) pero cambi\u00f3 de nombre y ahora sabr\u00e9is de ella por VERIFONE. Despu\u00e9s trabaj\u00e9 unos 4 a\u00f1os en un centro de Formaci\u00f3n realizando cursos de formaci\u00f3n On-line y mixta en \u00e1reas relacionadas con la inform\u00e1tica, programaci\u00f3n web, I+D, etc. Desde el a\u00f1o 2010 pertenezco al Departamento de Inform\u00e1tica de la UEM como profesor de Ciclos Formativos de Grado Superior en STI y ASIR (\"teleco\" e inform\u00e1tica), as\u00ed que si est\u00e1is viendo este perfil, o bien sois compa\u00f1erxs o alumnxs."}]}},"_links":{"self":[{"href":"https:\/\/davidperezalonso.com\/blog\/wp-json\/wp\/v2\/posts\/914","targetHints":{"allow":["GET"]}}],"collection":[{"href":"https:\/\/davidperezalonso.com\/blog\/wp-json\/wp\/v2\/posts"}],"about":[{"href":"https:\/\/davidperezalonso.com\/blog\/wp-json\/wp\/v2\/types\/post"}],"author":[{"embeddable":true,"href":"https:\/\/davidperezalonso.com\/blog\/wp-json\/wp\/v2\/users\/1"}],"replies":[{"embeddable":true,"href":"https:\/\/davidperezalonso.com\/blog\/wp-json\/wp\/v2\/comments?post=914"}],"version-history":[{"count":1,"href":"https:\/\/davidperezalonso.com\/blog\/wp-json\/wp\/v2\/posts\/914\/revisions"}],"predecessor-version":[{"id":916,"href":"https:\/\/davidperezalonso.com\/blog\/wp-json\/wp\/v2\/posts\/914\/revisions\/916"}],"wp:featuredmedia":[{"embeddable":true,"href":"https:\/\/davidperezalonso.com\/blog\/wp-json\/wp\/v2\/media\/915"}],"wp:attachment":[{"href":"https:\/\/davidperezalonso.com\/blog\/wp-json\/wp\/v2\/media?parent=914"}],"wp:term":[{"taxonomy":"category","embeddable":true,"href":"https:\/\/davidperezalonso.com\/blog\/wp-json\/wp\/v2\/categories?post=914"},{"taxonomy":"post_tag","embeddable":true,"href":"https:\/\/davidperezalonso.com\/blog\/wp-json\/wp\/v2\/tags?post=914"}],"curies":[{"name":"wp","href":"https:\/\/api.w.org\/{rel}","templated":true}]}}