{"id":9427,"date":"2022-12-03T18:40:14","date_gmt":"2022-12-03T17:40:14","guid":{"rendered":"https:\/\/davidperezalonso.com\/blog\/?p=9427"},"modified":"2023-02-21T19:17:44","modified_gmt":"2023-02-21T18:17:44","slug":"sujeto-omitido-podcast-educativo","status":"publish","type":"post","link":"https:\/\/davidperezalonso.com\/blog\/sujeto-omitido-podcast-educativo\/","title":{"rendered":"Sujeto Omitido Podcast Educativo"},"content":{"rendered":"\n<p>Este curso 2022-2023 participo en el proyecto de podcast educativo <strong>Sujeto Omitido<\/strong> que impuls\u00f3 el anterior a\u00f1o acad\u00e9mico en otro instituto por nuestra compa\u00f1era profe del \u00e1mbito ling\u00fc\u00edstico <strong>Sandra Santurde<\/strong> y que deseamos exprimir al m\u00e1ximo en el <strong>IES Lazarillo de Tormes<\/strong> en su II Edici\u00f3n, o mejor dicho, en su segunda temporada.  <\/p>\n\n\n<div class=\"wp-block-image\">\n<figure class=\"aligncenter size-full\"><a href=\"https:\/\/davidperezalonso.com\/blog\/wp-content\/uploads\/2022\/12\/Captura.png\"><img loading=\"lazy\" decoding=\"async\" width=\"255\" height=\"246\" src=\"https:\/\/davidperezalonso.com\/blog\/wp-content\/uploads\/2022\/12\/Captura.png\" alt=\"\" class=\"wp-image-9429\"\/><\/a><figcaption>@sujetoomitido_podcast<\/figcaption><\/figure>\n<\/div>\n\n\n<p>La verdad que Sandra ven\u00eda con su proyecto muy trabajado, y aqu\u00ed ha sido echarlo a andar entre los muchos compa\u00f1eros que se han sumado. Pod\u00e9is y deb\u00e9is acceder al instagram @sujetoomitido_podcast donde adem\u00e1s, nos ha creado unos \u00abpersonajes\u00bb a todos los colaboradores, muy divertidos. <\/p>\n\n\n<div class=\"wp-block-image\">\n<figure class=\"alignleft size-full\"><a href=\"https:\/\/davidperezalonso.com\/blog\/wp-content\/uploads\/2022\/12\/Captura2.png\"><img loading=\"lazy\" decoding=\"async\" width=\"387\" height=\"478\" src=\"https:\/\/davidperezalonso.com\/blog\/wp-content\/uploads\/2022\/12\/Captura2.png\" alt=\"\" class=\"wp-image-9428\" srcset=\"https:\/\/davidperezalonso.com\/blog\/wp-content\/uploads\/2022\/12\/Captura2.png 387w, https:\/\/davidperezalonso.com\/blog\/wp-content\/uploads\/2022\/12\/Captura2-243x300.png 243w\" sizes=\"auto, (max-width: 387px) 100vw, 387px\" \/><\/a><\/figure>\n<\/div>\n\n\n<p>\u00bfEn qu\u00e9 consisten los episodios de <strong>Sujeto Omitido<\/strong>? Pues bien&#8230; Se elegir\u00e1 un tema en com\u00fan de investigaci\u00f3n y los participantes de este grupo de trabajo (aprovechando el contenido de su materia u otro contenido) lo aplicar\u00e1 creando una secci\u00f3n (noticiario, entrevista, espacio musical, recomendaciones culturales, radioteatro, cuentos y relatos&#8230;) junto con sus alumnos y alumnas. Lo aportado por cada miembro del equipo docente, se fusionar\u00e1 generando un programa de radio. Una manera diferente de acercar el contenido, que trabajen la expresi\u00f3n oral y escrita, adem\u00e1s de ser una herramienta de evaluaci\u00f3n.<\/p>\n\n\n\n<p>Mi labor en el podcast ha sido sobre todo de empuje y ayuda a compa\u00f1eros a romper su timidez y la \u00abbarrera tecnol\u00f3gica\u00bb para lanzarse a ello, he dado alguna charla breve a alguno de los grupos de alumnos que participan, y bueno, una de las locuciones iniciales. <\/p>\n\n\n\n<p>El Episodio 1 de la Segunda Temporada de <strong>Sujeto Omitido Podcast <\/strong>\u00abEl miedo\u00bb para que pod\u00e1is disfrutar del maravilloso trabajo realizado por profesores\/as y alumnos\/as.<\/p>\n\n\n\n<p>Secciones:<\/p>\n\n\n\n<p>&#8211; Sapere aude 04:27<br>&#8211; La Pasta Gansa 08:39<br>&#8211; La ventana indiscreta 15:16<br>&#8211; Salmagundi 19:50<br>&#8211; El pelotazo 24:10<br>&#8211; No me toques las palmas que me conozco 27:22<br>&#8211; Somos historia 32:28<br>&#8211; Literatura sonora 38:26<br>&#8211; El mentidero de Minerva 43:53<br>&#8211; Relato JP (Conserje) 01:03:42<br>&#8211; Entrevista a un miembro de la Comunidad Educativa 01:12:08<\/p>\n\n\n\n<p>\u00a1Disfrutadlo y suscribiros al canal de Ivoox y perfil en instagram!<br><a href=\"https:\/\/www.ivoox.com\/miedo-audios-mp3_rf_97517916_1.html?fbclid=IwAR0XlXpRtDTR6rmghXBtGP3aCkHW7F0jkSobnC6Pf_kvJPPkLGKEqa2o-Dc\" target=\"_blank\" rel=\"noreferrer noopener\">https:\/\/www.ivoox.com\/miedo-audios-mp3_rf_97517916_1.html<\/a><\/p>\n","protected":false},"excerpt":{"rendered":"<p>Este curso 2022-2023 participo en el proyecto de podcast educativo Sujeto Omitido que impuls\u00f3 el anterior a\u00f1o acad\u00e9mico en otro instituto por nuestra compa\u00f1era profe del \u00e1mbito ling\u00fc\u00edstico Sandra Santurde y que deseamos exprimir&#46;&#46;&#46;<\/p>\n","protected":false},"author":29,"featured_media":9429,"comment_status":"open","ping_status":"closed","sticky":false,"template":"","format":"standard","meta":{"footnotes":""},"categories":[450],"tags":[505,506,359,504,503],"class_list":["post-9427","post","type-post","status-publish","format-standard","has-post-thumbnail","hentry","category-ies-lazarillo-de-tormes","tag-grupo-de-trabajo","tag-ivoox","tag-podcast","tag-podcast-educativo","tag-sujeto-omitido"],"yoast_head":"<!-- This site is optimized with the Yoast SEO plugin v27.0 - https:\/\/yoast.com\/product\/yoast-seo-wordpress\/ -->\n<title>Sujeto Omitido Podcast Educativo &#8211; Blog Docente - David P\u00e9rez Alonso<\/title>\n<meta name=\"robots\" content=\"index, follow, max-snippet:-1, max-image-preview:large, max-video-preview:-1\" \/>\n<link rel=\"canonical\" href=\"https:\/\/davidperezalonso.com\/blog\/sujeto-omitido-podcast-educativo\/\" \/>\n<meta property=\"og:locale\" content=\"es_ES\" \/>\n<meta property=\"og:type\" content=\"article\" \/>\n<meta property=\"og:title\" content=\"Sujeto Omitido Podcast Educativo &#8211; Blog Docente - David P\u00e9rez Alonso\" \/>\n<meta property=\"og:description\" content=\"Este curso 2022-2023 participo en el proyecto de podcast educativo Sujeto Omitido que impuls\u00f3 el anterior a\u00f1o acad\u00e9mico en otro instituto por nuestra compa\u00f1era profe del \u00e1mbito ling\u00fc\u00edstico Sandra Santurde y que deseamos exprimir&#046;&#046;&#046;\" \/>\n<meta property=\"og:url\" content=\"https:\/\/davidperezalonso.com\/blog\/sujeto-omitido-podcast-educativo\/\" \/>\n<meta property=\"og:site_name\" content=\"Blog Docente - David P\u00e9rez Alonso\" \/>\n<meta property=\"article:published_time\" content=\"2022-12-03T17:40:14+00:00\" \/>\n<meta property=\"article:modified_time\" content=\"2023-02-21T18:17:44+00:00\" \/>\n<meta property=\"og:image\" content=\"http:\/\/davidperezalonso.com\/blog\/wp-content\/uploads\/2022\/12\/Captura.png\" \/>\n\t<meta property=\"og:image:width\" content=\"255\" \/>\n\t<meta property=\"og:image:height\" content=\"246\" \/>\n\t<meta property=\"og:image:type\" content=\"image\/png\" \/>\n<meta name=\"author\" content=\"David Perez Alonso\" \/>\n<meta name=\"twitter:card\" content=\"summary_large_image\" \/>\n<meta name=\"twitter:creator\" content=\"@DavidPerezProfe\" \/>\n<meta name=\"twitter:site\" content=\"@DavidPerezProfe\" \/>\n<meta name=\"twitter:label1\" content=\"Escrito por\" \/>\n\t<meta name=\"twitter:data1\" content=\"David Perez Alonso\" \/>\n\t<meta name=\"twitter:label2\" content=\"Tiempo de lectura\" \/>\n\t<meta name=\"twitter:data2\" content=\"2 minutos\" \/>\n<script type=\"application\/ld+json\" class=\"yoast-schema-graph\">{\"@context\":\"https:\/\/schema.org\",\"@graph\":[{\"@type\":\"Article\",\"@id\":\"https:\/\/davidperezalonso.com\/blog\/sujeto-omitido-podcast-educativo\/#article\",\"isPartOf\":{\"@id\":\"https:\/\/davidperezalonso.com\/blog\/sujeto-omitido-podcast-educativo\/\"},\"author\":{\"name\":\"David Perez Alonso\",\"@id\":\"https:\/\/davidperezalonso.com\/blog\/#\/schema\/person\/9871d464f81e9a10fb75db28db0a775e\"},\"headline\":\"Sujeto Omitido Podcast Educativo\",\"datePublished\":\"2022-12-03T17:40:14+00:00\",\"dateModified\":\"2023-02-21T18:17:44+00:00\",\"mainEntityOfPage\":{\"@id\":\"https:\/\/davidperezalonso.com\/blog\/sujeto-omitido-podcast-educativo\/\"},\"wordCount\":359,\"commentCount\":0,\"image\":{\"@id\":\"https:\/\/davidperezalonso.com\/blog\/sujeto-omitido-podcast-educativo\/#primaryimage\"},\"thumbnailUrl\":\"https:\/\/davidperezalonso.com\/blog\/wp-content\/uploads\/2022\/12\/Captura.png\",\"keywords\":[\"grupo de trabajo\",\"ivoox\",\"podcast\",\"Podcast educativo\",\"Sujeto Omitido\"],\"articleSection\":[\"IES Lazarillo de Tormes\"],\"inLanguage\":\"es\",\"potentialAction\":[{\"@type\":\"CommentAction\",\"name\":\"Comment\",\"target\":[\"https:\/\/davidperezalonso.com\/blog\/sujeto-omitido-podcast-educativo\/#respond\"]}]},{\"@type\":\"WebPage\",\"@id\":\"https:\/\/davidperezalonso.com\/blog\/sujeto-omitido-podcast-educativo\/\",\"url\":\"https:\/\/davidperezalonso.com\/blog\/sujeto-omitido-podcast-educativo\/\",\"name\":\"Sujeto Omitido Podcast Educativo &#8211; Blog Docente - David P\u00e9rez Alonso\",\"isPartOf\":{\"@id\":\"https:\/\/davidperezalonso.com\/blog\/#website\"},\"primaryImageOfPage\":{\"@id\":\"https:\/\/davidperezalonso.com\/blog\/sujeto-omitido-podcast-educativo\/#primaryimage\"},\"image\":{\"@id\":\"https:\/\/davidperezalonso.com\/blog\/sujeto-omitido-podcast-educativo\/#primaryimage\"},\"thumbnailUrl\":\"https:\/\/davidperezalonso.com\/blog\/wp-content\/uploads\/2022\/12\/Captura.png\",\"datePublished\":\"2022-12-03T17:40:14+00:00\",\"dateModified\":\"2023-02-21T18:17:44+00:00\",\"author\":{\"@id\":\"https:\/\/davidperezalonso.com\/blog\/#\/schema\/person\/9871d464f81e9a10fb75db28db0a775e\"},\"breadcrumb\":{\"@id\":\"https:\/\/davidperezalonso.com\/blog\/sujeto-omitido-podcast-educativo\/#breadcrumb\"},\"inLanguage\":\"es\",\"potentialAction\":[{\"@type\":\"ReadAction\",\"target\":[\"https:\/\/davidperezalonso.com\/blog\/sujeto-omitido-podcast-educativo\/\"]}]},{\"@type\":\"ImageObject\",\"inLanguage\":\"es\",\"@id\":\"https:\/\/davidperezalonso.com\/blog\/sujeto-omitido-podcast-educativo\/#primaryimage\",\"url\":\"https:\/\/davidperezalonso.com\/blog\/wp-content\/uploads\/2022\/12\/Captura.png\",\"contentUrl\":\"https:\/\/davidperezalonso.com\/blog\/wp-content\/uploads\/2022\/12\/Captura.png\",\"width\":255,\"height\":246},{\"@type\":\"BreadcrumbList\",\"@id\":\"https:\/\/davidperezalonso.com\/blog\/sujeto-omitido-podcast-educativo\/#breadcrumb\",\"itemListElement\":[{\"@type\":\"ListItem\",\"position\":1,\"name\":\"Portada\",\"item\":\"https:\/\/davidperezalonso.com\/blog\/\"},{\"@type\":\"ListItem\",\"position\":2,\"name\":\"Sujeto Omitido Podcast Educativo\"}]},{\"@type\":\"WebSite\",\"@id\":\"https:\/\/davidperezalonso.com\/blog\/#website\",\"url\":\"https:\/\/davidperezalonso.com\/blog\/\",\"name\":\"Blog Docente - David P\u00e9rez Alonso\",\"description\":\"Blog sobre mis clases y docencia en Formaci\u00f3n Profesional, Bachillerato y ESO\",\"potentialAction\":[{\"@type\":\"SearchAction\",\"target\":{\"@type\":\"EntryPoint\",\"urlTemplate\":\"https:\/\/davidperezalonso.com\/blog\/?s={search_term_string}\"},\"query-input\":{\"@type\":\"PropertyValueSpecification\",\"valueRequired\":true,\"valueName\":\"search_term_string\"}}],\"inLanguage\":\"es\"},{\"@type\":\"Person\",\"@id\":\"https:\/\/davidperezalonso.com\/blog\/#\/schema\/person\/9871d464f81e9a10fb75db28db0a775e\",\"name\":\"David Perez Alonso\",\"image\":{\"@type\":\"ImageObject\",\"inLanguage\":\"es\",\"@id\":\"https:\/\/davidperezalonso.com\/blog\/#\/schema\/person\/image\/\",\"url\":\"https:\/\/secure.gravatar.com\/avatar\/44181eb9683be82a2c7885db85733fb4da2b1ebdeab76c61b4ba517c4bd6d93c?s=96&d=mm&r=g\",\"contentUrl\":\"https:\/\/secure.gravatar.com\/avatar\/44181eb9683be82a2c7885db85733fb4da2b1ebdeab76c61b4ba517c4bd6d93c?s=96&d=mm&r=g\",\"caption\":\"David Perez Alonso\"}}]}<\/script>\n<!-- \/ Yoast SEO plugin. -->","yoast_head_json":{"title":"Sujeto Omitido Podcast Educativo &#8211; Blog Docente - David P\u00e9rez Alonso","robots":{"index":"index","follow":"follow","max-snippet":"max-snippet:-1","max-image-preview":"max-image-preview:large","max-video-preview":"max-video-preview:-1"},"canonical":"https:\/\/davidperezalonso.com\/blog\/sujeto-omitido-podcast-educativo\/","og_locale":"es_ES","og_type":"article","og_title":"Sujeto Omitido Podcast Educativo &#8211; Blog Docente - David P\u00e9rez Alonso","og_description":"Este curso 2022-2023 participo en el proyecto de podcast educativo Sujeto Omitido que impuls\u00f3 el anterior a\u00f1o acad\u00e9mico en otro instituto por nuestra compa\u00f1era profe del \u00e1mbito ling\u00fc\u00edstico Sandra Santurde y que deseamos exprimir&#46;&#46;&#46;","og_url":"https:\/\/davidperezalonso.com\/blog\/sujeto-omitido-podcast-educativo\/","og_site_name":"Blog Docente - David P\u00e9rez Alonso","article_published_time":"2022-12-03T17:40:14+00:00","article_modified_time":"2023-02-21T18:17:44+00:00","og_image":[{"width":255,"height":246,"url":"http:\/\/davidperezalonso.com\/blog\/wp-content\/uploads\/2022\/12\/Captura.png","type":"image\/png"}],"author":"David Perez Alonso","twitter_card":"summary_large_image","twitter_creator":"@DavidPerezProfe","twitter_site":"@DavidPerezProfe","twitter_misc":{"Escrito por":"David Perez Alonso","Tiempo de lectura":"2 minutos"},"schema":{"@context":"https:\/\/schema.org","@graph":[{"@type":"Article","@id":"https:\/\/davidperezalonso.com\/blog\/sujeto-omitido-podcast-educativo\/#article","isPartOf":{"@id":"https:\/\/davidperezalonso.com\/blog\/sujeto-omitido-podcast-educativo\/"},"author":{"name":"David Perez Alonso","@id":"https:\/\/davidperezalonso.com\/blog\/#\/schema\/person\/9871d464f81e9a10fb75db28db0a775e"},"headline":"Sujeto Omitido Podcast Educativo","datePublished":"2022-12-03T17:40:14+00:00","dateModified":"2023-02-21T18:17:44+00:00","mainEntityOfPage":{"@id":"https:\/\/davidperezalonso.com\/blog\/sujeto-omitido-podcast-educativo\/"},"wordCount":359,"commentCount":0,"image":{"@id":"https:\/\/davidperezalonso.com\/blog\/sujeto-omitido-podcast-educativo\/#primaryimage"},"thumbnailUrl":"https:\/\/davidperezalonso.com\/blog\/wp-content\/uploads\/2022\/12\/Captura.png","keywords":["grupo de trabajo","ivoox","podcast","Podcast educativo","Sujeto Omitido"],"articleSection":["IES Lazarillo de Tormes"],"inLanguage":"es","potentialAction":[{"@type":"CommentAction","name":"Comment","target":["https:\/\/davidperezalonso.com\/blog\/sujeto-omitido-podcast-educativo\/#respond"]}]},{"@type":"WebPage","@id":"https:\/\/davidperezalonso.com\/blog\/sujeto-omitido-podcast-educativo\/","url":"https:\/\/davidperezalonso.com\/blog\/sujeto-omitido-podcast-educativo\/","name":"Sujeto Omitido Podcast Educativo &#8211; Blog Docente - David P\u00e9rez Alonso","isPartOf":{"@id":"https:\/\/davidperezalonso.com\/blog\/#website"},"primaryImageOfPage":{"@id":"https:\/\/davidperezalonso.com\/blog\/sujeto-omitido-podcast-educativo\/#primaryimage"},"image":{"@id":"https:\/\/davidperezalonso.com\/blog\/sujeto-omitido-podcast-educativo\/#primaryimage"},"thumbnailUrl":"https:\/\/davidperezalonso.com\/blog\/wp-content\/uploads\/2022\/12\/Captura.png","datePublished":"2022-12-03T17:40:14+00:00","dateModified":"2023-02-21T18:17:44+00:00","author":{"@id":"https:\/\/davidperezalonso.com\/blog\/#\/schema\/person\/9871d464f81e9a10fb75db28db0a775e"},"breadcrumb":{"@id":"https:\/\/davidperezalonso.com\/blog\/sujeto-omitido-podcast-educativo\/#breadcrumb"},"inLanguage":"es","potentialAction":[{"@type":"ReadAction","target":["https:\/\/davidperezalonso.com\/blog\/sujeto-omitido-podcast-educativo\/"]}]},{"@type":"ImageObject","inLanguage":"es","@id":"https:\/\/davidperezalonso.com\/blog\/sujeto-omitido-podcast-educativo\/#primaryimage","url":"https:\/\/davidperezalonso.com\/blog\/wp-content\/uploads\/2022\/12\/Captura.png","contentUrl":"https:\/\/davidperezalonso.com\/blog\/wp-content\/uploads\/2022\/12\/Captura.png","width":255,"height":246},{"@type":"BreadcrumbList","@id":"https:\/\/davidperezalonso.com\/blog\/sujeto-omitido-podcast-educativo\/#breadcrumb","itemListElement":[{"@type":"ListItem","position":1,"name":"Portada","item":"https:\/\/davidperezalonso.com\/blog\/"},{"@type":"ListItem","position":2,"name":"Sujeto Omitido Podcast Educativo"}]},{"@type":"WebSite","@id":"https:\/\/davidperezalonso.com\/blog\/#website","url":"https:\/\/davidperezalonso.com\/blog\/","name":"Blog Docente - David P\u00e9rez Alonso","description":"Blog sobre mis clases y docencia en Formaci\u00f3n Profesional, Bachillerato y ESO","potentialAction":[{"@type":"SearchAction","target":{"@type":"EntryPoint","urlTemplate":"https:\/\/davidperezalonso.com\/blog\/?s={search_term_string}"},"query-input":{"@type":"PropertyValueSpecification","valueRequired":true,"valueName":"search_term_string"}}],"inLanguage":"es"},{"@type":"Person","@id":"https:\/\/davidperezalonso.com\/blog\/#\/schema\/person\/9871d464f81e9a10fb75db28db0a775e","name":"David Perez Alonso","image":{"@type":"ImageObject","inLanguage":"es","@id":"https:\/\/davidperezalonso.com\/blog\/#\/schema\/person\/image\/","url":"https:\/\/secure.gravatar.com\/avatar\/44181eb9683be82a2c7885db85733fb4da2b1ebdeab76c61b4ba517c4bd6d93c?s=96&d=mm&r=g","contentUrl":"https:\/\/secure.gravatar.com\/avatar\/44181eb9683be82a2c7885db85733fb4da2b1ebdeab76c61b4ba517c4bd6d93c?s=96&d=mm&r=g","caption":"David Perez Alonso"}}]}},"_links":{"self":[{"href":"https:\/\/davidperezalonso.com\/blog\/wp-json\/wp\/v2\/posts\/9427","targetHints":{"allow":["GET"]}}],"collection":[{"href":"https:\/\/davidperezalonso.com\/blog\/wp-json\/wp\/v2\/posts"}],"about":[{"href":"https:\/\/davidperezalonso.com\/blog\/wp-json\/wp\/v2\/types\/post"}],"author":[{"embeddable":true,"href":"https:\/\/davidperezalonso.com\/blog\/wp-json\/wp\/v2\/users\/29"}],"replies":[{"embeddable":true,"href":"https:\/\/davidperezalonso.com\/blog\/wp-json\/wp\/v2\/comments?post=9427"}],"version-history":[{"count":1,"href":"https:\/\/davidperezalonso.com\/blog\/wp-json\/wp\/v2\/posts\/9427\/revisions"}],"predecessor-version":[{"id":9430,"href":"https:\/\/davidperezalonso.com\/blog\/wp-json\/wp\/v2\/posts\/9427\/revisions\/9430"}],"wp:featuredmedia":[{"embeddable":true,"href":"https:\/\/davidperezalonso.com\/blog\/wp-json\/wp\/v2\/media\/9429"}],"wp:attachment":[{"href":"https:\/\/davidperezalonso.com\/blog\/wp-json\/wp\/v2\/media?parent=9427"}],"wp:term":[{"taxonomy":"category","embeddable":true,"href":"https:\/\/davidperezalonso.com\/blog\/wp-json\/wp\/v2\/categories?post=9427"},{"taxonomy":"post_tag","embeddable":true,"href":"https:\/\/davidperezalonso.com\/blog\/wp-json\/wp\/v2\/tags?post=9427"}],"curies":[{"name":"wp","href":"https:\/\/api.w.org\/{rel}","templated":true}]}}