{"id":9440,"date":"2023-03-21T11:43:01","date_gmt":"2023-03-21T10:43:01","guid":{"rendered":"https:\/\/davidperezalonso.com\/blog\/?p=9440"},"modified":"2023-03-21T12:42:44","modified_gmt":"2023-03-21T11:42:44","slug":"arranque-de-practicas-fct-alumnos-de-2osmr","status":"publish","type":"post","link":"https:\/\/davidperezalonso.com\/blog\/arranque-de-practicas-fct-alumnos-de-2osmr\/","title":{"rendered":"Arranque de pr\u00e1cticas FCT alumnos de 2\u00baSMR"},"content":{"rendered":"\n<p>En esta semana, los alumnos y alumna del <strong>segundo curso<\/strong> de <strong>Grado Medio de Sistemas Microinform\u00e1ticos y Redes<\/strong> SMR, arrancar\u00e1n su periodo de pr\u00e1cticas o <strong>Formaci\u00f3n en Centros de Trabajo<\/strong> (FCT). Tienen que completar su formaci\u00f3n en un centro de trabajo para desplegar las competencias aprendidas en estos dos cursos, adem\u00e1s de introducirse en la din\u00e1mica empresarial. Tienen que completar 400 horas, por lo que hasta finales de junio estar\u00e1n acudiendo a los diferentes destinos. Finalmente todos los alumnos han promocionado a dichas pr\u00e1cticas, as\u00ed que&#8230; \u00a1\u00a1\u00a1\u00a1FELICIDADES!!!!<\/p>\n\n\n\n<figure class=\"wp-block-image size-large\"><a href=\"https:\/\/davidperezalonso.com\/blog\/wp-content\/uploads\/2023\/03\/2SMR-FCT.jpeg\"><img loading=\"lazy\" decoding=\"async\" width=\"1024\" height=\"624\" src=\"https:\/\/davidperezalonso.com\/blog\/wp-content\/uploads\/2023\/03\/2SMR-FCT-1024x624.jpeg\" alt=\"\" class=\"wp-image-9441\" srcset=\"https:\/\/davidperezalonso.com\/blog\/wp-content\/uploads\/2023\/03\/2SMR-FCT-1024x624.jpeg 1024w, https:\/\/davidperezalonso.com\/blog\/wp-content\/uploads\/2023\/03\/2SMR-FCT-300x183.jpeg 300w, https:\/\/davidperezalonso.com\/blog\/wp-content\/uploads\/2023\/03\/2SMR-FCT-768x468.jpeg 768w, https:\/\/davidperezalonso.com\/blog\/wp-content\/uploads\/2023\/03\/2SMR-FCT-1536x937.jpeg 1536w, https:\/\/davidperezalonso.com\/blog\/wp-content\/uploads\/2023\/03\/2SMR-FCT.jpeg 1866w\" sizes=\"auto, (max-width: 1024px) 100vw, 1024px\" \/><\/a><figcaption><em>2SMR &#8211; FCTs &#8211; 22\/23<\/em><\/figcaption><\/figure>\n\n\n\n<p>Esta es la primera promoci\u00f3n del ciclo en el <strong>IES Lazarillo de Tormes<\/strong> de Escalona y no ha sido sencillo abrir camino, hay dificultades de transporte, no hay muchas empresas del sector, etc&#8230; pero tenemos acomodo para todos en Escalona, Almorox, Torrijos, Talavera y algunos en la Comunidad de Madrid, para realizar diferentes tareas de soporte, montaje y reparaci\u00f3n, despliegue de red, desarrollo de aplicaciones web, etc. <\/p>\n\n\n\n<p>MUCHAS GRACIAS a todas las empresas y organismos p\u00fablicos por la predisposici\u00f3n y acogerles. Seguro que estar\u00e1n a la altura. <\/p>\n","protected":false},"excerpt":{"rendered":"<p>En esta semana, los alumnos y alumna del segundo curso de Grado Medio de Sistemas Microinform\u00e1ticos y Redes SMR, arrancar\u00e1n su periodo de pr\u00e1cticas o Formaci\u00f3n en Centros de Trabajo (FCT). Tienen que completar&#46;&#46;&#46;<\/p>\n","protected":false},"author":29,"featured_media":9441,"comment_status":"open","ping_status":"closed","sticky":false,"template":"","format":"standard","meta":{"footnotes":""},"categories":[378],"tags":[50,246],"class_list":["post-9440","post","type-post","status-publish","format-standard","has-post-thumbnail","hentry","category-smr","tag-fct","tag-practicas"],"yoast_head":"<!-- This site is optimized with the Yoast SEO plugin v27.0 - https:\/\/yoast.com\/product\/yoast-seo-wordpress\/ -->\n<title>Arranque de pr\u00e1cticas FCT alumnos de 2\u00baSMR &#8211; Blog Docente - David P\u00e9rez Alonso<\/title>\n<meta name=\"robots\" content=\"index, follow, max-snippet:-1, max-image-preview:large, max-video-preview:-1\" \/>\n<link rel=\"canonical\" href=\"https:\/\/davidperezalonso.com\/blog\/arranque-de-practicas-fct-alumnos-de-2osmr\/\" \/>\n<meta property=\"og:locale\" content=\"es_ES\" \/>\n<meta property=\"og:type\" content=\"article\" \/>\n<meta property=\"og:title\" content=\"Arranque de pr\u00e1cticas FCT alumnos de 2\u00baSMR &#8211; Blog Docente - David P\u00e9rez Alonso\" \/>\n<meta property=\"og:description\" content=\"En esta semana, los alumnos y alumna del segundo curso de Grado Medio de Sistemas Microinform\u00e1ticos y Redes SMR, arrancar\u00e1n su periodo de pr\u00e1cticas o Formaci\u00f3n en Centros de Trabajo (FCT). Tienen que completar&#046;&#046;&#046;\" \/>\n<meta property=\"og:url\" content=\"https:\/\/davidperezalonso.com\/blog\/arranque-de-practicas-fct-alumnos-de-2osmr\/\" \/>\n<meta property=\"og:site_name\" content=\"Blog Docente - David P\u00e9rez Alonso\" \/>\n<meta property=\"article:published_time\" content=\"2023-03-21T10:43:01+00:00\" \/>\n<meta property=\"article:modified_time\" content=\"2023-03-21T11:42:44+00:00\" \/>\n<meta property=\"og:image\" content=\"http:\/\/davidperezalonso.com\/blog\/wp-content\/uploads\/2023\/03\/2SMR-FCT.jpeg\" \/>\n\t<meta property=\"og:image:width\" content=\"1866\" \/>\n\t<meta property=\"og:image:height\" content=\"1138\" \/>\n\t<meta property=\"og:image:type\" content=\"image\/jpeg\" \/>\n<meta name=\"author\" content=\"David Perez Alonso\" \/>\n<meta name=\"twitter:card\" content=\"summary_large_image\" \/>\n<meta name=\"twitter:creator\" content=\"@DavidPerezProfe\" \/>\n<meta name=\"twitter:site\" content=\"@DavidPerezProfe\" \/>\n<meta name=\"twitter:label1\" content=\"Escrito por\" \/>\n\t<meta name=\"twitter:data1\" content=\"David Perez Alonso\" \/>\n\t<meta name=\"twitter:label2\" content=\"Tiempo de lectura\" \/>\n\t<meta name=\"twitter:data2\" content=\"2 minutos\" \/>\n<script type=\"application\/ld+json\" class=\"yoast-schema-graph\">{\"@context\":\"https:\/\/schema.org\",\"@graph\":[{\"@type\":\"Article\",\"@id\":\"https:\/\/davidperezalonso.com\/blog\/arranque-de-practicas-fct-alumnos-de-2osmr\/#article\",\"isPartOf\":{\"@id\":\"https:\/\/davidperezalonso.com\/blog\/arranque-de-practicas-fct-alumnos-de-2osmr\/\"},\"author\":{\"name\":\"David Perez Alonso\",\"@id\":\"https:\/\/davidperezalonso.com\/blog\/#\/schema\/person\/9871d464f81e9a10fb75db28db0a775e\"},\"headline\":\"Arranque de pr\u00e1cticas FCT alumnos de 2\u00baSMR\",\"datePublished\":\"2023-03-21T10:43:01+00:00\",\"dateModified\":\"2023-03-21T11:42:44+00:00\",\"mainEntityOfPage\":{\"@id\":\"https:\/\/davidperezalonso.com\/blog\/arranque-de-practicas-fct-alumnos-de-2osmr\/\"},\"wordCount\":199,\"commentCount\":0,\"image\":{\"@id\":\"https:\/\/davidperezalonso.com\/blog\/arranque-de-practicas-fct-alumnos-de-2osmr\/#primaryimage\"},\"thumbnailUrl\":\"https:\/\/davidperezalonso.com\/blog\/wp-content\/uploads\/2023\/03\/2SMR-FCT.jpeg\",\"keywords\":[\"FCT\",\"pr\u00e1cticas\"],\"articleSection\":[\"SMR\"],\"inLanguage\":\"es\",\"potentialAction\":[{\"@type\":\"CommentAction\",\"name\":\"Comment\",\"target\":[\"https:\/\/davidperezalonso.com\/blog\/arranque-de-practicas-fct-alumnos-de-2osmr\/#respond\"]}]},{\"@type\":\"WebPage\",\"@id\":\"https:\/\/davidperezalonso.com\/blog\/arranque-de-practicas-fct-alumnos-de-2osmr\/\",\"url\":\"https:\/\/davidperezalonso.com\/blog\/arranque-de-practicas-fct-alumnos-de-2osmr\/\",\"name\":\"Arranque de pr\u00e1cticas FCT alumnos de 2\u00baSMR &#8211; Blog Docente - David P\u00e9rez Alonso\",\"isPartOf\":{\"@id\":\"https:\/\/davidperezalonso.com\/blog\/#website\"},\"primaryImageOfPage\":{\"@id\":\"https:\/\/davidperezalonso.com\/blog\/arranque-de-practicas-fct-alumnos-de-2osmr\/#primaryimage\"},\"image\":{\"@id\":\"https:\/\/davidperezalonso.com\/blog\/arranque-de-practicas-fct-alumnos-de-2osmr\/#primaryimage\"},\"thumbnailUrl\":\"https:\/\/davidperezalonso.com\/blog\/wp-content\/uploads\/2023\/03\/2SMR-FCT.jpeg\",\"datePublished\":\"2023-03-21T10:43:01+00:00\",\"dateModified\":\"2023-03-21T11:42:44+00:00\",\"author\":{\"@id\":\"https:\/\/davidperezalonso.com\/blog\/#\/schema\/person\/9871d464f81e9a10fb75db28db0a775e\"},\"breadcrumb\":{\"@id\":\"https:\/\/davidperezalonso.com\/blog\/arranque-de-practicas-fct-alumnos-de-2osmr\/#breadcrumb\"},\"inLanguage\":\"es\",\"potentialAction\":[{\"@type\":\"ReadAction\",\"target\":[\"https:\/\/davidperezalonso.com\/blog\/arranque-de-practicas-fct-alumnos-de-2osmr\/\"]}]},{\"@type\":\"ImageObject\",\"inLanguage\":\"es\",\"@id\":\"https:\/\/davidperezalonso.com\/blog\/arranque-de-practicas-fct-alumnos-de-2osmr\/#primaryimage\",\"url\":\"https:\/\/davidperezalonso.com\/blog\/wp-content\/uploads\/2023\/03\/2SMR-FCT.jpeg\",\"contentUrl\":\"https:\/\/davidperezalonso.com\/blog\/wp-content\/uploads\/2023\/03\/2SMR-FCT.jpeg\",\"width\":1866,\"height\":1138},{\"@type\":\"BreadcrumbList\",\"@id\":\"https:\/\/davidperezalonso.com\/blog\/arranque-de-practicas-fct-alumnos-de-2osmr\/#breadcrumb\",\"itemListElement\":[{\"@type\":\"ListItem\",\"position\":1,\"name\":\"Portada\",\"item\":\"https:\/\/davidperezalonso.com\/blog\/\"},{\"@type\":\"ListItem\",\"position\":2,\"name\":\"Arranque de pr\u00e1cticas FCT alumnos de 2\u00baSMR\"}]},{\"@type\":\"WebSite\",\"@id\":\"https:\/\/davidperezalonso.com\/blog\/#website\",\"url\":\"https:\/\/davidperezalonso.com\/blog\/\",\"name\":\"Blog Docente - David P\u00e9rez Alonso\",\"description\":\"Blog sobre mis clases y docencia en Formaci\u00f3n Profesional, Bachillerato y ESO\",\"potentialAction\":[{\"@type\":\"SearchAction\",\"target\":{\"@type\":\"EntryPoint\",\"urlTemplate\":\"https:\/\/davidperezalonso.com\/blog\/?s={search_term_string}\"},\"query-input\":{\"@type\":\"PropertyValueSpecification\",\"valueRequired\":true,\"valueName\":\"search_term_string\"}}],\"inLanguage\":\"es\"},{\"@type\":\"Person\",\"@id\":\"https:\/\/davidperezalonso.com\/blog\/#\/schema\/person\/9871d464f81e9a10fb75db28db0a775e\",\"name\":\"David Perez Alonso\",\"image\":{\"@type\":\"ImageObject\",\"inLanguage\":\"es\",\"@id\":\"https:\/\/davidperezalonso.com\/blog\/#\/schema\/person\/image\/\",\"url\":\"https:\/\/secure.gravatar.com\/avatar\/44181eb9683be82a2c7885db85733fb4da2b1ebdeab76c61b4ba517c4bd6d93c?s=96&d=mm&r=g\",\"contentUrl\":\"https:\/\/secure.gravatar.com\/avatar\/44181eb9683be82a2c7885db85733fb4da2b1ebdeab76c61b4ba517c4bd6d93c?s=96&d=mm&r=g\",\"caption\":\"David Perez Alonso\"}}]}<\/script>\n<!-- \/ Yoast SEO plugin. -->","yoast_head_json":{"title":"Arranque de pr\u00e1cticas FCT alumnos de 2\u00baSMR &#8211; Blog Docente - David P\u00e9rez Alonso","robots":{"index":"index","follow":"follow","max-snippet":"max-snippet:-1","max-image-preview":"max-image-preview:large","max-video-preview":"max-video-preview:-1"},"canonical":"https:\/\/davidperezalonso.com\/blog\/arranque-de-practicas-fct-alumnos-de-2osmr\/","og_locale":"es_ES","og_type":"article","og_title":"Arranque de pr\u00e1cticas FCT alumnos de 2\u00baSMR &#8211; Blog Docente - David P\u00e9rez Alonso","og_description":"En esta semana, los alumnos y alumna del segundo curso de Grado Medio de Sistemas Microinform\u00e1ticos y Redes SMR, arrancar\u00e1n su periodo de pr\u00e1cticas o Formaci\u00f3n en Centros de Trabajo (FCT). Tienen que completar&#46;&#46;&#46;","og_url":"https:\/\/davidperezalonso.com\/blog\/arranque-de-practicas-fct-alumnos-de-2osmr\/","og_site_name":"Blog Docente - David P\u00e9rez Alonso","article_published_time":"2023-03-21T10:43:01+00:00","article_modified_time":"2023-03-21T11:42:44+00:00","og_image":[{"width":1866,"height":1138,"url":"http:\/\/davidperezalonso.com\/blog\/wp-content\/uploads\/2023\/03\/2SMR-FCT.jpeg","type":"image\/jpeg"}],"author":"David Perez Alonso","twitter_card":"summary_large_image","twitter_creator":"@DavidPerezProfe","twitter_site":"@DavidPerezProfe","twitter_misc":{"Escrito por":"David Perez Alonso","Tiempo de lectura":"2 minutos"},"schema":{"@context":"https:\/\/schema.org","@graph":[{"@type":"Article","@id":"https:\/\/davidperezalonso.com\/blog\/arranque-de-practicas-fct-alumnos-de-2osmr\/#article","isPartOf":{"@id":"https:\/\/davidperezalonso.com\/blog\/arranque-de-practicas-fct-alumnos-de-2osmr\/"},"author":{"name":"David Perez Alonso","@id":"https:\/\/davidperezalonso.com\/blog\/#\/schema\/person\/9871d464f81e9a10fb75db28db0a775e"},"headline":"Arranque de pr\u00e1cticas FCT alumnos de 2\u00baSMR","datePublished":"2023-03-21T10:43:01+00:00","dateModified":"2023-03-21T11:42:44+00:00","mainEntityOfPage":{"@id":"https:\/\/davidperezalonso.com\/blog\/arranque-de-practicas-fct-alumnos-de-2osmr\/"},"wordCount":199,"commentCount":0,"image":{"@id":"https:\/\/davidperezalonso.com\/blog\/arranque-de-practicas-fct-alumnos-de-2osmr\/#primaryimage"},"thumbnailUrl":"https:\/\/davidperezalonso.com\/blog\/wp-content\/uploads\/2023\/03\/2SMR-FCT.jpeg","keywords":["FCT","pr\u00e1cticas"],"articleSection":["SMR"],"inLanguage":"es","potentialAction":[{"@type":"CommentAction","name":"Comment","target":["https:\/\/davidperezalonso.com\/blog\/arranque-de-practicas-fct-alumnos-de-2osmr\/#respond"]}]},{"@type":"WebPage","@id":"https:\/\/davidperezalonso.com\/blog\/arranque-de-practicas-fct-alumnos-de-2osmr\/","url":"https:\/\/davidperezalonso.com\/blog\/arranque-de-practicas-fct-alumnos-de-2osmr\/","name":"Arranque de pr\u00e1cticas FCT alumnos de 2\u00baSMR &#8211; Blog Docente - David P\u00e9rez Alonso","isPartOf":{"@id":"https:\/\/davidperezalonso.com\/blog\/#website"},"primaryImageOfPage":{"@id":"https:\/\/davidperezalonso.com\/blog\/arranque-de-practicas-fct-alumnos-de-2osmr\/#primaryimage"},"image":{"@id":"https:\/\/davidperezalonso.com\/blog\/arranque-de-practicas-fct-alumnos-de-2osmr\/#primaryimage"},"thumbnailUrl":"https:\/\/davidperezalonso.com\/blog\/wp-content\/uploads\/2023\/03\/2SMR-FCT.jpeg","datePublished":"2023-03-21T10:43:01+00:00","dateModified":"2023-03-21T11:42:44+00:00","author":{"@id":"https:\/\/davidperezalonso.com\/blog\/#\/schema\/person\/9871d464f81e9a10fb75db28db0a775e"},"breadcrumb":{"@id":"https:\/\/davidperezalonso.com\/blog\/arranque-de-practicas-fct-alumnos-de-2osmr\/#breadcrumb"},"inLanguage":"es","potentialAction":[{"@type":"ReadAction","target":["https:\/\/davidperezalonso.com\/blog\/arranque-de-practicas-fct-alumnos-de-2osmr\/"]}]},{"@type":"ImageObject","inLanguage":"es","@id":"https:\/\/davidperezalonso.com\/blog\/arranque-de-practicas-fct-alumnos-de-2osmr\/#primaryimage","url":"https:\/\/davidperezalonso.com\/blog\/wp-content\/uploads\/2023\/03\/2SMR-FCT.jpeg","contentUrl":"https:\/\/davidperezalonso.com\/blog\/wp-content\/uploads\/2023\/03\/2SMR-FCT.jpeg","width":1866,"height":1138},{"@type":"BreadcrumbList","@id":"https:\/\/davidperezalonso.com\/blog\/arranque-de-practicas-fct-alumnos-de-2osmr\/#breadcrumb","itemListElement":[{"@type":"ListItem","position":1,"name":"Portada","item":"https:\/\/davidperezalonso.com\/blog\/"},{"@type":"ListItem","position":2,"name":"Arranque de pr\u00e1cticas FCT alumnos de 2\u00baSMR"}]},{"@type":"WebSite","@id":"https:\/\/davidperezalonso.com\/blog\/#website","url":"https:\/\/davidperezalonso.com\/blog\/","name":"Blog Docente - David P\u00e9rez Alonso","description":"Blog sobre mis clases y docencia en Formaci\u00f3n Profesional, Bachillerato y ESO","potentialAction":[{"@type":"SearchAction","target":{"@type":"EntryPoint","urlTemplate":"https:\/\/davidperezalonso.com\/blog\/?s={search_term_string}"},"query-input":{"@type":"PropertyValueSpecification","valueRequired":true,"valueName":"search_term_string"}}],"inLanguage":"es"},{"@type":"Person","@id":"https:\/\/davidperezalonso.com\/blog\/#\/schema\/person\/9871d464f81e9a10fb75db28db0a775e","name":"David Perez Alonso","image":{"@type":"ImageObject","inLanguage":"es","@id":"https:\/\/davidperezalonso.com\/blog\/#\/schema\/person\/image\/","url":"https:\/\/secure.gravatar.com\/avatar\/44181eb9683be82a2c7885db85733fb4da2b1ebdeab76c61b4ba517c4bd6d93c?s=96&d=mm&r=g","contentUrl":"https:\/\/secure.gravatar.com\/avatar\/44181eb9683be82a2c7885db85733fb4da2b1ebdeab76c61b4ba517c4bd6d93c?s=96&d=mm&r=g","caption":"David Perez Alonso"}}]}},"_links":{"self":[{"href":"https:\/\/davidperezalonso.com\/blog\/wp-json\/wp\/v2\/posts\/9440","targetHints":{"allow":["GET"]}}],"collection":[{"href":"https:\/\/davidperezalonso.com\/blog\/wp-json\/wp\/v2\/posts"}],"about":[{"href":"https:\/\/davidperezalonso.com\/blog\/wp-json\/wp\/v2\/types\/post"}],"author":[{"embeddable":true,"href":"https:\/\/davidperezalonso.com\/blog\/wp-json\/wp\/v2\/users\/29"}],"replies":[{"embeddable":true,"href":"https:\/\/davidperezalonso.com\/blog\/wp-json\/wp\/v2\/comments?post=9440"}],"version-history":[{"count":1,"href":"https:\/\/davidperezalonso.com\/blog\/wp-json\/wp\/v2\/posts\/9440\/revisions"}],"predecessor-version":[{"id":9442,"href":"https:\/\/davidperezalonso.com\/blog\/wp-json\/wp\/v2\/posts\/9440\/revisions\/9442"}],"wp:featuredmedia":[{"embeddable":true,"href":"https:\/\/davidperezalonso.com\/blog\/wp-json\/wp\/v2\/media\/9441"}],"wp:attachment":[{"href":"https:\/\/davidperezalonso.com\/blog\/wp-json\/wp\/v2\/media?parent=9440"}],"wp:term":[{"taxonomy":"category","embeddable":true,"href":"https:\/\/davidperezalonso.com\/blog\/wp-json\/wp\/v2\/categories?post=9440"},{"taxonomy":"post_tag","embeddable":true,"href":"https:\/\/davidperezalonso.com\/blog\/wp-json\/wp\/v2\/tags?post=9440"}],"curies":[{"name":"wp","href":"https:\/\/api.w.org\/{rel}","templated":true}]}}