{"id":952,"date":"2017-02-20T13:12:15","date_gmt":"2017-02-20T12:12:15","guid":{"rendered":"http:\/\/davidperezalonso.com\/blog\/?p=952"},"modified":"2017-06-20T14:49:02","modified_gmt":"2017-06-20T12:49:02","slug":"exhibicion-robotica-en-torrijos-viernes-3-de-marzo-18h","status":"publish","type":"post","link":"https:\/\/davidperezalonso.com\/blog\/exhibicion-robotica-en-torrijos-viernes-3-de-marzo-18h\/","title":{"rendered":"Exhibici\u00f3n Rob\u00f3tica en Torrijos &#8211; viernes 3 de marzo &#8211; 18h"},"content":{"rendered":"<p>Pues s\u00ed, parece que hay movimiento en mi pueblo para fomentar, promover y crear el esp\u00edritu cient\u00edfico tecnol\u00f3gico que la sociedad actual demanda. El pr\u00f3ximo viernes 3 de marzo a partir de las 18:00h se realizar\u00e1 una<strong> Exhibici\u00f3n de Rob\u00f3tica<\/strong> en el <a href=\"http:\/\/www.hotel-castilla.com\/es\/\" target=\"_blank\">Hotel Castilla<\/a>.<\/p>\n<p>Esta exhibici\u00f3n la realizar\u00e1n los tres equipos de los tres institutos de Torrijos que participaron en la<a href=\"http:\/\/www.firstlegoleague.es\/\" target=\"_blank\"><strong> First Lego League<\/strong><\/a> \u00a0y el equipo de los ni\u00f1os y ni\u00f1as de primaria del <strong>Colegio Villa de Torrijos<\/strong> apuntados a las <strong>actividaes extraescolares de <a href=\"http:\/\/www.xplorers360.com\/\" target=\"_blank\">Robotix<\/a><\/strong>, que se han ofertado este curso por primera vez.<\/p>\n<p><a href=\"http:\/\/davidperezalonso.com\/blog\/wp-content\/uploads\/2017\/02\/First.Lego_.league.uclm_.jpg\"><img loading=\"lazy\" decoding=\"async\" class=\"alignnone wp-image-956 size-full\" src=\"http:\/\/davidperezalonso.com\/blog\/wp-content\/uploads\/2017\/02\/First.Lego_.league.uclm_.jpg\" width=\"577\" height=\"350\" srcset=\"https:\/\/davidperezalonso.com\/blog\/wp-content\/uploads\/2017\/02\/First.Lego_.league.uclm_.jpg 577w, https:\/\/davidperezalonso.com\/blog\/wp-content\/uploads\/2017\/02\/First.Lego_.league.uclm_-300x182.jpg 300w, https:\/\/davidperezalonso.com\/blog\/wp-content\/uploads\/2017\/02\/First.Lego_.league.uclm_-495x300.jpg 495w\" sizes=\"auto, (max-width: 577px) 100vw, 577px\" \/><\/a><\/p>\n<p>Este a\u00f1o, gracias al patrocinio de la empresa de Torrijos<a href=\"http:\/\/www.zadecon.es\/\" target=\"_blank\"><strong> Zadec\u00f3n Ingenier\u00eda de la Producci\u00f3n Industrial<\/strong><\/a>, y del esfuerzo de los chicos y de los profesores de ESO y bachillerato de los tres centros de Torrijos, han podido participar en la <a href=\"https:\/\/revistaelzoco.com\/institutos-torrijenos-first-lego-league\/\" target=\"_blank\">competici\u00f3n de rob\u00f3tica de Lego que se disput\u00f3 en Toledo<\/a>, como pod\u00e9is ver en estos art\u00edculos, aunque el resultado final dej\u00f3 un <a href=\"https:\/\/revistaelzoco.com\/uclm-no-revisa-resultados-torneo-fll-vinder\/\" target=\"_blank\">mal sabor de boca<\/a>.<\/p>\n<p>Como bien nos explican, el objeto de esta cita es:<\/p>\n<div id=\"js_ai\" class=\"_5pbx userContent\" data-ft=\"{&quot;tn&quot;:&quot;K&quot;}\">\n<div id=\"id_58a8041ae00558878590521\" class=\"text_exposed_root text_exposed\">\n<div class=\"text_exposed_show\">\n<p>&#8211; Que los j\u00f3venes muestren lo aprendido a padres y amigos.<br \/>\n&#8211; Que los distintos equipos compartan sus mejores avances para que todos tengan lo mejor de cada uno y experimenten un salto en conocimiento y colaboraci\u00f3n.<br \/>\n&#8211; Que nos cuenten c\u00f3mo se iniciaron y desarrollaron sus avances sin conocimientos previos.<\/p>\n<p>PARA FOMENTAR LA VOCACI\u00d3N CIENT\u00cdFICA Y TECNOL\u00d3GICA EN NUESTRO MUNICIPIO.<a href=\"http:\/\/davidperezalonso.com\/blog\/wp-content\/uploads\/2017\/02\/gal_gr_competicion_robotica_lego_4_3.jpg\"><img loading=\"lazy\" decoding=\"async\" class=\"alignnone size-full wp-image-955\" src=\"http:\/\/davidperezalonso.com\/blog\/wp-content\/uploads\/2017\/02\/gal_gr_competicion_robotica_lego_4_3.jpg\" alt=\"\" width=\"566\" height=\"350\" srcset=\"https:\/\/davidperezalonso.com\/blog\/wp-content\/uploads\/2017\/02\/gal_gr_competicion_robotica_lego_4_3.jpg 566w, https:\/\/davidperezalonso.com\/blog\/wp-content\/uploads\/2017\/02\/gal_gr_competicion_robotica_lego_4_3-300x186.jpg 300w, https:\/\/davidperezalonso.com\/blog\/wp-content\/uploads\/2017\/02\/gal_gr_competicion_robotica_lego_4_3-485x300.jpg 485w\" sizes=\"auto, (max-width: 566px) 100vw, 566px\" \/><\/a><\/p>\n<p>Personalmente celebro todas estas iniciativas y las ganas que se echan. El a\u00f1o pasado impart\u00ed un peque\u00f1o<a href=\"http:\/\/davidperezalonso.com\/blog\/taller-iniciacion-a-robotica-programacion-y-electronica-en-semana-juventud-y-deporte-torrijos\/\" target=\"_blank\"> taller de arduino en la Semana de la Juventud<\/a> (alguno de estos chavales que han concursado estuvieron presentes y ven\u00edan muy bien \u00abense\u00f1ados\u00bb por su profe <strong>Juan Jos\u00e9 Ruano<\/strong>), y para la edici\u00f3n de este a\u00f1o ya avis\u00e9 que contaran conmigo. Todo lo que sea despertar vocaciones y colaboran con este tipo de proyectos va conmigo, y buneo, nunca se sabe a qui\u00e9n tendr\u00e9 como alumno despu\u00e9s.<\/p>\n<p><em>(Fotos Jos\u00e9 Agust\u00edn Cruelles)<\/em><\/p>\n<\/div>\n<\/div>\n<\/div>\n<div class=\"_3x-2\"><\/div>\n<p>&nbsp;<\/p>\n","protected":false},"excerpt":{"rendered":"<p>Pues s\u00ed, parece que hay movimiento en mi pueblo para fomentar, promover y crear el esp\u00edritu cient\u00edfico tecnol\u00f3gico que la sociedad actual demanda. El pr\u00f3ximo viernes 3 de marzo a partir de las 18:00h&#46;&#46;&#46;<\/p>\n","protected":false},"author":1,"featured_media":956,"comment_status":"open","ping_status":"closed","sticky":false,"template":"","format":"standard","meta":{"footnotes":""},"categories":[304],"tags":[308,309,310,111],"class_list":["post-952","post","type-post","status-publish","format-standard","has-post-thumbnail","hentry","category-congresos-eventos-ferias","tag-arduinos","tag-robotica","tag-tecnologia","tag-torrijos"],"yoast_head":"<!-- This site is optimized with the Yoast SEO plugin v27.0 - https:\/\/yoast.com\/product\/yoast-seo-wordpress\/ -->\n<title>Exhibici\u00f3n Rob\u00f3tica en Torrijos - viernes 3 de marzo - 18h &#8211; Blog Docente - David P\u00e9rez Alonso<\/title>\n<meta name=\"robots\" content=\"index, follow, max-snippet:-1, max-image-preview:large, max-video-preview:-1\" \/>\n<link rel=\"canonical\" href=\"https:\/\/davidperezalonso.com\/blog\/exhibicion-robotica-en-torrijos-viernes-3-de-marzo-18h\/\" \/>\n<meta property=\"og:locale\" content=\"es_ES\" \/>\n<meta property=\"og:type\" content=\"article\" \/>\n<meta property=\"og:title\" content=\"Exhibici\u00f3n Rob\u00f3tica en Torrijos - viernes 3 de marzo - 18h &#8211; Blog Docente - David P\u00e9rez Alonso\" \/>\n<meta property=\"og:description\" content=\"Pues s\u00ed, parece que hay movimiento en mi pueblo para fomentar, promover y crear el esp\u00edritu cient\u00edfico tecnol\u00f3gico que la sociedad actual demanda. El pr\u00f3ximo viernes 3 de marzo a partir de las 18:00h&#046;&#046;&#046;\" \/>\n<meta property=\"og:url\" content=\"https:\/\/davidperezalonso.com\/blog\/exhibicion-robotica-en-torrijos-viernes-3-de-marzo-18h\/\" \/>\n<meta property=\"og:site_name\" content=\"Blog Docente - David P\u00e9rez Alonso\" \/>\n<meta property=\"article:published_time\" content=\"2017-02-20T12:12:15+00:00\" \/>\n<meta property=\"article:modified_time\" content=\"2017-06-20T12:49:02+00:00\" \/>\n<meta property=\"og:image\" content=\"https:\/\/davidperezalonso.com\/blog\/wp-content\/uploads\/2017\/02\/First.Lego_.league.uclm_.jpg\" \/>\n\t<meta property=\"og:image:width\" content=\"577\" \/>\n\t<meta property=\"og:image:height\" content=\"350\" \/>\n\t<meta property=\"og:image:type\" content=\"image\/jpeg\" \/>\n<meta name=\"author\" content=\"admin\" \/>\n<meta name=\"twitter:card\" content=\"summary_large_image\" \/>\n<meta name=\"twitter:creator\" content=\"@DavidPerezProfe\" \/>\n<meta name=\"twitter:site\" content=\"@DavidPerezProfe\" \/>\n<meta name=\"twitter:label1\" content=\"Escrito por\" \/>\n\t<meta name=\"twitter:data1\" content=\"admin\" \/>\n\t<meta name=\"twitter:label2\" content=\"Tiempo de lectura\" \/>\n\t<meta name=\"twitter:data2\" content=\"2 minutos\" \/>\n<script type=\"application\/ld+json\" class=\"yoast-schema-graph\">{\"@context\":\"https:\/\/schema.org\",\"@graph\":[{\"@type\":\"Article\",\"@id\":\"https:\/\/davidperezalonso.com\/blog\/exhibicion-robotica-en-torrijos-viernes-3-de-marzo-18h\/#article\",\"isPartOf\":{\"@id\":\"https:\/\/davidperezalonso.com\/blog\/exhibicion-robotica-en-torrijos-viernes-3-de-marzo-18h\/\"},\"author\":{\"name\":\"admin\",\"@id\":\"https:\/\/davidperezalonso.com\/blog\/#\/schema\/person\/1db0dd27700572c6ed41e705a69f7fc3\"},\"headline\":\"Exhibici\u00f3n Rob\u00f3tica en Torrijos &#8211; viernes 3 de marzo &#8211; 18h\",\"datePublished\":\"2017-02-20T12:12:15+00:00\",\"dateModified\":\"2017-06-20T12:49:02+00:00\",\"mainEntityOfPage\":{\"@id\":\"https:\/\/davidperezalonso.com\/blog\/exhibicion-robotica-en-torrijos-viernes-3-de-marzo-18h\/\"},\"wordCount\":366,\"commentCount\":2,\"image\":{\"@id\":\"https:\/\/davidperezalonso.com\/blog\/exhibicion-robotica-en-torrijos-viernes-3-de-marzo-18h\/#primaryimage\"},\"thumbnailUrl\":\"https:\/\/davidperezalonso.com\/blog\/wp-content\/uploads\/2017\/02\/First.Lego_.league.uclm_.jpg\",\"keywords\":[\"arduinos\",\"rob\u00f3tica\",\"tecnolog\u00eda\",\"Torrijos\"],\"articleSection\":[\"Congresos-Eventos-Ferias\"],\"inLanguage\":\"es\",\"potentialAction\":[{\"@type\":\"CommentAction\",\"name\":\"Comment\",\"target\":[\"https:\/\/davidperezalonso.com\/blog\/exhibicion-robotica-en-torrijos-viernes-3-de-marzo-18h\/#respond\"]}]},{\"@type\":\"WebPage\",\"@id\":\"https:\/\/davidperezalonso.com\/blog\/exhibicion-robotica-en-torrijos-viernes-3-de-marzo-18h\/\",\"url\":\"https:\/\/davidperezalonso.com\/blog\/exhibicion-robotica-en-torrijos-viernes-3-de-marzo-18h\/\",\"name\":\"Exhibici\u00f3n Rob\u00f3tica en Torrijos - viernes 3 de marzo - 18h &#8211; Blog Docente - David P\u00e9rez Alonso\",\"isPartOf\":{\"@id\":\"https:\/\/davidperezalonso.com\/blog\/#website\"},\"primaryImageOfPage\":{\"@id\":\"https:\/\/davidperezalonso.com\/blog\/exhibicion-robotica-en-torrijos-viernes-3-de-marzo-18h\/#primaryimage\"},\"image\":{\"@id\":\"https:\/\/davidperezalonso.com\/blog\/exhibicion-robotica-en-torrijos-viernes-3-de-marzo-18h\/#primaryimage\"},\"thumbnailUrl\":\"https:\/\/davidperezalonso.com\/blog\/wp-content\/uploads\/2017\/02\/First.Lego_.league.uclm_.jpg\",\"datePublished\":\"2017-02-20T12:12:15+00:00\",\"dateModified\":\"2017-06-20T12:49:02+00:00\",\"author\":{\"@id\":\"https:\/\/davidperezalonso.com\/blog\/#\/schema\/person\/1db0dd27700572c6ed41e705a69f7fc3\"},\"breadcrumb\":{\"@id\":\"https:\/\/davidperezalonso.com\/blog\/exhibicion-robotica-en-torrijos-viernes-3-de-marzo-18h\/#breadcrumb\"},\"inLanguage\":\"es\",\"potentialAction\":[{\"@type\":\"ReadAction\",\"target\":[\"https:\/\/davidperezalonso.com\/blog\/exhibicion-robotica-en-torrijos-viernes-3-de-marzo-18h\/\"]}]},{\"@type\":\"ImageObject\",\"inLanguage\":\"es\",\"@id\":\"https:\/\/davidperezalonso.com\/blog\/exhibicion-robotica-en-torrijos-viernes-3-de-marzo-18h\/#primaryimage\",\"url\":\"https:\/\/davidperezalonso.com\/blog\/wp-content\/uploads\/2017\/02\/First.Lego_.league.uclm_.jpg\",\"contentUrl\":\"https:\/\/davidperezalonso.com\/blog\/wp-content\/uploads\/2017\/02\/First.Lego_.league.uclm_.jpg\",\"width\":577,\"height\":350},{\"@type\":\"BreadcrumbList\",\"@id\":\"https:\/\/davidperezalonso.com\/blog\/exhibicion-robotica-en-torrijos-viernes-3-de-marzo-18h\/#breadcrumb\",\"itemListElement\":[{\"@type\":\"ListItem\",\"position\":1,\"name\":\"Portada\",\"item\":\"https:\/\/davidperezalonso.com\/blog\/\"},{\"@type\":\"ListItem\",\"position\":2,\"name\":\"Exhibici\u00f3n Rob\u00f3tica en Torrijos &#8211; viernes 3 de marzo &#8211; 18h\"}]},{\"@type\":\"WebSite\",\"@id\":\"https:\/\/davidperezalonso.com\/blog\/#website\",\"url\":\"https:\/\/davidperezalonso.com\/blog\/\",\"name\":\"Blog Docente - David P\u00e9rez Alonso\",\"description\":\"Blog sobre mis clases y docencia en Formaci\u00f3n Profesional, Bachillerato y ESO\",\"potentialAction\":[{\"@type\":\"SearchAction\",\"target\":{\"@type\":\"EntryPoint\",\"urlTemplate\":\"https:\/\/davidperezalonso.com\/blog\/?s={search_term_string}\"},\"query-input\":{\"@type\":\"PropertyValueSpecification\",\"valueRequired\":true,\"valueName\":\"search_term_string\"}}],\"inLanguage\":\"es\"},{\"@type\":\"Person\",\"@id\":\"https:\/\/davidperezalonso.com\/blog\/#\/schema\/person\/1db0dd27700572c6ed41e705a69f7fc3\",\"name\":\"admin\",\"image\":{\"@type\":\"ImageObject\",\"inLanguage\":\"es\",\"@id\":\"https:\/\/davidperezalonso.com\/blog\/#\/schema\/person\/image\/\",\"url\":\"https:\/\/secure.gravatar.com\/avatar\/6da540181b6cb9cf154bdd6b50f2e5989f30a6be1d7ad004e44593af540b72dd?s=96&d=mm&r=g\",\"contentUrl\":\"https:\/\/secure.gravatar.com\/avatar\/6da540181b6cb9cf154bdd6b50f2e5989f30a6be1d7ad004e44593af540b72dd?s=96&d=mm&r=g\",\"caption\":\"admin\"},\"description\":\"Ingeniero T\u00e9cnico de Telecomunicaci\u00f3n (Especialidad en Sonido e Imagen) por la Universidad Polit\u00e9cnica de Madrid (1997). Experiencia laboral de siete a\u00f1os en el departamento de I+D de la multinacional LIPMAN (Hw\/Sw) pero cambi\u00f3 de nombre y ahora sabr\u00e9is de ella por VERIFONE. Despu\u00e9s trabaj\u00e9 unos 4 a\u00f1os en un centro de Formaci\u00f3n realizando cursos de formaci\u00f3n On-line y mixta en \u00e1reas relacionadas con la inform\u00e1tica, programaci\u00f3n web, I+D, etc. Desde el a\u00f1o 2010 pertenezco al Departamento de Inform\u00e1tica de la UEM como profesor de Ciclos Formativos de Grado Superior en STI y ASIR (\\\"teleco\\\" e inform\u00e1tica), as\u00ed que si est\u00e1is viendo este perfil, o bien sois compa\u00f1erxs o alumnxs.\"}]}<\/script>\n<!-- \/ Yoast SEO plugin. -->","yoast_head_json":{"title":"Exhibici\u00f3n Rob\u00f3tica en Torrijos - viernes 3 de marzo - 18h &#8211; Blog Docente - David P\u00e9rez Alonso","robots":{"index":"index","follow":"follow","max-snippet":"max-snippet:-1","max-image-preview":"max-image-preview:large","max-video-preview":"max-video-preview:-1"},"canonical":"https:\/\/davidperezalonso.com\/blog\/exhibicion-robotica-en-torrijos-viernes-3-de-marzo-18h\/","og_locale":"es_ES","og_type":"article","og_title":"Exhibici\u00f3n Rob\u00f3tica en Torrijos - viernes 3 de marzo - 18h &#8211; Blog Docente - David P\u00e9rez Alonso","og_description":"Pues s\u00ed, parece que hay movimiento en mi pueblo para fomentar, promover y crear el esp\u00edritu cient\u00edfico tecnol\u00f3gico que la sociedad actual demanda. El pr\u00f3ximo viernes 3 de marzo a partir de las 18:00h&#46;&#46;&#46;","og_url":"https:\/\/davidperezalonso.com\/blog\/exhibicion-robotica-en-torrijos-viernes-3-de-marzo-18h\/","og_site_name":"Blog Docente - David P\u00e9rez Alonso","article_published_time":"2017-02-20T12:12:15+00:00","article_modified_time":"2017-06-20T12:49:02+00:00","og_image":[{"width":577,"height":350,"url":"https:\/\/davidperezalonso.com\/blog\/wp-content\/uploads\/2017\/02\/First.Lego_.league.uclm_.jpg","type":"image\/jpeg"}],"author":"admin","twitter_card":"summary_large_image","twitter_creator":"@DavidPerezProfe","twitter_site":"@DavidPerezProfe","twitter_misc":{"Escrito por":"admin","Tiempo de lectura":"2 minutos"},"schema":{"@context":"https:\/\/schema.org","@graph":[{"@type":"Article","@id":"https:\/\/davidperezalonso.com\/blog\/exhibicion-robotica-en-torrijos-viernes-3-de-marzo-18h\/#article","isPartOf":{"@id":"https:\/\/davidperezalonso.com\/blog\/exhibicion-robotica-en-torrijos-viernes-3-de-marzo-18h\/"},"author":{"name":"admin","@id":"https:\/\/davidperezalonso.com\/blog\/#\/schema\/person\/1db0dd27700572c6ed41e705a69f7fc3"},"headline":"Exhibici\u00f3n Rob\u00f3tica en Torrijos &#8211; viernes 3 de marzo &#8211; 18h","datePublished":"2017-02-20T12:12:15+00:00","dateModified":"2017-06-20T12:49:02+00:00","mainEntityOfPage":{"@id":"https:\/\/davidperezalonso.com\/blog\/exhibicion-robotica-en-torrijos-viernes-3-de-marzo-18h\/"},"wordCount":366,"commentCount":2,"image":{"@id":"https:\/\/davidperezalonso.com\/blog\/exhibicion-robotica-en-torrijos-viernes-3-de-marzo-18h\/#primaryimage"},"thumbnailUrl":"https:\/\/davidperezalonso.com\/blog\/wp-content\/uploads\/2017\/02\/First.Lego_.league.uclm_.jpg","keywords":["arduinos","rob\u00f3tica","tecnolog\u00eda","Torrijos"],"articleSection":["Congresos-Eventos-Ferias"],"inLanguage":"es","potentialAction":[{"@type":"CommentAction","name":"Comment","target":["https:\/\/davidperezalonso.com\/blog\/exhibicion-robotica-en-torrijos-viernes-3-de-marzo-18h\/#respond"]}]},{"@type":"WebPage","@id":"https:\/\/davidperezalonso.com\/blog\/exhibicion-robotica-en-torrijos-viernes-3-de-marzo-18h\/","url":"https:\/\/davidperezalonso.com\/blog\/exhibicion-robotica-en-torrijos-viernes-3-de-marzo-18h\/","name":"Exhibici\u00f3n Rob\u00f3tica en Torrijos - viernes 3 de marzo - 18h &#8211; Blog Docente - David P\u00e9rez Alonso","isPartOf":{"@id":"https:\/\/davidperezalonso.com\/blog\/#website"},"primaryImageOfPage":{"@id":"https:\/\/davidperezalonso.com\/blog\/exhibicion-robotica-en-torrijos-viernes-3-de-marzo-18h\/#primaryimage"},"image":{"@id":"https:\/\/davidperezalonso.com\/blog\/exhibicion-robotica-en-torrijos-viernes-3-de-marzo-18h\/#primaryimage"},"thumbnailUrl":"https:\/\/davidperezalonso.com\/blog\/wp-content\/uploads\/2017\/02\/First.Lego_.league.uclm_.jpg","datePublished":"2017-02-20T12:12:15+00:00","dateModified":"2017-06-20T12:49:02+00:00","author":{"@id":"https:\/\/davidperezalonso.com\/blog\/#\/schema\/person\/1db0dd27700572c6ed41e705a69f7fc3"},"breadcrumb":{"@id":"https:\/\/davidperezalonso.com\/blog\/exhibicion-robotica-en-torrijos-viernes-3-de-marzo-18h\/#breadcrumb"},"inLanguage":"es","potentialAction":[{"@type":"ReadAction","target":["https:\/\/davidperezalonso.com\/blog\/exhibicion-robotica-en-torrijos-viernes-3-de-marzo-18h\/"]}]},{"@type":"ImageObject","inLanguage":"es","@id":"https:\/\/davidperezalonso.com\/blog\/exhibicion-robotica-en-torrijos-viernes-3-de-marzo-18h\/#primaryimage","url":"https:\/\/davidperezalonso.com\/blog\/wp-content\/uploads\/2017\/02\/First.Lego_.league.uclm_.jpg","contentUrl":"https:\/\/davidperezalonso.com\/blog\/wp-content\/uploads\/2017\/02\/First.Lego_.league.uclm_.jpg","width":577,"height":350},{"@type":"BreadcrumbList","@id":"https:\/\/davidperezalonso.com\/blog\/exhibicion-robotica-en-torrijos-viernes-3-de-marzo-18h\/#breadcrumb","itemListElement":[{"@type":"ListItem","position":1,"name":"Portada","item":"https:\/\/davidperezalonso.com\/blog\/"},{"@type":"ListItem","position":2,"name":"Exhibici\u00f3n Rob\u00f3tica en Torrijos &#8211; viernes 3 de marzo &#8211; 18h"}]},{"@type":"WebSite","@id":"https:\/\/davidperezalonso.com\/blog\/#website","url":"https:\/\/davidperezalonso.com\/blog\/","name":"Blog Docente - David P\u00e9rez Alonso","description":"Blog sobre mis clases y docencia en Formaci\u00f3n Profesional, Bachillerato y ESO","potentialAction":[{"@type":"SearchAction","target":{"@type":"EntryPoint","urlTemplate":"https:\/\/davidperezalonso.com\/blog\/?s={search_term_string}"},"query-input":{"@type":"PropertyValueSpecification","valueRequired":true,"valueName":"search_term_string"}}],"inLanguage":"es"},{"@type":"Person","@id":"https:\/\/davidperezalonso.com\/blog\/#\/schema\/person\/1db0dd27700572c6ed41e705a69f7fc3","name":"admin","image":{"@type":"ImageObject","inLanguage":"es","@id":"https:\/\/davidperezalonso.com\/blog\/#\/schema\/person\/image\/","url":"https:\/\/secure.gravatar.com\/avatar\/6da540181b6cb9cf154bdd6b50f2e5989f30a6be1d7ad004e44593af540b72dd?s=96&d=mm&r=g","contentUrl":"https:\/\/secure.gravatar.com\/avatar\/6da540181b6cb9cf154bdd6b50f2e5989f30a6be1d7ad004e44593af540b72dd?s=96&d=mm&r=g","caption":"admin"},"description":"Ingeniero T\u00e9cnico de Telecomunicaci\u00f3n (Especialidad en Sonido e Imagen) por la Universidad Polit\u00e9cnica de Madrid (1997). Experiencia laboral de siete a\u00f1os en el departamento de I+D de la multinacional LIPMAN (Hw\/Sw) pero cambi\u00f3 de nombre y ahora sabr\u00e9is de ella por VERIFONE. Despu\u00e9s trabaj\u00e9 unos 4 a\u00f1os en un centro de Formaci\u00f3n realizando cursos de formaci\u00f3n On-line y mixta en \u00e1reas relacionadas con la inform\u00e1tica, programaci\u00f3n web, I+D, etc. Desde el a\u00f1o 2010 pertenezco al Departamento de Inform\u00e1tica de la UEM como profesor de Ciclos Formativos de Grado Superior en STI y ASIR (\"teleco\" e inform\u00e1tica), as\u00ed que si est\u00e1is viendo este perfil, o bien sois compa\u00f1erxs o alumnxs."}]}},"_links":{"self":[{"href":"https:\/\/davidperezalonso.com\/blog\/wp-json\/wp\/v2\/posts\/952","targetHints":{"allow":["GET"]}}],"collection":[{"href":"https:\/\/davidperezalonso.com\/blog\/wp-json\/wp\/v2\/posts"}],"about":[{"href":"https:\/\/davidperezalonso.com\/blog\/wp-json\/wp\/v2\/types\/post"}],"author":[{"embeddable":true,"href":"https:\/\/davidperezalonso.com\/blog\/wp-json\/wp\/v2\/users\/1"}],"replies":[{"embeddable":true,"href":"https:\/\/davidperezalonso.com\/blog\/wp-json\/wp\/v2\/comments?post=952"}],"version-history":[{"count":4,"href":"https:\/\/davidperezalonso.com\/blog\/wp-json\/wp\/v2\/posts\/952\/revisions"}],"predecessor-version":[{"id":958,"href":"https:\/\/davidperezalonso.com\/blog\/wp-json\/wp\/v2\/posts\/952\/revisions\/958"}],"wp:featuredmedia":[{"embeddable":true,"href":"https:\/\/davidperezalonso.com\/blog\/wp-json\/wp\/v2\/media\/956"}],"wp:attachment":[{"href":"https:\/\/davidperezalonso.com\/blog\/wp-json\/wp\/v2\/media?parent=952"}],"wp:term":[{"taxonomy":"category","embeddable":true,"href":"https:\/\/davidperezalonso.com\/blog\/wp-json\/wp\/v2\/categories?post=952"},{"taxonomy":"post_tag","embeddable":true,"href":"https:\/\/davidperezalonso.com\/blog\/wp-json\/wp\/v2\/tags?post=952"}],"curies":[{"name":"wp","href":"https:\/\/api.w.org\/{rel}","templated":true}]}}